{"id":81553,"date":"2024-08-16T15:14:00","date_gmt":"2024-08-16T12:14:00","guid":{"rendered":"https:\/\/new.mavikadin.com\/?p=81553"},"modified":"2024-09-17T19:08:02","modified_gmt":"2024-09-17T16:08:02","slug":"gozeneklerden-kurtulun-burun-bolgesinde-temiz-ve-puruzsuz-cildin-sirri","status":"publish","type":"post","link":"https:\/\/www.tgrthaber.com\/mavikadin\/gozeneklerden-kurtulun-burun-bolgesinde-temiz-ve-puruzsuz-cildin-sirri\/","title":{"rendered":"G\u00f6zeneklerden kurtulun: Burun b\u00f6lgesinde temiz ve p\u00fcr\u00fczs\u00fcz cildin s\u0131rr\u0131"},"content":{"rendered":"<p>Parlak ve p\u00fcr\u00fczs\u00fcz bir cilde sahip olmak hepimizin hayali, ancak burun \u00fczerindeki g\u00f6zenekler ve siyah noktalar bu hayale g\u00f6lge d\u00fc\u015f\u00fcrebiliyor. Peki burundaki g\u00f6zenekler nas\u0131l kapan\u0131r? Detaylar i\u00e7eri\u011fimizde&#8230;<\/p>\n<p>Hepimizin cildi, &ouml;zellikle burun b&ouml;lgesi, zamanla t\u0131kanan g&ouml;zenekler ve can s\u0131k\u0131c\u0131 siyah noktalarla ba\u015f etmek zorunda kal\u0131r. Peki, burundaki g&ouml;zenekler nas\u0131l kapan\u0131r? \u0130\u015fte evde uygulayabilece\u011finiz pratik &ouml;neriler&hellip;<\/p>\n<h3><strong>BURUNDAK\u0130 G&Ouml;ZENEKLER NEDEN B&Uuml;Y&Uuml;R?<\/strong><\/h3>\n<p>Dermatolog Doktor Nezih Karaca&#8217;n\u0131n Youtube kanal\u0131ndan edinilen bilgiye g&ouml;re, hepimizin cildinde ya\u011f bezeleri yani sebum dedi\u011fimiz ya\u011f\u0131ms\u0131 bir materyal &uuml;reten bezecikler vard\u0131r. G&ouml;zeneklerin ortaya &ccedil;\u0131kmas\u0131ndaki nedene, bu ya\u011f bezelerinin &ccedil;ok &ccedil;al\u0131\u015fmas\u0131 sebep olur. Normalden fazla &ccedil;al\u0131\u015fan ya\u011f bezeleri &ccedil;ok ya\u011f &uuml;retir, cildimizde bunu atmak ister. Ne kadar &ccedil;ok ya\u011f bezeniz &ccedil;al\u0131\u015f\u0131yorsa, &ccedil;al\u0131\u015fan b&ouml;lgede g&ouml;zenekler okadar fazla ortaya &ccedil;\u0131kar.&nbsp;<\/p>\n<p>G&ouml;zeneklerin i&ccedil;i ya\u011f, kir ve &ouml;l&uuml; h&uuml;crelerle doldu\u011funda, siyah noktalar olu\u015fur ve bu da cildin p&uuml;r&uuml;zs&uuml;z g&ouml;r&uuml;n&uuml;m&uuml;n&uuml; bozar. Ayr\u0131ca, genetik fakt&ouml;rler ve ya\u015flanma gibi etkenler de g&ouml;zeneklerin daha fazla belirginle\u015fmesine neden olabilir.<\/p>\n<h3><strong>BURUNDAK\u0130 S\u0130YAH NOKTA G&Ouml;ZENEKLER\u0130 NASIL KAPANIR?<\/strong><\/h3>\n<p>G&ouml;zeneklerin temizlenmesi asl\u0131nda d&uuml;\u015f&uuml;nd&uuml;\u011f&uuml;n&uuml;z kadar zor de\u011fil. \u0130lk olarak, g&uuml;nl&uuml;k cilt temizli\u011fi ile i\u015fe ba\u015flayabilirsiniz. Sabah ve ak\u015fam olmak &uuml;zere g&uuml;nde iki kez cildinizi nazik bir temizleyici ile y\u0131kamak, kir ve ya\u011f\u0131 temizleyerek g&ouml;zeneklerin t\u0131kanmas\u0131n\u0131 &ouml;nler. Bu, g&ouml;zeneklerin daha az fark edilmesini de sa\u011flayabilir.<\/p>\n<p>Haftada bir veya iki kez yapaca\u011f\u0131n\u0131z hafif bir peeling de cildinizi canland\u0131r\u0131r. Peeling, &ouml;l&uuml; cilt h&uuml;crelerini temizleyerek g&ouml;zeneklerin daha temiz ve sa\u011fl\u0131kl\u0131 g&ouml;r&uuml;nmesini sa\u011flar. Ancak, cildinize zarar vermemek i&ccedil;in nazik olman\u0131z gerekti\u011fini unutmay\u0131n.<\/p>\n<p>Ayr\u0131ca, kil maskeleri ve aktif k&ouml;m&uuml;r i&ccedil;eren maskeler, g&ouml;zeneklerdeki fazla ya\u011f\u0131 ve kiri &ccedil;ekerek etkili bir temizlik sa\u011flar. Bu maskeleri haftal\u0131k rutininize eklemek, g&ouml;zeneklerin temizlenmesine b&uuml;y&uuml;k katk\u0131 sa\u011flayabilir.<\/p>\n<p><img decoding=\"async\" src=\"https:\/\/www.tgrthaber.com\/mavikadin\/wp-content\/images\/haberler\/24-08\/09\/ekran-resmi-2024-08-09-235219.png\" alt=\"\" title=\"\"><\/p>\n<h3><strong>G&Ouml;ZENEK G&Ouml;R&Uuml;N&Uuml;M&Uuml; NASIL AZALTILIR?<\/strong><\/h3>\n<p>Cildinizi en iyi siz tan\u0131rs\u0131n\u0131z. E\u011fer ya\u011fl\u0131 bir cildiniz varsa, salisilik asit i&ccedil;eren temizleyiciler, cildinizdeki fazla ya\u011f\u0131 kontrol alt\u0131na alarak g&ouml;zeneklerin t\u0131kanmas\u0131n\u0131 &ouml;nleyebilir. E\u011fer cildiniz kuruysa, nemlendirici &ouml;zellikteki temizleyiciler tam size g&ouml;re. Bu &uuml;r&uuml;nleri kullanmadan &ouml;nce, cilt tipinizi analiz ettirip, mutlaka doktorunuza ba\u015fvurun.&nbsp;<\/p>\n<p>Cildinizi d&uuml;zenli olarak temizlemek ve uygun &uuml;r&uuml;nleri kullanmak, g&ouml;zeneklerin temizlenmesinde ve siyah nokta olu\u015fumunun &ouml;nlenmesinde b&uuml;y&uuml;k rol oynar. Ayr\u0131ca, gece makyaj\u0131n\u0131z\u0131 temizlemeden yatmamak, g&ouml;zeneklerin t\u0131kanmas\u0131n\u0131 &ouml;nlemek i&ccedil;in &ouml;nemli bir ad\u0131md\u0131r.<\/p>\n<p>Burun &uuml;zerindeki g&ouml;zeneklerin ve siyah noktalar\u0131n sizi rahats\u0131z etmesine izin vermeyin. D&uuml;zenli cilt bak\u0131m\u0131 ve do\u011fru &uuml;r&uuml;nlerle, cildinizin daha p&uuml;r&uuml;zs&uuml;z ve sa\u011fl\u0131kl\u0131 g&ouml;r&uuml;nmesini sa\u011flayabilirsiniz. Unutmay\u0131n, cildiniz sizin ilgilenmenizi hak ediyor. G&ouml;zeneklerinize gereken &ouml;zeni g&ouml;sterin, sonu&ccedil;lar\u0131n\u0131 siz de g&ouml;receksiniz!<\/p>\n<p>&nbsp;<\/p><\/p>\n","protected":false},"excerpt":{"rendered":"<p>Parlak ve p\u00fcr\u00fczs\u00fcz bir cilde sahip olmak hepimizin hayali, ancak burun \u00fczerindeki g\u00f6zenekler ve siyah noktalar bu hayale g\u00f6lge d\u00fc\u015f\u00fcrebiliyor. Peki burundaki g\u00f6zenekler nas\u0131l kapan\u0131r? Detaylar i\u00e7eri\u011fimizde&#8230; Hepimizin cildi, &ouml;zellikle burun b&ouml;lgesi, zamanla t\u0131kanan g&ouml;zenekler ve can s\u0131k\u0131c\u0131 siyah noktalarla ba\u015f etmek zorunda kal\u0131r. Peki, burundaki g&ouml;zenekler nas\u0131l kapan\u0131r? \u0130\u015fte evde uygulayabilece\u011finiz pratik &ouml;neriler&hellip; BURUNDAK\u0130 [&hellip;]<\/p>\n","protected":false},"author":16,"featured_media":81552,"comment_status":"closed","ping_status":"open","sticky":false,"template":"","format":"standard","meta":{"rank_math_lock_modified_date":false,"footnotes":""},"categories":[95],"tags":[28051,3836,23696,15382,44428],"class_list":["post-81553","post","type-post","status-publish","format-standard","has-post-thumbnail","hentry","category-guzellik","tag-burun-gozenekleri","tag-cilt-bakimi","tag-cilt-temizligi","tag-gozenek","tag-siyah-nokta"],"_links":{"self":[{"href":"https:\/\/www.tgrthaber.com\/mavikadin\/wp-json\/wp\/v2\/posts\/81553"}],"collection":[{"href":"https:\/\/www.tgrthaber.com\/mavikadin\/wp-json\/wp\/v2\/posts"}],"about":[{"href":"https:\/\/www.tgrthaber.com\/mavikadin\/wp-json\/wp\/v2\/types\/post"}],"author":[{"embeddable":true,"href":"https:\/\/www.tgrthaber.com\/mavikadin\/wp-json\/wp\/v2\/users\/16"}],"replies":[{"embeddable":true,"href":"https:\/\/www.tgrthaber.com\/mavikadin\/wp-json\/wp\/v2\/comments?post=81553"}],"version-history":[{"count":1,"href":"https:\/\/www.tgrthaber.com\/mavikadin\/wp-json\/wp\/v2\/posts\/81553\/revisions"}],"predecessor-version":[{"id":81554,"href":"https:\/\/www.tgrthaber.com\/mavikadin\/wp-json\/wp\/v2\/posts\/81553\/revisions\/81554"}],"wp:featuredmedia":[{"embeddable":true,"href":"https:\/\/www.tgrthaber.com\/mavikadin\/wp-json\/wp\/v2\/media\/81552"}],"wp:attachment":[{"href":"https:\/\/www.tgrthaber.com\/mavikadin\/wp-json\/wp\/v2\/media?parent=81553"}],"wp:term":[{"taxonomy":"category","embeddable":true,"href":"https:\/\/www.tgrthaber.com\/mavikadin\/wp-json\/wp\/v2\/categories?post=81553"},{"taxonomy":"post_tag","embeddable":true,"href":"https:\/\/www.tgrthaber.com\/mavikadin\/wp-json\/wp\/v2\/tags?post=81553"}],"curies":[{"name":"wp","href":"https:\/\/api.w.org\/{rel}","templated":true}]}}