{"id":81577,"date":"2024-08-16T15:42:19","date_gmt":"2024-08-16T12:42:19","guid":{"rendered":"https:\/\/new.mavikadin.com\/?p=81577"},"modified":"2024-09-17T19:09:23","modified_gmt":"2024-09-17T16:09:23","slug":"nihat-doganin-bekar-evinin-goruntuleri-sasirtti-luks-hayattan-vazgecti-mutevazi-bir-yasami-secti","status":"publish","type":"post","link":"https:\/\/www.tgrthaber.com\/mavikadin\/nihat-doganin-bekar-evinin-goruntuleri-sasirtti-luks-hayattan-vazgecti-mutevazi-bir-yasami-secti\/","title":{"rendered":"Nihat Do\u011fan&#8217;\u0131n bekar evinin g\u00f6r\u00fcnt\u00fcleri \u015fa\u015f\u0131rtt\u0131: L\u00fcks hayattan vazge\u00e7ti m\u00fctevazi bir ya\u015fam\u0131 se\u00e7ti"},"content":{"rendered":"<p>Nihat Do\u011fan, 2 y\u0131l \u00f6nce ger\u00e7ekle\u015ftirdi\u011fi evlili\u011fini ge\u00e7ti\u011fimiz aylarda sonland\u0131rarak yeni bir ba\u015flang\u0131\u00e7 yapt\u0131. Do\u011fan&#8217;\u0131n yeni ya\u015fam\u0131ndaki bekar evine ait ilk g\u00f6r\u00fcnt\u00fcler de g\u00fcn y\u00fcz\u00fcne \u00e7\u0131kt\u0131.<\/p>\n<p>Bekar hayat\u0131na h\u0131zl\u0131 bir ge&ccedil;i\u015f yapan \u015fark\u0131c\u0131 Nihat Do\u011fan, yeni evinin kap\u0131lar\u0131n\u0131 a&ccedil;t\u0131. Aile hayat\u0131na g&ouml;re olduk&ccedil;a k&uuml;&ccedil;&uuml;k bir ev tercih eden &uuml;nl&uuml; isim, bekar eviyle g&uuml;ndem oldu.<\/p>\n<h3><strong>N\u0130HAT DO\u011eAN&#8217;IN M&Uuml;TEVAZ\u0130 BEKAR EV\u0130<\/strong><\/h3>\n<p>Nihat Do\u011fan, \u0130ranl\u0131 hayran\u0131 Arezoo Gharlar ile 2022&#8217;nin A\u011fustos ay\u0131nda evlenmi\u015f ancak bu birliktelik ge&ccedil;ti\u011fimiz May\u0131s ay\u0131nda sona ermi\u015fti.<\/p>\n<p>\u0130ki y\u0131l s&uuml;ren evliliklerinde &ccedil;iftin Amin Badikan ad\u0131nda bir o\u011fullar\u0131 d&uuml;nyaya gelmi\u015fti fakat &ccedil;ocuk sahibi olmalar\u0131na ra\u011fmen, &ccedil;iftin iki y\u0131ll\u0131k evlili\u011fi sona ermekten kurtulamad\u0131.<\/p>\n<p>Kanal D&#8217;nin &#8220;Ev Gezmesi&#8221; program\u0131n\u0131 sunan Evrim Ak\u0131n, Nihat Do\u011fan&#8217;\u0131n bo\u015fanmas\u0131n\u0131n ard\u0131ndan ta\u015f\u0131nd\u0131\u011f\u0131 bekar evini ziyaret etti.<\/p>\n<p>Nihat Do\u011fan&#8217;\u0131n yeni evi, a&ccedil;\u0131k mutfak ve salonun birle\u015fiminden olu\u015fuyor. Ev, toplamda 2 oda ve 1 salon olarak tasarlanm\u0131\u015f. &Ouml;nceki ya\u015fam\u0131na k\u0131yasla, bu ev olduk&ccedil;a m&uuml;tevazi bir ya\u015fam alan\u0131 olarak dikkat &ccedil;ekiyor.<\/p>\n<p><img decoding=\"async\" src=\"https:\/\/www.tgrthaber.com\/mavikadin\/wp-content\/images\/haberler\/24-08\/16\/unaawefrtitled-4.jpg\" alt=\"\" title=\"\"><\/p>\n<h3><strong>N\u0130HAT DO\u011eAN K\u0130MD\u0130R?<\/strong><\/h3>\n<p>Nihat Do\u011fan, 13 \u015eubat 1976&#8217;da \u0130stanbul&#8217;da d&uuml;nyaya geldi. Babas\u0131 Mehmet Do\u011fan&rsquo;\u0131n kuzeni Fatma ile evlili\u011finden do\u011fan Do\u011fan, on bir ya\u015f\u0131nda babas\u0131n\u0131 kaybetti. Ailesinin b&uuml;y&uuml;kleri taraf\u0131ndan Mu\u015f&#8217;a g&ouml;t&uuml;r&uuml;lmek istendi ancak \u0130stanbul&rsquo;da kalmay\u0131 tercih etti. Avc\u0131lar&rsquo;daki bir &ccedil;ay bah&ccedil;esinde \u015fark\u0131 s&ouml;ylemesi &uuml;zerine Almanya&#8217;da ya\u015fayan bir &ccedil;iftin &ouml;nerisiyle Almanya&#8217;ya gitti. Bir y\u0131l kald\u0131ktan sonra T&uuml;rkiye&#8217;ye d&ouml;nme karar\u0131 ald\u0131. M&uuml;zik kariyerine 1994 y\u0131l\u0131nda U\u011fur ve Burhan Bayar&rsquo;\u0131n &ouml;nderli\u011finde &ccedil;\u0131kard\u0131\u011f\u0131 K\u0131rd\u0131n Kalbimi alb&uuml;m&uuml;yle ba\u015flad\u0131. \u0130lk alb&uuml;m&uuml; b&uuml;y&uuml;k ilgi g&ouml;rd&uuml; ancak Bayar karde\u015flerle &ccedil;al\u0131\u015fmay\u0131 b\u0131rakt\u0131. 2005 y\u0131l\u0131nda Seda Sayan ile program yapt\u0131 ve 2008&#8217;de AKP Be\u015fikta\u015f il&ccedil;e ba\u015fkan yard\u0131mc\u0131l\u0131\u011f\u0131 g&ouml;revine getirildi. 2011 y\u0131l\u0131nda Recep Tayyip Erdo\u011fan ve bir grup sanat&ccedil;\u0131yla birlikte Somali&rsquo;yi ziyaret etti.<\/p>\n<p>Nihat Do\u011fan, Do\u011fu Anadolu ve G&uuml;neydo\u011fu Anadolu b&ouml;lgelerinin k&ouml;kl&uuml; a\u015firetlerinden Bad\u0131kan A\u015fireti&#8217;ne mensuptur. Bu a\u015firet, Mervaniler&rsquo;in kurucusu Bad&rsquo;a dayanmaktad\u0131r.<\/p>\n<p>2022 A\u011fustos ay\u0131nda \u0130ranl\u0131 hayran\u0131 Arezoo Gharlar ile evlenen Nihat Do\u011fan&rsquo;\u0131n 13 Ocak 2023&rsquo;te bir o\u011flu oldu. O\u011fluna, a\u015firetinin ad\u0131n\u0131 verdi\u011fi Bad\u0131kan ismini koydu. Bad\u0131kan, Fars&ccedil;a&#8217;da &#8216;R&uuml;zg&acirc;rdan gelen&#8217; anlam\u0131na gelir.<\/p>\n<p>Ayr\u0131ca Nihat Do\u011fan, kendini muhafazak&acirc;r demokrat olarak tan\u0131mlamaktad\u0131r. 2011 y\u0131l\u0131nda Acun Il\u0131cal\u0131&#8217;n\u0131n sundu\u011fu Survivor &Uuml;nl&uuml;ler-G&ouml;n&uuml;ll&uuml;ler yar\u0131\u015fmas\u0131nda ikinci oldu.<\/p>\n<p><img decoding=\"async\" src=\"https:\/\/www.tgrthaber.com\/mavikadin\/wp-content\/images\/haberler\/24-08\/16\/unaawefrtitled-4-1723812501.jpg\" alt=\"\" title=\"\"><\/p>\n<p><img decoding=\"async\" src=\"https:\/\/www.tgrthaber.com\/mavikadin\/wp-content\/images\/haberler\/24-08\/16\/untitled-5-1723812504.jpg\" alt=\"\" title=\"\"><\/p>\n<p>#vd-2002#<\/p>\n<p>&nbsp;<\/p>\n<p>&nbsp;<\/p>\n<p>&nbsp;<\/p>\n","protected":false},"excerpt":{"rendered":"<p>Nihat Do\u011fan, 2 y\u0131l \u00f6nce ger\u00e7ekle\u015ftirdi\u011fi evlili\u011fini ge\u00e7ti\u011fimiz aylarda sonland\u0131rarak yeni bir ba\u015flang\u0131\u00e7 yapt\u0131. Do\u011fan&#8217;\u0131n yeni ya\u015fam\u0131ndaki bekar evine ait ilk g\u00f6r\u00fcnt\u00fcler de g\u00fcn y\u00fcz\u00fcne \u00e7\u0131kt\u0131. Bekar hayat\u0131na h\u0131zl\u0131 bir ge&ccedil;i\u015f yapan \u015fark\u0131c\u0131 Nihat Do\u011fan, yeni evinin kap\u0131lar\u0131n\u0131 a&ccedil;t\u0131. Aile hayat\u0131na g&ouml;re olduk&ccedil;a k&uuml;&ccedil;&uuml;k bir ev tercih eden &uuml;nl&uuml; isim, bekar eviyle g&uuml;ndem oldu. N\u0130HAT [&hellip;]<\/p>\n","protected":false},"author":2,"featured_media":81576,"comment_status":"closed","ping_status":"open","sticky":false,"template":"","format":"standard","meta":{"rank_math_lock_modified_date":false,"footnotes":""},"categories":[101],"tags":[54890,53222,2310,42915],"class_list":["post-81577","post","type-post","status-publish","format-standard","has-post-thumbnail","hentry","category-kesfet","tag-bekar-evi","tag-mutevazi-yasam","tag-nihat-dogan","tag-unlu-evleri"],"_links":{"self":[{"href":"https:\/\/www.tgrthaber.com\/mavikadin\/wp-json\/wp\/v2\/posts\/81577"}],"collection":[{"href":"https:\/\/www.tgrthaber.com\/mavikadin\/wp-json\/wp\/v2\/posts"}],"about":[{"href":"https:\/\/www.tgrthaber.com\/mavikadin\/wp-json\/wp\/v2\/types\/post"}],"author":[{"embeddable":true,"href":"https:\/\/www.tgrthaber.com\/mavikadin\/wp-json\/wp\/v2\/users\/2"}],"replies":[{"embeddable":true,"href":"https:\/\/www.tgrthaber.com\/mavikadin\/wp-json\/wp\/v2\/comments?post=81577"}],"version-history":[{"count":1,"href":"https:\/\/www.tgrthaber.com\/mavikadin\/wp-json\/wp\/v2\/posts\/81577\/revisions"}],"predecessor-version":[{"id":81578,"href":"https:\/\/www.tgrthaber.com\/mavikadin\/wp-json\/wp\/v2\/posts\/81577\/revisions\/81578"}],"wp:featuredmedia":[{"embeddable":true,"href":"https:\/\/www.tgrthaber.com\/mavikadin\/wp-json\/wp\/v2\/media\/81576"}],"wp:attachment":[{"href":"https:\/\/www.tgrthaber.com\/mavikadin\/wp-json\/wp\/v2\/media?parent=81577"}],"wp:term":[{"taxonomy":"category","embeddable":true,"href":"https:\/\/www.tgrthaber.com\/mavikadin\/wp-json\/wp\/v2\/categories?post=81577"},{"taxonomy":"post_tag","embeddable":true,"href":"https:\/\/www.tgrthaber.com\/mavikadin\/wp-json\/wp\/v2\/tags?post=81577"}],"curies":[{"name":"wp","href":"https:\/\/api.w.org\/{rel}","templated":true}]}}