{"id":82621,"date":"2024-08-27T22:11:00","date_gmt":"2024-08-27T19:11:00","guid":{"rendered":"https:\/\/new.mavikadin.com\/?p=82621"},"modified":"2024-09-17T20:09:15","modified_gmt":"2024-09-17T17:09:15","slug":"uzum-cekirdegi-yagi-ile-gozalti-morluklarina-veda-edeceksiniz","status":"publish","type":"post","link":"https:\/\/www.tgrthaber.com\/mavikadin\/uzum-cekirdegi-yagi-ile-gozalti-morluklarina-veda-edeceksiniz\/","title":{"rendered":"\u00dcz\u00fcm \u00e7ekirde\u011fi ya\u011f\u0131 ile g\u00f6zalt\u0131 morluklar\u0131na veda edeceksiniz!"},"content":{"rendered":"<p>G\u00f6zalt\u0131 morluklar\u0131 ve torbalanmalar bir\u00e7ok ki\u015fi i\u00e7in rahats\u0131z edici bir sorun olabilir. Maalesef, t\u0131pta bu sorunun kesin bir \u00e7\u00f6z\u00fcm\u00fc bulunmuyor. Ancak, g\u00f6zalt\u0131 sorunlar\u0131n\u0131 hafifletmek ve tedbir almak i\u00e7in baz\u0131 do\u011fal y\u00f6ntemler kullan\u0131labilir. \u0130\u015fte onlardan biri de \u00fcz\u00fcm \u00e7ekirde\u011fi ya\u011f\u0131. Do\u011fada bulunan bu \u015fifa kayna\u011f\u0131 sayesinde g\u00f6zalt\u0131 morluklar\u0131 ve \u015fi\u015fkinliklerinden kolayca kurtulabileceksiniz.<\/p>\n<p class=\"p1\">G&ouml;zalt\u0131 morluklar\u0131 ve torbalanmalar bir&ccedil;ok ki\u015fi i&ccedil;in olduk&ccedil;a rahats\u0131z edici bir durumdur. Bu morluklar\u0131n ba\u015fl\u0131ca nedenleri aras\u0131nda genetik yatk\u0131nl\u0131k, ya\u015flanma, uyku eksikli\u011fi ve a\u015f\u0131r\u0131 stres bulunmaktad\u0131r. T\u0131pta hen&uuml;z bir &ccedil;&ouml;z&uuml;m&uuml; bulunmayan bu durum i&ccedil;in alternatif t\u0131p imdada ko\u015fuyor. &Ouml;zellikle &uuml;z&uuml;m &ccedil;ekirde\u011fi ya\u011f\u0131n\u0131n ve siyah hardal tohumu ya\u011f\u0131n\u0131n, g&ouml;zalt\u0131 morluklar\u0131n\u0131 ge&ccedil;irdi\u011fi biliniyor. \u0130\u015fte detaylar&#8230;&nbsp;<\/p>\n<h3 class=\"p1\"><strong>G&Ouml;ZALTI MORLU\u011eU EN HIZLI NASIL GE&Ccedil;ER?<\/strong><\/h3>\n<p class=\"p1\">Son y\u0131llarda, g&ouml;zalt\u0131 morluklar\u0131na kar\u015f\u0131 do\u011fal ve etkili &ccedil;&ouml;z&uuml;mler arayanlar i&ccedil;in bitkisel ya\u011flar &ouml;ne &ccedil;\u0131kmaktad\u0131r. &Ouml;zellikle &uuml;z&uuml;m &ccedil;ekirde\u011fi ya\u011f\u0131n\u0131n ve siyah hardal tohumu ya\u011f\u0131n\u0131n, g&ouml;zalt\u0131 morluklar\u0131n\u0131 ge&ccedil;irdi\u011fi ve cilde ayd\u0131nl\u0131k bir g&ouml;r&uuml;n&uuml;m kazand\u0131rd\u0131\u011f\u0131 biliniyor.<span class=\"Apple-converted-space\">&nbsp;<\/span> <strong>Prof. Dr. \u0130brahim Sara&ccedil;o\u011flu Youtube kanal\u0131nda verdi\u011fi bilgilerde, <\/strong>g&ouml;zalt\u0131 morluklar\u0131n\u0131 engellemenin yollar\u0131n\u0131 a&ccedil;\u0131klad\u0131. Peki g&ouml;z alt\u0131 morluklar\u0131n\u0131 gideren ya\u011flar neler? \u0130\u015fte g&ouml;zalt\u0131 morluklar\u0131n\u0131 gideren ya\u011flar ve kullan\u0131m \u015fekilleri&#8230;&nbsp;<\/p>\n<p class=\"p1\"><img decoding=\"async\" src=\"https:\/\/www.tgrthaber.com\/mavikadin\/wp-content\/images\/haberler\/24-08\/27\/ekran-resmi-2024-08-27-224515.png\" alt=\"\" title=\"\"><\/p>\n<h3 class=\"p1\"><strong>G&Ouml;ZALTI MORLUKLARINI G\u0130DEREN YA\u011eLAR NELER?<\/strong><\/h3>\n<p><strong>&Uuml;z&uuml;m &Ccedil;ekirde\u011fi Ya\u011f\u0131<\/strong><\/p>\n<p class=\"p1\"><strong>Kullan\u0131m \u015eekli:<\/strong><\/p>\n<p><strong>G&uuml;nl&uuml;k Kullan\u0131m<\/strong>: &Uuml;z&uuml;m &ccedil;ekirde\u011fi ya\u011f\u0131n\u0131 g&uuml;nde bir kez kullanman\u0131z yeterlidir. Bir yemek ka\u015f\u0131\u011f\u0131 kadar ya\u011f\u0131 sabah a&ccedil; karn\u0131na veya &ouml;\u011flen a&ccedil; karn\u0131na alabilirsiniz. Alternatif olarak, ak\u015fam yatmadan &ouml;nce de kullan\u0131labilir.<\/p>\n<p><strong>Y&uuml;z ve G&ouml;z &Ccedil;evresi<\/strong>: Ayn\u0131 ya\u011f, y&uuml;z ve g&ouml;z &ccedil;evresine de uygulanabilir. Ak\u015fam yatmadan &ouml;nce, ya\u011f\u0131 g&ouml;z &ccedil;evresine ve y&uuml;z&uuml;n&uuml;ze masaj yaparak uygulay\u0131n. Bu y&ouml;ntem, cildinizin beslenmesine yard\u0131mc\u0131 olabilir.<\/p>\n<p class=\"p1\">Bu do\u011fal y&ouml;ntemler, g&ouml;zalt\u0131 morluklar\u0131n\u0131 ve torbalanmalar\u0131 hafifletmek i&ccedil;in kullan\u0131labilir. Ancak, herhangi bir sa\u011fl\u0131k sorununda veya tedavi s&uuml;recinde bir uzmana dan\u0131\u015fmak her zaman en iyisidir.<\/p>\n<p><img loading=\"lazy\" decoding=\"async\" src=\"https:\/\/www.tgrthaber.com\/mavikadin\/wp-content\/images\/haberler\/24-08\/27\/ekran-resmi-2024-08-27-224611.png\" width=\"686\" height=\"443\" alt=\"\" title=\"\"><\/p>\n<p class=\"p2\"><strong>Siyah Hardal Tohumu:<\/strong><\/p>\n<p class=\"p1\"><strong>Kullan\u0131m \u015eekli:<\/strong><\/p>\n<p><strong>G&uuml;nl&uuml;k Kullan\u0131m<\/strong>: Siyah hardal tohumunu g&uuml;nde bir kez kullanman\u0131z yeterlidir. Bir &ccedil;ay ka\u015f\u0131\u011f\u0131 kadar tohum al\u0131p, &ccedil;i\u011fnemeden birka&ccedil; yudum suyla yutun.<\/p>\n<p><strong>T&uuml;ketim Zaman\u0131<\/strong>: Her g&uuml;n sabah a&ccedil; karn\u0131na al\u0131nmas\u0131 &ouml;nerilir.<\/p>\n<p><strong>Tazelik Kontrol&uuml;<\/strong>: Tohumlar\u0131 di\u015fleriniz aras\u0131nda ezerek tatlar\u0131na bak\u0131n. E\u011fer baharatl\u0131 ve saman gibi bir tat veriyorsa, bu tohumlar\u0131n taze oldu\u011fu anlam\u0131na gelir. Aksi takdirde, tohumun etkisi azalabilir ve fayda sa\u011flamayabilir.<\/p>\n<p><img loading=\"lazy\" decoding=\"async\" src=\"https:\/\/www.tgrthaber.com\/mavikadin\/wp-content\/images\/haberler\/24-08\/27\/ekran-resmi-2024-08-27-224724.png\" width=\"744\" height=\"617\" alt=\"\" title=\"\"><\/p>\n<h3 class=\"p1\"><strong>G&Ouml;ZALTI MORLUKLARI NEDEN OLUR?<\/strong><\/h3>\n<p class=\"p1\"><strong>Prof. Dr. Canan Karatay Youtube kanal\u0131nda verdi\u011fi bilgilere g&ouml;re,<\/strong> g&ouml;zalt\u0131 morluklar\u0131, s\u0131kl\u0131kla sa\u011fl\u0131k sorunlar\u0131n\u0131n d\u0131\u015fa yans\u0131mas\u0131 olarak g&ouml;r&uuml;l&uuml;r. Bu morluklar, sadece estetik bir rahats\u0131zl\u0131k de\u011fil, ayn\u0131 zamanda v&uuml;cudun i&ccedil;sel durumunu da g&ouml;steren &ouml;nemli bir belirti olabilir. Karatay, g&ouml;z &ccedil;evresindeki morluklar\u0131n, v&uuml;cutta kronik inflamasyon yani sessiz, d&uuml;\u015f&uuml;k dereceli iltihaplanman\u0131n i\u015fareti olabilece\u011fini belirtiyor.<\/p>\n<p class=\"p1\"><img decoding=\"async\" src=\"https:\/\/www.tgrthaber.com\/mavikadin\/wp-content\/images\/haberler\/24-08\/27\/ekran-resmi-2024-08-27-224734.png\" alt=\"\" title=\"\"><\/p>\n<p class=\"p1\">Bu t&uuml;r morluklar\u0131n genellikle v&uuml;cutta var olan bir dengesizli\u011fi veya hastal\u0131\u011f\u0131 i\u015faret etti\u011fini s&ouml;yleyen Karatay, g&ouml;z alt\u0131ndaki morluklar\u0131n cildin hassasiyetinin yan\u0131 s\u0131ra v&uuml;cudun genel sa\u011fl\u0131\u011f\u0131n\u0131n da bir g&ouml;stergesi oldu\u011funu ifade ediyor. &Ouml;zellikle alerjik reaksiyonlar ve cilt hassasiyetleri, genellikle v&uuml;cuttaki inflamasyonun bir sonucudur. Bu t&uuml;r durumlar, v&uuml;cudun genel sa\u011fl\u0131\u011f\u0131yla do\u011frudan ba\u011flant\u0131l\u0131d\u0131r.<\/p>\n<p class=\"p1\">Kronik inflamasyon, &ccedil;e\u015fitli sa\u011fl\u0131k sorunlar\u0131n\u0131n temelinde yatan bir durumdur. Bu, v&uuml;cudun s&uuml;rekli bir sava\u015f i&ccedil;inde oldu\u011funu ve ba\u011f\u0131\u015f\u0131kl\u0131k sisteminin uzun s&uuml;reli bir yan\u0131t verdi\u011fini g&ouml;sterir. Bu t&uuml;r durumlarda, v&uuml;cutta ortaya &ccedil;\u0131kan reaksiyonlar g&ouml;z &ccedil;evresindeki morluklar gibi belirtilerle d\u0131\u015fa vurulabilir.<\/p>\n<p class=\"p1\">\n<p class=\"p1\">&nbsp;<\/p>\n<p class=\"p3\">&nbsp;<\/p>\n<p class=\"p3\">&nbsp;<\/p>\n<p class=\"p1\">&nbsp;<\/p>\n<p class=\"p1\">&nbsp;<\/p>\n","protected":false},"excerpt":{"rendered":"<p>G\u00f6zalt\u0131 morluklar\u0131 ve torbalanmalar bir\u00e7ok ki\u015fi i\u00e7in rahats\u0131z edici bir sorun olabilir. Maalesef, t\u0131pta bu sorunun kesin bir \u00e7\u00f6z\u00fcm\u00fc bulunmuyor. Ancak, g\u00f6zalt\u0131 sorunlar\u0131n\u0131 hafifletmek ve tedbir almak i\u00e7in baz\u0131 do\u011fal y\u00f6ntemler kullan\u0131labilir. \u0130\u015fte onlardan biri de \u00fcz\u00fcm \u00e7ekirde\u011fi ya\u011f\u0131. Do\u011fada bulunan bu \u015fifa kayna\u011f\u0131 sayesinde g\u00f6zalt\u0131 morluklar\u0131 ve \u015fi\u015fkinliklerinden kolayca kurtulabileceksiniz. G&ouml;zalt\u0131 morluklar\u0131 ve torbalanmalar [&hellip;]<\/p>\n","protected":false},"author":16,"featured_media":82620,"comment_status":"closed","ping_status":"open","sticky":false,"template":"","format":"standard","meta":{"rank_math_lock_modified_date":false,"footnotes":""},"categories":[95],"tags":[3836,17296,44472,10953,22132],"class_list":["post-82621","post","type-post","status-publish","format-standard","has-post-thumbnail","hentry","category-guzellik","tag-cilt-bakimi","tag-dogal-cozum","tag-goz-alti-bakimi","tag-gozalti-morluklari","tag-uzum-cekirdegi-yagi"],"_links":{"self":[{"href":"https:\/\/www.tgrthaber.com\/mavikadin\/wp-json\/wp\/v2\/posts\/82621"}],"collection":[{"href":"https:\/\/www.tgrthaber.com\/mavikadin\/wp-json\/wp\/v2\/posts"}],"about":[{"href":"https:\/\/www.tgrthaber.com\/mavikadin\/wp-json\/wp\/v2\/types\/post"}],"author":[{"embeddable":true,"href":"https:\/\/www.tgrthaber.com\/mavikadin\/wp-json\/wp\/v2\/users\/16"}],"replies":[{"embeddable":true,"href":"https:\/\/www.tgrthaber.com\/mavikadin\/wp-json\/wp\/v2\/comments?post=82621"}],"version-history":[{"count":1,"href":"https:\/\/www.tgrthaber.com\/mavikadin\/wp-json\/wp\/v2\/posts\/82621\/revisions"}],"predecessor-version":[{"id":82622,"href":"https:\/\/www.tgrthaber.com\/mavikadin\/wp-json\/wp\/v2\/posts\/82621\/revisions\/82622"}],"wp:featuredmedia":[{"embeddable":true,"href":"https:\/\/www.tgrthaber.com\/mavikadin\/wp-json\/wp\/v2\/media\/82620"}],"wp:attachment":[{"href":"https:\/\/www.tgrthaber.com\/mavikadin\/wp-json\/wp\/v2\/media?parent=82621"}],"wp:term":[{"taxonomy":"category","embeddable":true,"href":"https:\/\/www.tgrthaber.com\/mavikadin\/wp-json\/wp\/v2\/categories?post=82621"},{"taxonomy":"post_tag","embeddable":true,"href":"https:\/\/www.tgrthaber.com\/mavikadin\/wp-json\/wp\/v2\/tags?post=82621"}],"curies":[{"name":"wp","href":"https:\/\/api.w.org\/{rel}","templated":true}]}}