{"id":82729,"date":"2024-08-28T21:56:05","date_gmt":"2024-08-28T18:56:05","guid":{"rendered":"https:\/\/new.mavikadin.com\/?p=82729"},"modified":"2024-09-17T20:15:22","modified_gmt":"2024-09-17T17:15:22","slug":"prof-dr-canan-karataydan-puruzsuz-cildin-en-onemli-sirri","status":"publish","type":"post","link":"https:\/\/www.tgrthaber.com\/mavikadin\/prof-dr-canan-karataydan-puruzsuz-cildin-en-onemli-sirri\/","title":{"rendered":"Prof. Dr. Canan Karatay&#8217;dan p\u00fcr\u00fczs\u00fcz cildin en \u00f6nemli s\u0131rr\u0131!"},"content":{"rendered":"<p>Yapt\u0131\u011f\u0131 ilgin\u00e7 a\u00e7\u0131klamalarla g\u00fcndemde kalmay\u0131 ba\u015faran Prof. Dr. Canan Karatay, p\u00fcr\u00fczs\u00fcz bir cildin s\u0131rr\u0131n\u0131 a\u00e7\u0131klad\u0131. Amerika&#8217;da ya\u015fad\u0131\u011f\u0131 d\u00f6nemde de kulland\u0131\u011f\u0131 sabunun b\u00fcy\u00fck ilgi g\u00f6rd\u00fc\u011f\u00fcn\u00fc belirten Canan Karatay, \u00f6zel bir an\u0131s\u0131n\u0131 payla\u015ft\u0131. \u0130\u015fte g\u00f6zeneksiz, temiz ve p\u00fcr\u00fczs\u00fcz bir cilt i\u00e7in Canan Karatay\u2019\u0131n tavsiye etti\u011fi sabun&#8230;<\/p>\n<p>Prof. Dr. Canan Karatay, beslenme &uuml;zerine yapt\u0131\u011f\u0131 a&ccedil;\u0131klamalarla her zaman g&uuml;ndemde kalmay\u0131 ba\u015far\u0131yor. Sa\u011fl\u0131kl\u0131 ya\u015fam konusunda verdi\u011fi &ouml;nerilerle dikkat &ccedil;eken Prof. Dr. Canan Karatay, bu kez cilt g&uuml;zelli\u011fine &ouml;nem verenler i&ccedil;in bir tavsiyede bulundu. Prof. Dr. Canan Karatay, p&uuml;r&uuml;zs&uuml;z bir cildin s\u0131rr\u0131n\u0131n do\u011fru sabunu se&ccedil;mekte yatt\u0131\u011f\u0131n\u0131 belirtti. Karatay, y\u0131llard\u0131r ayn\u0131 sabunu kulland\u0131\u011f\u0131n\u0131 vurgulad\u0131. \u0130\u015fte Karatay&rsquo;a g&ouml;re p&uuml;r&uuml;zs&uuml;z cildin anahtar\u0131&#8230;<\/p>\n<h3><strong>CANAN KARATAY&#8217;IN P&Uuml;R&Uuml;RZS&Uuml;Z B\u0130R C\u0130LT \u0130&Ccedil;\u0130N EN &Ouml;NEML\u0130 TAVS\u0130YES\u0130<\/strong><\/h3>\n<p>Canan Karatay&#8217;a y&ouml;neltilen soruda;<\/p>\n<p>Cildiniz &ccedil;ok sa\u011fl\u0131kl\u0131 g&ouml;r&uuml;n&uuml;yor. S&ouml;yle\u015filerinizde hi&ccedil;bir ila&ccedil; kullanmad\u0131\u011f\u0131n\u0131z\u0131 ifade ediyorsunuz. Enerjinizi ve cildinizin s\u0131rr\u0131n\u0131 neye bor&ccedil;lusunuz?<\/p>\n<p>&#8220;Ye\u015fil kal\u0131p sabunu tercih ediyorum. Y\u0131llard\u0131r ye\u015fil kal\u0131p sabun kullan\u0131r\u0131m. Amerika&#8217;da ya\u015farken de gelen giden herkesten hep ye\u015fil kal\u0131p sabun getirmelerini rica ederdik. Bir an\u0131m\u0131 payla\u015fmak isterim: Bir arkada\u015f\u0131m\u0131n k\u0131z karde\u015fi onkoloji tedavisi g&ouml;r&uuml;yordu. Meme kanserine yakalanm\u0131\u015ft\u0131.&#8221;<\/p>\n<p>Kemoterapi s&uuml;recinde ayaklar\u0131nda ve ellerinde yaralar olu\u015ftu. Amerika&#8217;da her t&uuml;rl&uuml; tedavi denendi. Arkada\u015f\u0131mla konu\u015furken, karde\u015fi i&ccedil;in ye\u015fil kal\u0131p sabunu tavsiye ettim. Elaz\u0131\u011f&#8217;dan saf zeytinya\u011fl\u0131 sabun getirttik. Kimyasal &uuml;r&uuml;nleri b\u0131rak\u0131p o sabunu kulland\u0131.<\/p>\n<p>15 g&uuml;n i&ccedil;inde ellerindeki yaralar tamamen iyile\u015fti. Bu \u015fekilde sabun olduk&ccedil;a pop&uuml;ler hale geldi. Bundan sonra misafirli\u011fe giderken Amerikal\u0131lar benden sadece ye\u015fil kal\u0131p sabun talep etmeye ba\u015flad\u0131. Bu da arkada\u015flar\u0131m aras\u0131nda unutulmaz bir an\u0131 oldu.&#8221;<\/p>\n<p><img decoding=\"async\" src=\"https:\/\/www.tgrthaber.com\/mavikadin\/wp-content\/images\/haberler\/24-08\/28\/basliksiz-5-1724871882.jpg\" alt=\"\" title=\"\"><\/p>\n<h3><strong>ZEYT\u0130NYA\u011eLI YE\u015e\u0130L SABUNUN C\u0130LDE FAYDALARI<\/strong><\/h3>\n<p>Sivilce ve akne problemlerini kurutarak tedavi eder. Ya\u015flanma kar\u015f\u0131t\u0131 &ouml;zelliklere sahip olan zeytinya\u011fl\u0131 sabun, k\u0131r\u0131\u015f\u0131kl\u0131klarla m&uuml;cadelede olduk&ccedil;a etkilidir. Her cilt tipine uygun olarak kullan\u0131labilen zeytinya\u011fl\u0131 sabun, cildin nem ve ya\u011f dengesini koruyarak mikroplardan ar\u0131nd\u0131r\u0131c\u0131 bir etkiye sahiptir.<\/p>\n","protected":false},"excerpt":{"rendered":"<p>Yapt\u0131\u011f\u0131 ilgin\u00e7 a\u00e7\u0131klamalarla g\u00fcndemde kalmay\u0131 ba\u015faran Prof. Dr. Canan Karatay, p\u00fcr\u00fczs\u00fcz bir cildin s\u0131rr\u0131n\u0131 a\u00e7\u0131klad\u0131. Amerika&#8217;da ya\u015fad\u0131\u011f\u0131 d\u00f6nemde de kulland\u0131\u011f\u0131 sabunun b\u00fcy\u00fck ilgi g\u00f6rd\u00fc\u011f\u00fcn\u00fc belirten Canan Karatay, \u00f6zel bir an\u0131s\u0131n\u0131 payla\u015ft\u0131. \u0130\u015fte g\u00f6zeneksiz, temiz ve p\u00fcr\u00fczs\u00fcz bir cilt i\u00e7in Canan Karatay\u2019\u0131n tavsiye etti\u011fi sabun&#8230; Prof. Dr. Canan Karatay, beslenme &uuml;zerine yapt\u0131\u011f\u0131 a&ccedil;\u0131klamalarla her zaman g&uuml;ndemde [&hellip;]<\/p>\n","protected":false},"author":2,"featured_media":82728,"comment_status":"closed","ping_status":"open","sticky":false,"template":"","format":"standard","meta":{"rank_math_lock_modified_date":false,"footnotes":""},"categories":[95],"tags":[120,3836,18058,121,119],"class_list":["post-82729","post","type-post","status-publish","format-standard","has-post-thumbnail","hentry","category-guzellik","tag-canan-karatay","tag-cilt-bakimi","tag-puruzsuz-cilt","tag-yesil-sabun","tag-zeytinyagli-sabun"],"_links":{"self":[{"href":"https:\/\/www.tgrthaber.com\/mavikadin\/wp-json\/wp\/v2\/posts\/82729"}],"collection":[{"href":"https:\/\/www.tgrthaber.com\/mavikadin\/wp-json\/wp\/v2\/posts"}],"about":[{"href":"https:\/\/www.tgrthaber.com\/mavikadin\/wp-json\/wp\/v2\/types\/post"}],"author":[{"embeddable":true,"href":"https:\/\/www.tgrthaber.com\/mavikadin\/wp-json\/wp\/v2\/users\/2"}],"replies":[{"embeddable":true,"href":"https:\/\/www.tgrthaber.com\/mavikadin\/wp-json\/wp\/v2\/comments?post=82729"}],"version-history":[{"count":1,"href":"https:\/\/www.tgrthaber.com\/mavikadin\/wp-json\/wp\/v2\/posts\/82729\/revisions"}],"predecessor-version":[{"id":82730,"href":"https:\/\/www.tgrthaber.com\/mavikadin\/wp-json\/wp\/v2\/posts\/82729\/revisions\/82730"}],"wp:featuredmedia":[{"embeddable":true,"href":"https:\/\/www.tgrthaber.com\/mavikadin\/wp-json\/wp\/v2\/media\/82728"}],"wp:attachment":[{"href":"https:\/\/www.tgrthaber.com\/mavikadin\/wp-json\/wp\/v2\/media?parent=82729"}],"wp:term":[{"taxonomy":"category","embeddable":true,"href":"https:\/\/www.tgrthaber.com\/mavikadin\/wp-json\/wp\/v2\/categories?post=82729"},{"taxonomy":"post_tag","embeddable":true,"href":"https:\/\/www.tgrthaber.com\/mavikadin\/wp-json\/wp\/v2\/tags?post=82729"}],"curies":[{"name":"wp","href":"https:\/\/api.w.org\/{rel}","templated":true}]}}