{"id":83077,"date":"2024-09-01T12:06:00","date_gmt":"2024-09-01T09:06:00","guid":{"rendered":"https:\/\/new.mavikadin.com\/?p=83077"},"modified":"2024-09-17T20:34:47","modified_gmt":"2024-09-17T17:34:47","slug":"tarih-yazildi-harp-okulu-birincilerinin-hepsi-kadin-oldu","status":"publish","type":"post","link":"https:\/\/www.tgrthaber.com\/mavikadin\/tarih-yazildi-harp-okulu-birincilerinin-hepsi-kadin-oldu\/","title":{"rendered":"Tarih yaz\u0131ld\u0131! Harp okulu birincilerinin hepsi kad\u0131n oldu"},"content":{"rendered":"<p>2024 y\u0131l\u0131nda Kara, Hava ve Deniz Harp Okullar\u0131&#8217;ndaki d\u00f6nem birincilerinin tamam\u0131 kad\u0131n te\u011fmenlerimiz oldu. T\u00f6rende \u00f6nemli a\u00e7\u0131klamalarda bulunan Cumhurba\u015fkan\u0131 Erdo\u011fan, k\u0131z \u00f6\u011frencilerin ba\u015far\u0131lar\u0131na dikkat \u00e7ekerek te\u011fmenlere g\u00f6revlerinde ba\u015far\u0131lar diledi.<\/p>\n<p>Cumhurba\u015fkan\u0131 Recep Tayyip Erdo\u011fan, Bak\u0131rk&ouml;y&#8217;deki Milli Savunma &Uuml;niversitesi (MS&Uuml;) Hava Harp Okulu&#8217;nda ger&ccedil;ekle\u015ftirilen diploma alma ve sancak devir teslim t&ouml;renine kat\u0131ld\u0131.&nbsp;<\/p>\n<p>T&ouml;rende 14&#8217;&uuml; yabanc\u0131 uyruklu olmak &uuml;zere toplam 198 &ouml;\u011frenci mezuniyet sevincini ya\u015fad\u0131.<\/p>\n<p>Cumhurba\u015fkan\u0131 Erdo\u011fan, konu\u015fmas\u0131na kat\u0131l\u0131mc\u0131lar\u0131 selamlayarak ba\u015flad\u0131 ve Harp Okullar\u0131&#8217;n\u0131n diploma ve sancak devir teslim t&ouml;renlerinin bu anlaml\u0131 d&ouml;neme denk gelmesinden duydu\u011fu memnuniyeti dile getirdi.<\/p>\n<h3><strong>HARP OKULLARINDA KADIN BA\u015eARISI<\/strong><\/h3>\n<p>Mezuniyet t&ouml;renlerinde &ouml;zellikle dikkat &ccedil;eken, Kara, Deniz ve Hava Harp Okullar\u0131&#8217;ndan birincilikle mezun olan kad\u0131n te\u011fmenler oldu.<\/p>\n<p><img loading=\"lazy\" decoding=\"async\" src=\"https:\/\/www.tgrthaber.com\/mavikadin\/wp-content\/images\/haberler\/24-09\/01\/aa-20240830-35523560-35523547-cumhurbaskani_recep_tayyip_erdogan.jpg\" width=\"973\" height=\"660\" alt=\"\" title=\"\"><\/p>\n<p>Kara Harp Okulu&#8217;ndan Ebru Ero\u011flu, Deniz Harp Okulu&#8217;ndan \u015eeyda Y\u0131ld\u0131r\u0131m ve Hava Harp Okulu&#8217;ndan \u0130kra Kuyumcu, kendi okullar\u0131nda devre birincisi olarak mezun oldular.<\/p>\n<h3><strong>CUMHURBA\u015eKANI ERDO\u011eAN&#8217;DAN GEN&Ccedil; TE\u011eMENLERE &Ouml;VG&Uuml;<\/strong><\/h3>\n<p>Cumhurba\u015fkan\u0131 Erdo\u011fan, gen&ccedil; te\u011fmenlerin mezuniyet sevincini ve Zafer Bayram\u0131&#8217;n\u0131n co\u015fkusunu bir arada ya\u015fad\u0131klar\u0131n\u0131 ifade etti.<\/p>\n<p><img loading=\"lazy\" decoding=\"async\" src=\"https:\/\/www.tgrthaber.com\/mavikadin\/wp-content\/images\/haberler\/24-09\/01\/aa-20240831-35531954-35531952-msu_hava_harp_okulu_diploma_alma_ve_sancak_devir_teslim_toreni-1725181492.jpg\" width=\"982\" height=\"781\" alt=\"\" title=\"\"><\/p>\n<p>Kad\u0131n &ouml;\u011frencilerin birincilik elde etmelerinin ayr\u0131 bir gurur kayna\u011f\u0131 oldu\u011funu belirterek, &ldquo;Gerek Kara Harp Okulu, gerek Deniz Harp Okulu, gerekse Hava Harp Okulu&#8217;ndaki birincilikler k\u0131zlar\u0131m\u0131z\u0131n ba\u015far\u0131s\u0131n\u0131 g&ouml;steriyor. Bu, asker olarak da ba\u015far\u0131l\u0131 olacaklar\u0131n\u0131 kan\u0131tl\u0131yor,&rdquo; dedi.<\/p>\n<h3><strong>B\u0130R\u0130NC\u0130 OLAN KADIN TE\u011eMENLERE D\u0130PLOMALARINI TAKD\u0130M ETT\u0130<\/strong><\/h3>\n<p>T&ouml;ren s\u0131ras\u0131nda, Hava Harp Okulu&#8217;nun birincisi \u0130kra Kuyumcu bir konu\u015fma yaparak t&uuml;m mezunlar ad\u0131na duygular\u0131n\u0131 payla\u015ft\u0131.<\/p>\n<p><img loading=\"lazy\" decoding=\"async\" src=\"https:\/\/www.tgrthaber.com\/mavikadin\/wp-content\/images\/haberler\/24-09\/01\/aa-20240831-35530690-35530688-cumhurbaskani_recep_tayyip_erdogan.jpg\" width=\"984\" height=\"727\" alt=\"\" title=\"\"><\/p>\n<p>Cumhurba\u015fkan\u0131 Erdo\u011fan, te\u011fmenleri tebrik ederek, ba\u015far\u0131l\u0131 bir g&ouml;rev hayat\u0131 diledi ve mezuniyetlerinde eme\u011fi ge&ccedil;en ailelere, komutanlara ve hocalara te\u015fekk&uuml;r etti.<\/p>\n<p>Cumhurba\u015fkan\u0131 Erdo\u011fan, \u0130stanbul Tuzla&#8217;daki Deniz Harp Okulu&#8217;ndaki diploma t&ouml;renine de kat\u0131larak, okul birincisi \u015eeyda Y\u0131ld\u0131r\u0131m&rsquo;a diplomas\u0131n\u0131 takdim etti. Ge&ccedil;ti\u011fimiz g&uuml;n ise Kara Harp Okulu&#8217;nun mezuniyet t&ouml;renine kat\u0131lm\u0131\u015ft\u0131.<\/p><\/p>\n","protected":false},"excerpt":{"rendered":"<p>2024 y\u0131l\u0131nda Kara, Hava ve Deniz Harp Okullar\u0131&#8217;ndaki d\u00f6nem birincilerinin tamam\u0131 kad\u0131n te\u011fmenlerimiz oldu. T\u00f6rende \u00f6nemli a\u00e7\u0131klamalarda bulunan Cumhurba\u015fkan\u0131 Erdo\u011fan, k\u0131z \u00f6\u011frencilerin ba\u015far\u0131lar\u0131na dikkat \u00e7ekerek te\u011fmenlere g\u00f6revlerinde ba\u015far\u0131lar diledi. Cumhurba\u015fkan\u0131 Recep Tayyip Erdo\u011fan, Bak\u0131rk&ouml;y&#8217;deki Milli Savunma &Uuml;niversitesi (MS&Uuml;) Hava Harp Okulu&#8217;nda ger&ccedil;ekle\u015ftirilen diploma alma ve sancak devir teslim t&ouml;renine kat\u0131ld\u0131.&nbsp; T&ouml;rende 14&#8217;&uuml; yabanc\u0131 uyruklu olmak [&hellip;]<\/p>\n","protected":false},"author":7,"featured_media":83076,"comment_status":"closed","ping_status":"open","sticky":false,"template":"","format":"standard","meta":{"rank_math_lock_modified_date":false,"footnotes":""},"categories":[78],"tags":[55588,223,4371,55586,55587],"class_list":["post-83077","post","type-post","status-publish","format-standard","has-post-thumbnail","hentry","category-yasam","tag-askeri-toren","tag-basari","tag-erdogan","tag-harp-okullari","tag-kadin-tegmenler"],"_links":{"self":[{"href":"https:\/\/www.tgrthaber.com\/mavikadin\/wp-json\/wp\/v2\/posts\/83077"}],"collection":[{"href":"https:\/\/www.tgrthaber.com\/mavikadin\/wp-json\/wp\/v2\/posts"}],"about":[{"href":"https:\/\/www.tgrthaber.com\/mavikadin\/wp-json\/wp\/v2\/types\/post"}],"author":[{"embeddable":true,"href":"https:\/\/www.tgrthaber.com\/mavikadin\/wp-json\/wp\/v2\/users\/7"}],"replies":[{"embeddable":true,"href":"https:\/\/www.tgrthaber.com\/mavikadin\/wp-json\/wp\/v2\/comments?post=83077"}],"version-history":[{"count":1,"href":"https:\/\/www.tgrthaber.com\/mavikadin\/wp-json\/wp\/v2\/posts\/83077\/revisions"}],"predecessor-version":[{"id":83078,"href":"https:\/\/www.tgrthaber.com\/mavikadin\/wp-json\/wp\/v2\/posts\/83077\/revisions\/83078"}],"wp:featuredmedia":[{"embeddable":true,"href":"https:\/\/www.tgrthaber.com\/mavikadin\/wp-json\/wp\/v2\/media\/83076"}],"wp:attachment":[{"href":"https:\/\/www.tgrthaber.com\/mavikadin\/wp-json\/wp\/v2\/media?parent=83077"}],"wp:term":[{"taxonomy":"category","embeddable":true,"href":"https:\/\/www.tgrthaber.com\/mavikadin\/wp-json\/wp\/v2\/categories?post=83077"},{"taxonomy":"post_tag","embeddable":true,"href":"https:\/\/www.tgrthaber.com\/mavikadin\/wp-json\/wp\/v2\/tags?post=83077"}],"curies":[{"name":"wp","href":"https:\/\/api.w.org\/{rel}","templated":true}]}}