{"id":83263,"date":"2024-09-03T09:44:02","date_gmt":"2024-09-03T06:44:02","guid":{"rendered":"https:\/\/new.mavikadin.com\/?p=83263"},"modified":"2024-09-17T20:45:11","modified_gmt":"2024-09-17T17:45:11","slug":"kerem-akturkoglunun-evli-olup-olmadigi-arastiriliyor","status":"publish","type":"post","link":"https:\/\/www.tgrthaber.com\/mavikadin\/kerem-akturkoglunun-evli-olup-olmadigi-arastiriliyor\/","title":{"rendered":"Kerem Akt\u00fcrko\u011flu&#8217;nun evli olup olmad\u0131\u011f\u0131 ara\u015ft\u0131r\u0131l\u0131yor!"},"content":{"rendered":"<p>Galatasaray&#8217;dan ayr\u0131lmaya haz\u0131rlanan Kerem Akt\u00fcrko\u011flu&#8217;nun evli olup olmad\u0131\u011f\u0131 ara\u015ft\u0131r\u0131l\u0131yor. A Milli Tak\u0131m kamp\u0131ndan transfer g\u00f6r\u00fc\u015fmeleri i\u00e7in Lizbon&#8217;a giden Akt\u00fcrko\u011flu Benfica ile anla\u015ft\u0131. Akt\u00fcrko\u011flu&#8217;nun Portekiz ekibine 11 milyon euro bonservis bedeli ile transfer olmas\u0131 bekleniyor.<\/p>\n<p>Galatasaray&#8217;\u0131n y\u0131ld\u0131z futbolcusu Kerem Akt&uuml;rko\u011flu Portekiz devi Benfica&#8217;ya transfer oluyor. A Milli Tak\u0131m kamp\u0131ndan transfer g&ouml;r&uuml;\u015fmeleri i&ccedil;in Lizbon&#8217;a giden Akt&uuml;rko\u011flu&#8217;nun evli olup olmad\u0131\u011f\u0131 ara\u015ft\u0131r\u0131l\u0131yor.&nbsp;<\/p>\n<h3>11 M\u0130LYON EUROLUK BONSERV\u0130S BEDEL\u0130 ALACAK<\/h3>\n<p>Galatasaray&#8217;\u0131n forvet ve sol beki Kerem Akt&uuml;rko\u011flu&#8217;nun ad\u0131 &ouml;nce Spartak Moskova ile an\u0131ld\u0131. Ancak Akt&uuml;rko\u011flu 11 milyon euroluk bedelle Portekiz ekibi Benfica ile anla\u015ft\u0131.&nbsp;<\/p>\n<p>S&uuml;per Lig&#8217;de oynad\u0131\u011f\u0131 179 ma&ccedil;ta 46 gol ve 42 asistlik katk\u0131 sa\u011flayan Kerem Akt&uuml;rko\u011flu&#8217;nun evli olup olmad\u0131\u011f\u0131 ara\u015ft\u0131r\u0131l\u0131yor.<\/p>\n<p><img decoding=\"async\" src=\"https:\/\/www.tgrthaber.com\/mavikadin\/wp-content\/images\/haberler\/24-09\/03\/haber-iciii-kerem.jpg\" alt=\"\" title=\"\"><\/p>\n<h3>KEREM AKT&Uuml;RKO\u011eLU K\u0130MD\u0130R?<\/h3>\n<p>\u0130zmit&#8217;te 21 Ekim 1998&#8217;de do\u011fan Kerem Akt&uuml;rko\u011flu&#8217;nun evli olup olmad\u0131\u011f\u0131 ara\u015ft\u0131r\u0131l\u0131yor. Ba\u015far\u0131l\u0131 futbolcunun bekar oldu\u011fu biliniyor.&nbsp;<\/p>\n<p>Futbola 2011&#8217;de G&ouml;lc&uuml;kspor altyap\u0131s\u0131nda ba\u015flayan Kerem, daha sonra Hisareynspor ve \u0130stanbul Ba\u015fak\u015fehir altyap\u0131lar\u0131nda m&uuml;cadele etti.&nbsp;<\/p>\n<p>2015 y\u0131\u0131lnda profesyonel futbol hayat\u0131na \u0130stanbul Ba\u015fak\u015fehir&#8217;de ba\u015flad\u0131. Gen&ccedil; yetenek A tak\u0131mda forma \u015fans\u0131 bulamasa BB Bodrumspor, Karacabey Belediyespor ve 24 Erzincanspor gibi kul&uuml;plerde deneyim ya\u015fad\u0131.&nbsp;<\/p>\n<p>24 Erzincanspor&#8217;daki 30 ma&ccedil;ta 20 gol atarak ad\u0131n\u0131 duyuran Akt&uuml;rko\u011flu dikkatleri &uuml;zerine &ccedil;ekti. Ba\u015far\u0131l\u0131 isim 2020 y\u0131l\u0131nda Galatasaray&#8217;a transfer olarak sar\u0131-k\u0131rm\u0131z\u0131l\u0131 formayla y\u0131ld\u0131z\u0131n\u0131 parlatt\u0131.<\/p>\n<\/p>\n<p>&nbsp;<\/p>\n","protected":false},"excerpt":{"rendered":"<p>Galatasaray&#8217;dan ayr\u0131lmaya haz\u0131rlanan Kerem Akt\u00fcrko\u011flu&#8217;nun evli olup olmad\u0131\u011f\u0131 ara\u015ft\u0131r\u0131l\u0131yor. A Milli Tak\u0131m kamp\u0131ndan transfer g\u00f6r\u00fc\u015fmeleri i\u00e7in Lizbon&#8217;a giden Akt\u00fcrko\u011flu Benfica ile anla\u015ft\u0131. Akt\u00fcrko\u011flu&#8217;nun Portekiz ekibine 11 milyon euro bonservis bedeli ile transfer olmas\u0131 bekleniyor. Galatasaray&#8217;\u0131n y\u0131ld\u0131z futbolcusu Kerem Akt&uuml;rko\u011flu Portekiz devi Benfica&#8217;ya transfer oluyor. A Milli Tak\u0131m kamp\u0131ndan transfer g&ouml;r&uuml;\u015fmeleri i&ccedil;in Lizbon&#8217;a giden Akt&uuml;rko\u011flu&#8217;nun evli [&hellip;]<\/p>\n","protected":false},"author":5,"featured_media":83262,"comment_status":"closed","ping_status":"open","sticky":false,"template":"","format":"standard","meta":{"rank_math_lock_modified_date":false,"footnotes":""},"categories":[78],"tags":[55690,6531,985,603,5916,55691],"class_list":["post-83263","post","type-post","status-publish","format-standard","has-post-thumbnail","hentry","category-yasam","tag-benfica-transferi","tag-futbol","tag-galatasaray","tag-kerem","tag-kerem-akturkoglu","tag-kerem-evli-mi"],"_links":{"self":[{"href":"https:\/\/www.tgrthaber.com\/mavikadin\/wp-json\/wp\/v2\/posts\/83263"}],"collection":[{"href":"https:\/\/www.tgrthaber.com\/mavikadin\/wp-json\/wp\/v2\/posts"}],"about":[{"href":"https:\/\/www.tgrthaber.com\/mavikadin\/wp-json\/wp\/v2\/types\/post"}],"author":[{"embeddable":true,"href":"https:\/\/www.tgrthaber.com\/mavikadin\/wp-json\/wp\/v2\/users\/5"}],"replies":[{"embeddable":true,"href":"https:\/\/www.tgrthaber.com\/mavikadin\/wp-json\/wp\/v2\/comments?post=83263"}],"version-history":[{"count":1,"href":"https:\/\/www.tgrthaber.com\/mavikadin\/wp-json\/wp\/v2\/posts\/83263\/revisions"}],"predecessor-version":[{"id":83264,"href":"https:\/\/www.tgrthaber.com\/mavikadin\/wp-json\/wp\/v2\/posts\/83263\/revisions\/83264"}],"wp:featuredmedia":[{"embeddable":true,"href":"https:\/\/www.tgrthaber.com\/mavikadin\/wp-json\/wp\/v2\/media\/83262"}],"wp:attachment":[{"href":"https:\/\/www.tgrthaber.com\/mavikadin\/wp-json\/wp\/v2\/media?parent=83263"}],"wp:term":[{"taxonomy":"category","embeddable":true,"href":"https:\/\/www.tgrthaber.com\/mavikadin\/wp-json\/wp\/v2\/categories?post=83263"},{"taxonomy":"post_tag","embeddable":true,"href":"https:\/\/www.tgrthaber.com\/mavikadin\/wp-json\/wp\/v2\/tags?post=83263"}],"curies":[{"name":"wp","href":"https:\/\/api.w.org\/{rel}","templated":true}]}}