{"id":83918,"date":"2024-09-06T15:57:23","date_gmt":"2024-09-06T12:57:23","guid":{"rendered":"https:\/\/www.tgrthaber.com\/mavikadin\/?p=83918"},"modified":"2024-11-15T12:15:12","modified_gmt":"2024-11-15T09:15:12","slug":"saclarinizi-degistirmenin-tam-zamani-sonbaharda-denemeniz-gereken-8-havali-sac-rengi","status":"publish","type":"post","link":"https:\/\/www.tgrthaber.com\/mavikadin\/saclarinizi-degistirmenin-tam-zamani-sonbaharda-denemeniz-gereken-8-havali-sac-rengi\/","title":{"rendered":"Sa\u00e7lar\u0131n\u0131z\u0131 de\u011fi\u015ftirmenin tam zaman\u0131! Sonbaharda denemeniz gereken 8 haval\u0131 sa\u00e7 rengi"},"content":{"rendered":"<p>S\u0131k\u0131ld\u0131\u011f\u0131n\u0131z monoton sa\u00e7 renginizden kurtulup, mevsimin ruhuna uygun daha canl\u0131 ve \u00e7arp\u0131c\u0131 bir renge mi b\u00fcr\u00fcnmek isteyebilirsiniz.  Sar\u0131dan k\u0131z\u0131la, kahveden koyu espresso tonlar\u0131na kadar en trend sa\u00e7 renkleri ile haval\u0131 bir g\u00f6r\u00fcn\u00fcme kavu\u015fabilirsiniz. Peki, sonbahar sa\u00e7 renkleri nelerdir?<\/p>\n<p>Sonbahar, sa&ccedil; renginde de\u011fi\u015fiklik yapmak i&ccedil;in ideal bir d&ouml;nem ve farkl\u0131 tonlarda haval\u0131 sa&ccedil; renkleri denemek i&ccedil;in harika bir zaman\u0131 i\u015faret eder. Bu mevsimde s\u0131cak tonlar, bak\u0131r rengi, karamel tonlar\u0131 veya bal k&ouml;p&uuml;\u011f&uuml; sar\u0131s\u0131 gibi renkler pop&uuml;lerdir.<\/p>\n<p>Ayr\u0131ca bu y\u0131l\u0131n trendi olan &#8220;bronde&#8221; (sar\u0131\u015f\u0131n ve esmerin birle\u015fimi) veya &ccedil;ikolata kahverengi gibi do\u011fal ve sofistike renkler de tercih edilebilir. Sa&ccedil; renginizde de\u011fi\u015fiklik yaparak sonbahar\u0131n etkileyici havas\u0131na uyum sa\u011flayabilir ve yeni bir g&ouml;r&uuml;n&uuml;mle kendinizi yenileyebilirsiniz.<\/p>\n<h3>CESUR B\u0130R D&Ouml;N&Uuml;\u015e&Uuml;M \u0130&Ccedil;\u0130N DENEMEN\u0130Z GEREKEN 8 SONBAHAR SA&Ccedil; RENG\u0130<\/h3>\n<p>Sonbahar\u0131n romantik atmosferine uyum sa\u011flayacak sonbahar sa&ccedil; renkleriyle cesur bir de\u011fi\u015fime ad\u0131m atabilirsiniz. \u0130\u015fte birbirinden iddial\u0131 sa&ccedil; renkleri:<\/p>\n<p><img decoding=\"async\" src=\"https:\/\/www.tgrthaber.com\/mavikadin\/wp-content\/images\/haberler\/24-09\/06\/yeni-proje-22-1725628156.jpg\" alt=\"\" title=\"\"><\/p>\n<h3>SARI BALYAJLI KOYU &Ccedil;\u0130KOLATALI SA&Ccedil;<\/h3>\n<p>Koyu &ccedil;ikolata kahvesi sa&ccedil; renginizde yumu\u015fak bir de\u011fi\u015fiklik yapmak isteyenler i&ccedil;in ince balyaj tekni\u011fi harika bir se&ccedil;enek olabilir. Bu uygulama, genel g&ouml;r&uuml;n&uuml;m&uuml;n&uuml;ze ayd\u0131nl\u0131k ve do\u011fal bir kontrast katarken ayn\u0131 zamanda d&uuml;\u015f&uuml;k bak\u0131m gerektiren bir renk se&ccedil;ene\u011fi sunar.<\/p>\n<p>Sa&ccedil;\u0131n\u0131z\u0131n biraz alt\u0131ndan ba\u015flayarak uygulanan balyaj, do\u011fal bir degrade etkisi olu\u015fturur ve sa&ccedil;lar\u0131n\u0131za g&uuml;zel bir boyut kazand\u0131r\u0131r. Sonu&ccedil; olarak, koyu &ccedil;ikolata kahvesi tonlar\u0131nda hafif ve \u015f\u0131k bir de\u011fi\u015fiklik isteyenler i&ccedil;in m&uuml;kemmel bir tercih olabilir.<\/p>\n<p><img decoding=\"async\" src=\"https:\/\/www.tgrthaber.com\/mavikadin\/wp-content\/images\/haberler\/24-09\/06\/yeni-proje-23-1725628148.jpg\" alt=\"\" title=\"\"><\/p>\n<h3>KOYU KIRMIZILI BALYAJLI SA&Ccedil;<\/h3>\n<p>Koyu k\u0131rm\u0131z\u0131l\u0131 ara sa&ccedil; rengi, sa&ccedil;lar\u0131na gizemli bir \u0131\u015f\u0131lt\u0131 katmak isteyenler i&ccedil;in harika bir se&ccedil;enek! K\u0131rm\u0131z\u0131 tonlar, sa&ccedil;\u0131n\u0131n alt\u0131nda s\u0131r gibi sakl\u0131 duruyor ve sadece sa&ccedil;\u0131n hareket etti\u011fi ya da belirli \u015fekiller verildi\u011finde ortaya &ccedil;\u0131k\u0131yor. Bu renk patlamas\u0131yla her ad\u0131m\u0131nda fark edilebilirsiniz. Koyu k\u0131rm\u0131z\u0131l\u0131 ara sa&ccedil; rengi, hem cesur hem de \u015f\u0131k bir g&ouml;r&uuml;n&uuml;m isteyenler i&ccedil;in idealdir.<\/p>\n<p><img decoding=\"async\" src=\"https:\/\/www.tgrthaber.com\/mavikadin\/wp-content\/images\/haberler\/24-09\/06\/yeni-proje-24-1725628139.jpg\" alt=\"\" title=\"\"><\/p>\n<h3>KOYU KESTANE SA&Ccedil; RENG\u0130<\/h3>\n<p>Sonbahar mevsimde tercih edilen zengin koyu kestane rengi, s\u0131cakl\u0131\u011f\u0131yla her yeri sarar ve huzur veren bir atmosfer olu\u015fturur. Yumu\u015fak dalgalarla bulu\u015fan sa&ccedil; tonu, do\u011fal canl\u0131l\u0131\u011f\u0131n\u0131 ortaya &ccedil;\u0131kararak sa&ccedil;\u0131n\u0131za bamba\u015fka bir dokunu\u015f katar.<\/p>\n<p><img decoding=\"async\" src=\"https:\/\/www.tgrthaber.com\/mavikadin\/wp-content\/images\/haberler\/24-09\/06\/yeni-proje-25-1725628130.jpg\" alt=\"\" title=\"\"><\/p>\n<h3>SICAK TONLU KARAMEL SARISI BALYAJ<\/h3>\n<p>Sa&ccedil;lar\u0131n\u0131za s\u0131cak tonlu karamel sar\u0131s\u0131 balyaj uygulamay\u0131 d&uuml;\u015f&uuml;n&uuml;yorsan\u0131z, harika bir se&ccedil;im olabilir. Bu renk, sa&ccedil; k&ouml;klerinizle g&uuml;zel bir kontrast olu\u015fturarak do\u011fal bir g&ouml;r&uuml;n&uuml;m elde etmenize sa\u011flar. Do\u011fru \u015fekilde uyguland\u0131\u011f\u0131nda ise balyaj sa&ccedil;\u0131n\u0131za hem \u015f\u0131k bir hava katacak hem de bak\u0131m\u0131 kolay bir ge&ccedil;i\u015f sa\u011flayacakt\u0131r.<\/p>\n<p><img decoding=\"async\" src=\"https:\/\/www.tgrthaber.com\/mavikadin\/wp-content\/images\/haberler\/24-09\/06\/yeni-proje-26-1725628118.jpg\" alt=\"\" title=\"\"><\/p>\n<h3>SARI R&Ouml;FLEL\u0130 SICAK KAHVEREN\u011e\u0130 SA&Ccedil;<\/h3>\n<p>S\u0131cak kahverengi tonlar\u0131na sahip sar\u0131 r&ouml;flelerin tam zaman\u0131! Bu trend, sa&ccedil;lar\u0131na g&uuml;ne\u015f &ouml;p&uuml;c&uuml;\u011f&uuml; boyutu katan ve m&uuml;kemmelce harmanlanm\u0131\u015f sar\u0131 vurgularla dolu. Tam sar\u0131ya d&ouml;n&uuml;\u015fmek istemeyen kad\u0131nlar i&ccedil;in ideal bir se&ccedil;im olabilir. Do\u011fal ve haval\u0131 bir g&ouml;r&uuml;n&uuml;m elde etmek isteyen herkes bu sa&ccedil; rengini tercih edebilir.<\/p>\n<p><img decoding=\"async\" src=\"https:\/\/www.tgrthaber.com\/mavikadin\/wp-content\/images\/haberler\/24-09\/06\/yeni-proje-27-1725628106.jpg\" alt=\"\" title=\"\"><\/p>\n<h3>SO\u011eUK K&Uuml;L BALYAJ SA&Ccedil; RENG\u0130<\/h3>\n<p>So\u011fuk k&uuml;l balyaj sa&ccedil; rengi, sofistike ve modern bir g&ouml;r&uuml;n&uuml;m sunan yava\u015f yava\u015f so\u011fuk k&uuml;ll&uuml; bir balyaja d&ouml;n&uuml;\u015fen modelde kullan\u0131lan bir tekniktir. Bu renk se&ccedil;ene\u011fi, koyu sa&ccedil; k&ouml;kleriyle uyumlu bir \u015fekilde &ccedil;al\u0131\u015f\u0131r ve k&uuml;ll&uuml; tonlar, koyu tabana uygulanarak hafif bir kontrast olu\u015fturulur. Daha so\u011fuk tonlu bak\u0131m\u0131 kolay sa&ccedil; isteyenler i&ccedil;in bu sa&ccedil; rengi harika bir tercih olabilir. Sa&ccedil;\u0131n\u0131za farkl\u0131l\u0131k katmak ve tarz\u0131n\u0131z\u0131 g&uuml;ncellemek istiyorsan\u0131z, so\u011fuk k&uuml;l balyaj denemeyi d&uuml;\u015f&uuml;nebilirsiniz.<\/p>\n<p><img decoding=\"async\" src=\"https:\/\/www.tgrthaber.com\/mavikadin\/wp-content\/images\/haberler\/24-09\/06\/yeni-proje-28-1725628096.jpg\" alt=\"\" title=\"\"><\/p>\n<h3>PER&Ccedil;EMLERDE BAKIR RENG\u0130<\/h3>\n<p>Sa&ccedil;lar\u0131n\u0131za yeni bir hava katmak istiyorsan\u0131z bak\u0131r tonu tercihiniz olabilir. Per&ccedil;emlerinize uygulayaca\u011f\u0131n\u0131z bu renk, sa&ccedil;lar\u0131n\u0131za ate\u015fli ve enerjik bir g&ouml;r&uuml;n&uuml;m sa\u011flar. Ayn\u0131 zamanda &ccedil;arp\u0131c\u0131 kontrast etkisiyle y&uuml;z hatlar\u0131n\u0131z daha belirgin ve dikkat &ccedil;ekici hale gelir. Bak\u0131r tonu, s\u0131cak ve canl\u0131 bir renk oldu\u011fundan herkesin ilgisini &ccedil;ekecek ve size farkl\u0131 bir tarz kazand\u0131r\u0131r. Sa&ccedil;lar\u0131n\u0131zda de\u011fi\u015fiklik yaparak kendinizi yenilemek istiyorsan\u0131z, bak\u0131r tonunu denemeyi d&uuml;\u015f&uuml;nebilirsiniz.<\/p>\n<p><img decoding=\"async\" src=\"https:\/\/www.tgrthaber.com\/mavikadin\/wp-content\/images\/haberler\/24-09\/06\/yeni-proje-29-1725628085.jpg\" alt=\"\" title=\"\"><\/p>\n<h3>KOYU SA&Ccedil;LARDA BORDA BALYAJ RENG\u0130<\/h3>\n<p>Koyu sa&ccedil;lara cesur bir dokunu\u015f yapman\u0131n en trend yolu \u015f&uuml;phesiz bordo balyaj rengi! Derin tabanlarla canl\u0131 bordo vurgular aras\u0131ndaki kontrast, sa&ccedil;lar\u0131n\u0131za tam anlam\u0131yla bir renk patlamas\u0131 katacak. E\u011fer t&uuml;m sa&ccedil;a renk katmak istemeyen ve sadece belirli bir b&ouml;l&uuml;m&uuml; renklendirmek isteyen kad\u0131nlar i&ccedil;in ideal bir se&ccedil;enek olabilir. Bordo balyaj sayesinde hem do\u011fal renginizi koruyabilir, hem de cesur bir tarz olu\u015fturabilirsiniz.<\/p><\/p>\n","protected":false},"excerpt":{"rendered":"<p>S\u0131k\u0131ld\u0131\u011f\u0131n\u0131z monoton sa\u00e7 renginizden kurtulup, mevsimin ruhuna uygun daha canl\u0131 ve \u00e7arp\u0131c\u0131 bir renge mi b\u00fcr\u00fcnmek isteyebilirsiniz. Sar\u0131dan k\u0131z\u0131la, kahveden koyu espresso tonlar\u0131na kadar en trend sa\u00e7 renkleri ile haval\u0131 bir g\u00f6r\u00fcn\u00fcme kavu\u015fabilirsiniz. Peki, sonbahar sa\u00e7 renkleri nelerdir? Sonbahar, sa&ccedil; renginde de\u011fi\u015fiklik yapmak i&ccedil;in ideal bir d&ouml;nem ve farkl\u0131 tonlarda haval\u0131 sa&ccedil; renkleri denemek i&ccedil;in [&hellip;]<\/p>\n","protected":false},"author":10,"featured_media":83917,"comment_status":"closed","ping_status":"open","sticky":false,"template":"","format":"standard","meta":{"rank_math_lock_modified_date":false,"footnotes":""},"categories":[],"tags":[5087,3947,3954,29718,55926],"class_list":["post-83918","post","type-post","status-publish","format-standard","has-post-thumbnail","hentry","tag-sac-boyasi","tag-sac-modelleri","tag-sac-rengi","tag-sac-trendleri","tag-sonbahar-sac"],"_links":{"self":[{"href":"https:\/\/www.tgrthaber.com\/mavikadin\/wp-json\/wp\/v2\/posts\/83918"}],"collection":[{"href":"https:\/\/www.tgrthaber.com\/mavikadin\/wp-json\/wp\/v2\/posts"}],"about":[{"href":"https:\/\/www.tgrthaber.com\/mavikadin\/wp-json\/wp\/v2\/types\/post"}],"author":[{"embeddable":true,"href":"https:\/\/www.tgrthaber.com\/mavikadin\/wp-json\/wp\/v2\/users\/10"}],"replies":[{"embeddable":true,"href":"https:\/\/www.tgrthaber.com\/mavikadin\/wp-json\/wp\/v2\/comments?post=83918"}],"version-history":[{"count":1,"href":"https:\/\/www.tgrthaber.com\/mavikadin\/wp-json\/wp\/v2\/posts\/83918\/revisions"}],"predecessor-version":[{"id":83919,"href":"https:\/\/www.tgrthaber.com\/mavikadin\/wp-json\/wp\/v2\/posts\/83918\/revisions\/83919"}],"wp:featuredmedia":[{"embeddable":true,"href":"https:\/\/www.tgrthaber.com\/mavikadin\/wp-json\/wp\/v2\/media\/83917"}],"wp:attachment":[{"href":"https:\/\/www.tgrthaber.com\/mavikadin\/wp-json\/wp\/v2\/media?parent=83918"}],"wp:term":[{"taxonomy":"category","embeddable":true,"href":"https:\/\/www.tgrthaber.com\/mavikadin\/wp-json\/wp\/v2\/categories?post=83918"},{"taxonomy":"post_tag","embeddable":true,"href":"https:\/\/www.tgrthaber.com\/mavikadin\/wp-json\/wp\/v2\/tags?post=83918"}],"curies":[{"name":"wp","href":"https:\/\/api.w.org\/{rel}","templated":true}]}}