{"id":84527,"date":"2024-09-11T10:48:18","date_gmt":"2024-09-11T07:48:18","guid":{"rendered":"https:\/\/www.tgrthaber.com\/mavikadin\/?p=84527"},"modified":"2024-11-15T12:30:36","modified_gmt":"2024-11-15T09:30:36","slug":"nejat-islerden-cocuklar-hakkinda-dikkat-ceken-aciklama-millet-olmayi-biraktik-ve-kabile-devleti-olmaya-karar-verdik","status":"publish","type":"post","link":"https:\/\/www.tgrthaber.com\/mavikadin\/nejat-islerden-cocuklar-hakkinda-dikkat-ceken-aciklama-millet-olmayi-biraktik-ve-kabile-devleti-olmaya-karar-verdik\/","title":{"rendered":"Nejat \u0130\u015fler&#8217;den \u00e7ocuklar hakk\u0131nda dikkat \u00e7eken a\u00e7\u0131klama: Millet olmay\u0131 b\u0131rakt\u0131k ve kabile devleti olmaya karar verdik"},"content":{"rendered":"<p>Diyarbak\u0131r&#8217;da \u00f6ld\u00fcr\u00fclen 8 ya\u015f\u0131ndaki Narin G\u00fcran i\u00e7in tepki g\u00f6steren oyuncu Nejat \u0130\u015fler&#8217;den dikkat \u00e7eken a\u00e7\u0131klama geldi. \u0130\u015fler, &#8220;Biz millet olmay\u0131 b\u0131rakt\u0131k ve kabile devleti olmaya karar verdik galiba&#8221; dedi.\u00a0<\/p>\n<p>Oyuncu Nejat \u0130\u015fler Narin G&uuml;ran&#8217;\u0131n &ouml;ld&uuml;r&uuml;lmesine y&ouml;nelik tepkisini g&ouml;sterirken dikkat &ccedil;eken a&ccedil;\u0131klamalarda bulundu. Muhabirlerin sorular\u0131n\u0131 cevaplayan \u0130\u015fler Narin G&uuml;ran cinayetine ili\u015fkin dikkat &ccedil;eken s&ouml;zler s&ouml;yledi. &Uuml;nl&uuml; oyuncu \u015fu ifadeleri kulland\u0131:&nbsp;<\/p>\n<p>&#8220;Bug&uuml;n evden bu y&uuml;zden &ccedil;\u0131kt\u0131m &ccedil;&uuml;nk&uuml; s\u0131k\u0131ld\u0131m art\u0131k yani. Hi&ccedil;bir \u015fey yapam\u0131yoruz, koruyam\u0131yoruz &ccedil;ocuklar\u0131. Bizim de su&ccedil;umuz var.&#8221;<\/p>\n<p><img decoding=\"async\" src=\"https:\/\/www.tgrthaber.com\/mavikadin\/wp-content\/images\/haberler\/24-09\/11\/haber-iciii-nejat.jpg\" alt=\"\" title=\"\"><\/p>\n<h3>&#8220;B&Ouml;YLE G\u0130DERSE BUNDAN SONRA DA OLACAK&#8221;<\/h3>\n<p>Millet olmay\u0131 b\u0131rakt\u0131k ve kabile devleti olmaya karar verdik \u015feklinde a&ccedil;\u0131klama yapan \u0130\u015fler s&ouml;zlerine \u015f&ouml;yle devam etti:&nbsp;<\/p>\n<p>&#8220;&Ouml;yle olunca da kabile kurallar\u0131 ge&ccedil;erli oluyor yani. Ondan &ouml;nce de var 1 milyon hikaye, bundan sonra da olacak b&ouml;yle giderse. Hep beraber millet olmay\u0131 hat\u0131rlayaca\u011f\u0131z yani bu kadar basit.&#8221;<\/p>\n<h3>&#8220;LAFIN B\u0130TT\u0130\u011e\u0130 YERDEY\u0130Z&#8221;<\/h3>\n<p>Laf\u0131n bitti\u011fi yerde oldu\u011funu s&ouml;yleyen Nejat \u0130\u015fler, &#8220;Laf\u0131n bitti\u011fi yerdeyiz. Koruyamad\u0131k abi bundan &ouml;ncekileri de koruyamad\u0131k onu da koruyamad\u0131k abi. Koruyamad\u0131k! Bizim su&ccedil;umuz, ger&ccedil;ekten bizim su&ccedil;umuz.&#8221; \u015feklinde s&ouml;zlerini tamamlad\u0131.<\/p><\/p>\n","protected":false},"excerpt":{"rendered":"<p>Diyarbak\u0131r&#8217;da \u00f6ld\u00fcr\u00fclen 8 ya\u015f\u0131ndaki Narin G\u00fcran i\u00e7in tepki g\u00f6steren oyuncu Nejat \u0130\u015fler&#8217;den dikkat \u00e7eken a\u00e7\u0131klama geldi. \u0130\u015fler, &#8220;Biz millet olmay\u0131 b\u0131rakt\u0131k ve kabile devleti olmaya karar verdik galiba&#8221; dedi.\u00a0 Oyuncu Nejat \u0130\u015fler Narin G&uuml;ran&#8217;\u0131n &ouml;ld&uuml;r&uuml;lmesine y&ouml;nelik tepkisini g&ouml;sterirken dikkat &ccedil;eken a&ccedil;\u0131klamalarda bulundu. Muhabirlerin sorular\u0131n\u0131 cevaplayan \u0130\u015fler Narin G&uuml;ran cinayetine ili\u015fkin dikkat &ccedil;eken s&ouml;zler s&ouml;yledi. &Uuml;nl&uuml; [&hellip;]<\/p>\n","protected":false},"author":5,"featured_media":84526,"comment_status":"closed","ping_status":"open","sticky":false,"template":"","format":"standard","meta":{"rank_math_lock_modified_date":false,"footnotes":""},"categories":[76],"tags":[56027,56176,4629,5064,44478],"class_list":["post-84527","post","type-post","status-publish","format-standard","has-post-thumbnail","hentry","category-magazin","tag-cocuk-cinayeti","tag-kabile-devleti","tag-narin-guran","tag-nejat-isler","tag-unlu-tepkisi"],"_links":{"self":[{"href":"https:\/\/www.tgrthaber.com\/mavikadin\/wp-json\/wp\/v2\/posts\/84527"}],"collection":[{"href":"https:\/\/www.tgrthaber.com\/mavikadin\/wp-json\/wp\/v2\/posts"}],"about":[{"href":"https:\/\/www.tgrthaber.com\/mavikadin\/wp-json\/wp\/v2\/types\/post"}],"author":[{"embeddable":true,"href":"https:\/\/www.tgrthaber.com\/mavikadin\/wp-json\/wp\/v2\/users\/5"}],"replies":[{"embeddable":true,"href":"https:\/\/www.tgrthaber.com\/mavikadin\/wp-json\/wp\/v2\/comments?post=84527"}],"version-history":[{"count":1,"href":"https:\/\/www.tgrthaber.com\/mavikadin\/wp-json\/wp\/v2\/posts\/84527\/revisions"}],"predecessor-version":[{"id":84528,"href":"https:\/\/www.tgrthaber.com\/mavikadin\/wp-json\/wp\/v2\/posts\/84527\/revisions\/84528"}],"wp:featuredmedia":[{"embeddable":true,"href":"https:\/\/www.tgrthaber.com\/mavikadin\/wp-json\/wp\/v2\/media\/84526"}],"wp:attachment":[{"href":"https:\/\/www.tgrthaber.com\/mavikadin\/wp-json\/wp\/v2\/media?parent=84527"}],"wp:term":[{"taxonomy":"category","embeddable":true,"href":"https:\/\/www.tgrthaber.com\/mavikadin\/wp-json\/wp\/v2\/categories?post=84527"},{"taxonomy":"post_tag","embeddable":true,"href":"https:\/\/www.tgrthaber.com\/mavikadin\/wp-json\/wp\/v2\/tags?post=84527"}],"curies":[{"name":"wp","href":"https:\/\/api.w.org\/{rel}","templated":true}]}}