{"id":85022,"date":"2024-09-14T10:47:00","date_gmt":"2024-09-14T07:47:00","guid":{"rendered":"https:\/\/www.tgrthaber.com\/mavikadin\/?p=85022"},"modified":"2024-11-15T12:43:51","modified_gmt":"2024-11-15T09:43:51","slug":"ozgu-namalin-kizil-goncalar-aciklamasi-gundem-oldu-hirsizlik-yapmiyoruz","status":"publish","type":"post","link":"https:\/\/www.tgrthaber.com\/mavikadin\/ozgu-namalin-kizil-goncalar-aciklamasi-gundem-oldu-hirsizlik-yapmiyoruz\/","title":{"rendered":"\u00d6zg\u00fc Namal&#8217;\u0131n K\u0131z\u0131l Goncalar a\u00e7\u0131klamas\u0131 g\u00fcndem oldu! &#8220;H\u0131rs\u0131zl\u0131k yapm\u0131yoruz&#8221;"},"content":{"rendered":"<p>Uzun bir aradan sonra K\u0131z\u0131l Goncalar dizisiyle ekranlara d\u00f6nen ba\u015far\u0131l\u0131 oyuncu \u00d6zg\u00fc Namal, dizi hakk\u0131nda dikkat \u00e7eken a\u00e7\u0131klamalarda bulundu.<\/p>\n<p>Oyunculuk kariyerine uzun bir s&uuml;re ara veren ba\u015far\u0131l\u0131 oyuncu &Ouml;zg&uuml; Namal, K\u0131z\u0131l Goncalar dizisiyle yeniden ekranlara d&ouml;nerek izleyicilerin be\u011fenisini kazand\u0131.&nbsp;<\/p>\n<p>Dizide oynad\u0131\u011f\u0131 Meryem karakteriyle b&uuml;y&uuml;k takdir toplayan Namal, ge&ccedil;ti\u011fimiz g&uuml;nlerde bas\u0131n mensuplar\u0131n\u0131n sorular\u0131n\u0131 cevaplad\u0131.<\/p>\n<h3><strong>&#8220;SENARYO Y&Uuml;ZDE 100 YERL\u0130 VE T&Uuml;RK MALI&#8221;<\/strong><\/h3>\n<p>&Ouml;zellikle dizinin senaryosu hakk\u0131nda dikkat &ccedil;eken bir a&ccedil;\u0131klama yapan &uuml;nl&uuml; oyuncu, &ldquo;K\u0131z\u0131l Goncalar&rsquo;\u0131n Necati \u015eahin imzal\u0131 senaryosu y&uuml;zde 100 yerli ve T&uuml;rk mal\u0131. Dev\u015firme ya da h\u0131rs\u0131zl\u0131k yapm\u0131yoruz.&rdquo; ifadelerini kulland\u0131.<\/p>\n<p><img decoding=\"async\" src=\"https:\/\/www.tgrthaber.com\/mavikadin\/wp-content\/images\/haberler\/24-09\/14\/kizil-goncalar-7143-galeri-resim-9594da08-ea3e-42d9-9730-1abde051f3b7-kopya.jpg\" alt=\"\" title=\"\"><\/p>\n<p>Bu a&ccedil;\u0131klama sosyal medyada k\u0131sa s&uuml;rede g&uuml;ndem olurken, kullan\u0131c\u0131lar ikiye b&ouml;l&uuml;nd&uuml;.&nbsp;<\/p>\n<h3><strong>SOSYAL MEDYAYI \u0130K\u0130YE B&Ouml;LD&Uuml;<\/strong><\/h3>\n<p>Bir&ccedil;ok kullan\u0131c\u0131, Namal&rsquo;\u0131n s&ouml;zlerini ele\u015ftirirken, baz\u0131lar\u0131 ise oyuncuyu savunarak yerli projelere olan deste\u011fin alt\u0131n\u0131 &ccedil;izdi.<\/p>\n<p><img decoding=\"async\" src=\"https:\/\/www.tgrthaber.com\/mavikadin\/wp-content\/images\/haberler\/24-09\/14\/kizil-goncalar-7062-galeri-resim-c23019f4-7710-47a7-95cf-9c72de19b895-kopya.jpg\" alt=\"\" title=\"\"><\/p>\n<p>Ayr\u0131ca &Ouml;zg&uuml; Namal&rsquo;\u0131n bu s&ouml;zleri, dizinin yeni sezonu &ouml;ncesinde beklentileri daha da art\u0131rm\u0131\u015f oldu.<\/p><\/p>\n","protected":false},"excerpt":{"rendered":"<p>Uzun bir aradan sonra K\u0131z\u0131l Goncalar dizisiyle ekranlara d\u00f6nen ba\u015far\u0131l\u0131 oyuncu \u00d6zg\u00fc Namal, dizi hakk\u0131nda dikkat \u00e7eken a\u00e7\u0131klamalarda bulundu. Oyunculuk kariyerine uzun bir s&uuml;re ara veren ba\u015far\u0131l\u0131 oyuncu &Ouml;zg&uuml; Namal, K\u0131z\u0131l Goncalar dizisiyle yeniden ekranlara d&ouml;nerek izleyicilerin be\u011fenisini kazand\u0131.&nbsp; Dizide oynad\u0131\u011f\u0131 Meryem karakteriyle b&uuml;y&uuml;k takdir toplayan Namal, ge&ccedil;ti\u011fimiz g&uuml;nlerde bas\u0131n mensuplar\u0131n\u0131n sorular\u0131n\u0131 cevaplad\u0131. &#8220;SENARYO Y&Uuml;ZDE [&hellip;]<\/p>\n","protected":false},"author":7,"featured_media":85021,"comment_status":"closed","ping_status":"open","sticky":false,"template":"","format":"standard","meta":{"rank_math_lock_modified_date":false,"footnotes":""},"categories":[76],"tags":[56393,1447,2306,3668,43569],"class_list":["post-85022","post","type-post","status-publish","format-standard","has-post-thumbnail","hentry","category-magazin","tag-dizi-aciklamasi","tag-gundem","tag-kizil-goncalar","tag-ozgu-namal","tag-yerli-dizi"],"_links":{"self":[{"href":"https:\/\/www.tgrthaber.com\/mavikadin\/wp-json\/wp\/v2\/posts\/85022"}],"collection":[{"href":"https:\/\/www.tgrthaber.com\/mavikadin\/wp-json\/wp\/v2\/posts"}],"about":[{"href":"https:\/\/www.tgrthaber.com\/mavikadin\/wp-json\/wp\/v2\/types\/post"}],"author":[{"embeddable":true,"href":"https:\/\/www.tgrthaber.com\/mavikadin\/wp-json\/wp\/v2\/users\/7"}],"replies":[{"embeddable":true,"href":"https:\/\/www.tgrthaber.com\/mavikadin\/wp-json\/wp\/v2\/comments?post=85022"}],"version-history":[{"count":1,"href":"https:\/\/www.tgrthaber.com\/mavikadin\/wp-json\/wp\/v2\/posts\/85022\/revisions"}],"predecessor-version":[{"id":85023,"href":"https:\/\/www.tgrthaber.com\/mavikadin\/wp-json\/wp\/v2\/posts\/85022\/revisions\/85023"}],"wp:featuredmedia":[{"embeddable":true,"href":"https:\/\/www.tgrthaber.com\/mavikadin\/wp-json\/wp\/v2\/media\/85021"}],"wp:attachment":[{"href":"https:\/\/www.tgrthaber.com\/mavikadin\/wp-json\/wp\/v2\/media?parent=85022"}],"wp:term":[{"taxonomy":"category","embeddable":true,"href":"https:\/\/www.tgrthaber.com\/mavikadin\/wp-json\/wp\/v2\/categories?post=85022"},{"taxonomy":"post_tag","embeddable":true,"href":"https:\/\/www.tgrthaber.com\/mavikadin\/wp-json\/wp\/v2\/tags?post=85022"}],"curies":[{"name":"wp","href":"https:\/\/api.w.org\/{rel}","templated":true}]}}