{"id":85052,"date":"2024-09-14T19:00:04","date_gmt":"2024-09-14T16:00:04","guid":{"rendered":"https:\/\/www.tgrthaber.com\/mavikadin\/?p=85052"},"modified":"2024-11-15T12:44:40","modified_gmt":"2024-11-15T09:44:40","slug":"mustafa-sandal-ev-sahibiyle-davalik-oldu-istanbulun-en-luks-sitesi-icin-kirayi-yuksek-buldu","status":"publish","type":"post","link":"https:\/\/www.tgrthaber.com\/mavikadin\/mustafa-sandal-ev-sahibiyle-davalik-oldu-istanbulun-en-luks-sitesi-icin-kirayi-yuksek-buldu\/","title":{"rendered":"Mustafa Sandal ev sahibiyle daval\u0131k oldu: \u0130stanbul&#8217;un en l\u00fcks sitesi i\u00e7in kiray\u0131 y\u00fcksek buldu"},"content":{"rendered":"<p>\u00dcnl\u00fc sanat\u00e7\u0131 Mustafa Sandal, Etiler\u2019deki l\u00fcks dairesinin sahibi \u0130rem Argat ile kira bedeli nedeniyle dava a\u00e7t\u0131. S\u00f6ylentilere g\u00f6re, Argat, Sandal\u2019a kiraya verdi\u011fi dairenin kira bedelinin art\u0131r\u0131lmas\u0131 talebiyle \u0130stanbul Sulh Hukuk Mahkemesi&#8217;ne ba\u015fvurdu.<\/p>\n<p>Habert&uuml;rk&#8217;ten &Ouml;zge E\u011frikar&#8217;\u0131n bildirdi\u011fine g&ouml;re, \u0130rem Argat, 2018 y\u0131l\u0131nda Mustafa Sandal&rsquo;a ayl\u0131k 65 bin liraya kiraya verdi\u011fi 3+1 dairenin kira bedelinin, &ccedil;evredeki benzer m&uuml;lklerin kira fiyatlar\u0131na g&ouml;re d&uuml;\u015f&uuml;k oldu\u011funu ileri s&uuml;rd&uuml;. Argat, Savoy Sitesi&rsquo;nde bulunan ayn\u0131 nitelikteki dairelerin kira bedellerinin 200 ila 220 bin lira aras\u0131nda oldu\u011funu belirterek, kira tespit davas\u0131nda bu miktar\u0131n 170 bin lira olarak belirlenmesini talep etti.<\/p>\n<h3>MUSTAFA SANDAL DA EV SAH\u0130B\u0130YLE DAVALIK OLDU<\/h3>\n<p>Savoy Sitesi&rsquo;nin, T&uuml;rkiye&rsquo;nin en zengin bireylerinin ya\u015fad\u0131\u011f\u0131 &ouml;zel bir proje oldu\u011funa dikkat &ccedil;eken Argat&rsquo;\u0131n dilek&ccedil;esinde, &#8220;Sandal&rsquo;\u0131n dairesinde kullan\u0131lan malzeme ve ekipmanlar\u0131n tamam\u0131 A s\u0131n\u0131f\u0131 kalitededir. Bu sebeple mevcut kira bedelinin d&uuml;\u015f&uuml;k oldu\u011fu ve ekonomik ko\u015fullar g&ouml;z &ouml;n&uuml;ne al\u0131nd\u0131\u011f\u0131nda kira bedelinin 170 bin lira olarak belirlenmesi gerekti\u011fi belirtilmi\u015ftir&#8221; denildi.<\/p>\n<p><img decoding=\"async\" src=\"https:\/\/www.tgrthaber.com\/mavikadin\/wp-content\/images\/haberler\/24-09\/14\/mustafa_sandal_dugununden_yeni_kareler_paylasip_gerisi_detay_olur_dedi-3.jpg\" alt=\"\" title=\"\"><\/p>\n<h3>MUSTAFA SANDAL K\u0130RAYI FAZLA BULDU<\/h3>\n<p>Mustafa Sandal, kira bedelinin bu denli y&uuml;ksek olmas\u0131n\u0131 a\u015f\u0131r\u0131 buldu\u011funu belirterek davan\u0131n reddedilmesini talep etti. Sandal&rsquo;\u0131n avukat\u0131, dava dilek&ccedil;esinde, &#8220;Ev sahibinin amac\u0131n\u0131n m&uuml;vekkilimi tahliye ettirmek oldu\u011funu d&uuml;\u015f&uuml;n&uuml;yoruz. Ayr\u0131ca, kira art\u0131\u015f\u0131na ili\u015fkin maddelerde Sandal&rsquo;\u0131n imzas\u0131 bulunmamaktad\u0131r ve &ouml;nceden ihtarname de iletilmemi\u015ftir. Bu sebeple davan\u0131n reddini istiyoruz&#8221; dedi.<\/p>\n<p>Sandal&rsquo;\u0131n avukat\u0131, 2018 y\u0131l\u0131nda kira bedelinin o d&ouml;nemdeki ekonomik durumlara g&ouml;re zaten y&uuml;ksek oldu\u011funu ve taleplerin a&ccedil;\u0131k&ccedil;a a\u015f\u0131r\u0131 oldu\u011funu belirterek, kom\u015fu dairelerin kira bedellerinin de ke\u015fif s\u0131ras\u0131nda incelenmesini talep etti.<\/p>\n<p><img decoding=\"async\" src=\"https:\/\/www.tgrthaber.com\/mavikadin\/wp-content\/images\/haberler\/24-09\/14\/melis_sutsurup_ve_mustafa_sandal_marmariste_evlendi-16.jpg\" alt=\"\" title=\"\"><\/p><\/p>\n","protected":false},"excerpt":{"rendered":"<p>\u00dcnl\u00fc sanat\u00e7\u0131 Mustafa Sandal, Etiler\u2019deki l\u00fcks dairesinin sahibi \u0130rem Argat ile kira bedeli nedeniyle dava a\u00e7t\u0131. S\u00f6ylentilere g\u00f6re, Argat, Sandal\u2019a kiraya verdi\u011fi dairenin kira bedelinin art\u0131r\u0131lmas\u0131 talebiyle \u0130stanbul Sulh Hukuk Mahkemesi&#8217;ne ba\u015fvurdu. Habert&uuml;rk&#8217;ten &Ouml;zge E\u011frikar&#8217;\u0131n bildirdi\u011fine g&ouml;re, \u0130rem Argat, 2018 y\u0131l\u0131nda Mustafa Sandal&rsquo;a ayl\u0131k 65 bin liraya kiraya verdi\u011fi 3+1 dairenin kira bedelinin, &ccedil;evredeki benzer [&hellip;]<\/p>\n","protected":false},"author":2,"featured_media":85051,"comment_status":"closed","ping_status":"open","sticky":false,"template":"","format":"standard","meta":{"rank_math_lock_modified_date":false,"footnotes":""},"categories":[76],"tags":[40200,47438,2745,56413,56414],"class_list":["post-85052","post","type-post","status-publish","format-standard","has-post-thumbnail","hentry","category-magazin","tag-etiler","tag-kira-davasi","tag-mustafa-sandal","tag-savoy-sitesi","tag-unlu-dava"],"_links":{"self":[{"href":"https:\/\/www.tgrthaber.com\/mavikadin\/wp-json\/wp\/v2\/posts\/85052"}],"collection":[{"href":"https:\/\/www.tgrthaber.com\/mavikadin\/wp-json\/wp\/v2\/posts"}],"about":[{"href":"https:\/\/www.tgrthaber.com\/mavikadin\/wp-json\/wp\/v2\/types\/post"}],"author":[{"embeddable":true,"href":"https:\/\/www.tgrthaber.com\/mavikadin\/wp-json\/wp\/v2\/users\/2"}],"replies":[{"embeddable":true,"href":"https:\/\/www.tgrthaber.com\/mavikadin\/wp-json\/wp\/v2\/comments?post=85052"}],"version-history":[{"count":1,"href":"https:\/\/www.tgrthaber.com\/mavikadin\/wp-json\/wp\/v2\/posts\/85052\/revisions"}],"predecessor-version":[{"id":85053,"href":"https:\/\/www.tgrthaber.com\/mavikadin\/wp-json\/wp\/v2\/posts\/85052\/revisions\/85053"}],"wp:featuredmedia":[{"embeddable":true,"href":"https:\/\/www.tgrthaber.com\/mavikadin\/wp-json\/wp\/v2\/media\/85051"}],"wp:attachment":[{"href":"https:\/\/www.tgrthaber.com\/mavikadin\/wp-json\/wp\/v2\/media?parent=85052"}],"wp:term":[{"taxonomy":"category","embeddable":true,"href":"https:\/\/www.tgrthaber.com\/mavikadin\/wp-json\/wp\/v2\/categories?post=85052"},{"taxonomy":"post_tag","embeddable":true,"href":"https:\/\/www.tgrthaber.com\/mavikadin\/wp-json\/wp\/v2\/tags?post=85052"}],"curies":[{"name":"wp","href":"https:\/\/api.w.org\/{rel}","templated":true}]}}