{"id":85064,"date":"2024-09-14T20:16:49","date_gmt":"2024-09-14T17:16:49","guid":{"rendered":"https:\/\/www.tgrthaber.com\/mavikadin\/?p=85064"},"modified":"2024-11-15T12:45:00","modified_gmt":"2024-11-15T09:45:00","slug":"2025te-trend-olan-kiz-cocuk-orme-hirka-modelleri","status":"publish","type":"post","link":"https:\/\/www.tgrthaber.com\/mavikadin\/2025te-trend-olan-kiz-cocuk-orme-hirka-modelleri\/","title":{"rendered":"2025&#8217;te trend olan k\u0131z \u00e7ocuk \u00f6rme h\u0131rka modelleri"},"content":{"rendered":"<p>S\u0131cac\u0131k ve \u015f\u0131k h\u0131rkalar, hem so\u011fuk havalar\u0131n \u00fcstesinden gelmek i\u00e7in harika bir se\u00e7enek sunarken hem de tarz\u0131n\u0131za farkl\u0131 bir dokunu\u015f kat\u0131yor. Renkli desenler, ilgin\u00e7 detaylar ve modern kesimlerle s\u00fcslenmi\u015f olan bu h\u0131rkalar, minik prenseslerin gard\u0131roplar\u0131nda vazge\u00e7ilmez par\u00e7alardan biri olmaya aday! E\u011fer siz de k\u0131z \u00e7ocu\u011funuz i\u00e7in \u015f\u0131k ve konforlu bir h\u0131rka aray\u0131\u015f\u0131ndaysan\u0131z, 2025 k\u0131z \u00e7ocuk \u00f6rme h\u0131rka modelleri \u015fimdiden bir g\u00f6z at\u0131n.<\/p>\n<p>2025&#8217;te trend olacak k\u0131z &ccedil;ocuk &ouml;rme h\u0131rka modelleri, \u015f\u0131kl\u0131\u011f\u0131 ve rahatl\u0131\u011f\u0131 bir arada sunarak minik prenseslerin gard\u0131roplar\u0131na renk katacak. 2025 y\u0131l\u0131n\u0131n modas\u0131 olan &ouml;rg&uuml; h\u0131rka modelleri, &ccedil;e\u015fitli desenleri, renkleri ve kesimleriyle dikkat &ccedil;ekiyor. Yumu\u015fac\u0131k dokular\u0131yla s\u0131cakl\u0131k sa\u011flarken ayn\u0131 zamanda zarif detaylar\u0131yla da g&ouml;z al\u0131c\u0131 bir g&ouml;r&uuml;n&uuml;m sunuyor. Klasik &ouml;rg&uuml; desenlerinden modern ve minimal tasar\u0131mlara kadar geni\u015f bir yelpazede se&ccedil;enek sunan &ouml;rme h\u0131rkalar, hem g&uuml;nl&uuml;k kullan\u0131m hem de &ouml;zel g&uuml;nler i&ccedil;in ideal. &Ccedil;ocu\u011funuzun tarz\u0131n\u0131 ve ki\u015fili\u011fini yans\u0131tan 2025&#8217;in trend k\u0131z &ccedil;ocuk &ouml;rme h\u0131rka modelleriyle onlar\u0131n stilini tamamlayabilirsiniz.<\/p>\n<h3>MODERN DOKUNU\u015eLARLA DOLU 2025 KIZ &Ccedil;OCUK &Ouml;RME HIRKA MODELLER\u0130<\/h3>\n<p>\u015e\u0131k d&uuml;\u011fme detaylar\u0131, i\u015flemeler ve ponponlar gibi modern eklemelerle 2025 k\u0131z &ccedil;ocuk &ouml;rme h\u0131rka modelleri:<\/p>\n<p><img decoding=\"async\" src=\"https:\/\/www.tgrthaber.com\/mavikadin\/wp-content\/images\/haberler\/24-09\/14\/1-1726334384.jpg\" alt=\"\" title=\"\"><\/p>\n<h3>RENG&Acirc;RENK GE&Ccedil;\u0130\u015eLER\u0130YLE PONPONLU KIZ &Ccedil;OCUK &Ouml;RME HIRKA MODEL\u0130<\/h3>\n<p>Renklerin canl\u0131 d&uuml;nyas\u0131n\u0131 k\u0131z &ccedil;ocu\u011funuzun gard\u0131robuna ta\u015f\u0131yan bu &ouml;zel h\u0131rka modeli ile stil sahibi bir g&ouml;r&uuml;n&uuml;m elde edebilirsiniz. Pembe, ebrulu ve ye\u015fil tonlar\u0131n muhte\u015fem uyumuyla tasarlanm\u0131\u015f olan h\u0131rka, her ya\u015f grubundan minik k\u0131z\u0131n be\u011fenisini kazanacak. &Uuml;zerindeki \u015firin ponpon detay\u0131yla da hem sevimli hem de \u015f\u0131k bir hava&nbsp;kat\u0131yor.<\/p>\n<p>Kap&uuml;\u015fonlu tasar\u0131m\u0131 sayesinde so\u011fuk havalarda ekstra koruma sa\u011flayan bu &ouml;rme h\u0131rka modeli, yumu\u015fac\u0131k dokusuyla k\u0131z\u0131n\u0131z\u0131n rahat etmesine olanak tan\u0131yor. Sadece \u015f\u0131k bir g&ouml;r&uuml;n&uuml;m sunmakla kalmay\u0131p ayn\u0131 zamanda konforlu bir deneyim vaat eden bu h\u0131rka, g&uuml;nl&uuml;k kullan\u0131m i&ccedil;in ideal bir&nbsp;se&ccedil;enek olabilir.<\/p>\n<p><img decoding=\"async\" src=\"https:\/\/www.tgrthaber.com\/mavikadin\/wp-content\/images\/haberler\/24-09\/14\/2-1726334372.jpg\" alt=\"\" title=\"\"><\/p>\n<h3>TI\u011eLA &Ouml;R&Uuml;LM&Uuml;\u015e KIZ &Ccedil;OCUK &Ouml;RME HIRKA MODEL\u0130<\/h3>\n<p>H\u0131rkay\u0131 &ouml;zel yapan \u015feylerden biri kesinlikle &uuml;zerindeki papatya &ccedil;i&ccedil;ekleri. Papatya &ccedil;i&ccedil;eklerinin saf g&uuml;zellik ve ne\u015feli enerjisi, bu h\u0131rkaya m&uuml;kemmel bir dokunu\u015f kat\u0131yor. &Ccedil;i&ccedil;eklerin tatl\u0131 g&ouml;r&uuml;n&uuml;m&uuml; ile k&uuml;&ccedil;&uuml;k k\u0131z\u0131n\u0131z\u0131n y&uuml;z&uuml;nde b&uuml;y&uuml;k bir g&uuml;l&uuml;mseme olacak.<\/p>\n<p>Renginden bahsetmek gerekirse, somon rengi tam anlam\u0131yla h\u0131rkay\u0131 vazge&ccedil;ilmez yap\u0131yor. Sonbahar ve k\u0131\u015f aylar\u0131nda i&ccedil; \u0131s\u0131t\u0131c\u0131 bir renk olan somon, hem canl\u0131 hem de s\u0131cak bir ton sunuyor. K&uuml;&ccedil;&uuml;k k\u0131z\u0131n\u0131za yumu\u015fac\u0131k ve rahat hissettirecek bu renk, ayr\u0131ca her t&uuml;r kombinle uyum&nbsp;sa\u011flayabilir.<\/p>\n<p><img decoding=\"async\" src=\"https:\/\/www.tgrthaber.com\/mavikadin\/wp-content\/images\/haberler\/24-09\/14\/3-1726334362.jpg\" alt=\"\" title=\"\"><\/p>\n<h3>KIRMIZI VE GR\u0130 RENKL\u0130 KIZ &Ccedil;OCUK &Ouml;RME HIRKA MODEL\u0130<\/h3>\n<p>K\u0131rm\u0131z\u0131 ve gri renkli &ouml;rg&uuml; h\u0131rka, her t&uuml;rl&uuml; giysiyle harika g&ouml;r&uuml;n&uuml;r. Kot pantolonlar, etekler veya elbiselerle kombinlenerek \u015f\u0131k bir stil olu\u015fturabilir. Hem okula hem de aile gezilerine uygun olan bu h\u0131rka, minik y\u0131ld\u0131z\u0131n\u0131z\u0131n her zaman en iyi \u015fekilde g&ouml;r&uuml;nmesini&nbsp;sa\u011flayacak.<\/p>\n<p>H\u0131rkan\u0131n &uuml;st k\u0131sm\u0131 enerjik ve ne\u015feli bir havaya sahip parlak k\u0131rm\u0131z\u0131 iplikle &ouml;r&uuml;l&uuml;r. Alt k\u0131s\u0131m ise sofistike ve zamans\u0131z bir g&ouml;r&uuml;n&uuml;m sunan gri iplikle tamamlanm\u0131\u015f. \u0130ki renk aras\u0131ndaki ge&ccedil;i\u015f, zarif ince beyaz &ccedil;izgilerle sa\u011flanarak ho\u015f bir kontrast olu\u015fturmu\u015f. Hem rengarenk hem de n&ouml;tr tonlar\u0131 seven k&uuml;&ccedil;&uuml;k modac\u0131lara hitap&nbsp;edebilir.<\/p>\n<p><img decoding=\"async\" src=\"https:\/\/www.tgrthaber.com\/mavikadin\/wp-content\/images\/haberler\/24-09\/14\/4-1726334350.jpg\" alt=\"\" title=\"\"><\/p>\n<h3>TOP TOP DESENLER\u0130YLE KIZ &Ccedil;OCUK &Ouml;RME HIRKA MODEL\u0130<\/h3>\n<p>K\u0131z &ccedil;ocuklar\u0131 i&ccedil;in &ouml;zel olarak tasarlanm\u0131\u015f g&ouml;z al\u0131c\u0131 &ouml;rme h\u0131rka modeli, pembe ve gri renklerin m&uuml;kemmel birle\u015fiminden olu\u015fuyor. Top top desenleri ile s\u0131radanl\u0131ktan uzakla\u015farak fark\u0131n\u0131 ortaya koyan &ouml;rme h\u0131rka, &ccedil;ocu\u011funuzun dolab\u0131n\u0131n vazge&ccedil;ilmez par&ccedil;as\u0131 haline gelecek. Modelin kollar\u0131ndaki top top &ouml;rg&uuml;ler, geri kalan di\u011fer d&uuml;z &ouml;rg&uuml; b&ouml;l&uuml;mleriyle kontrast olu\u015fturarak ilgi &ccedil;ekici bir g&ouml;r&uuml;n&uuml;m sunuyor. Hem \u015f\u0131k hem de rahat olan h\u0131rka modeli, k\u0131z\u0131n\u0131z\u0131n &uuml;zerinde &ccedil;ok ho\u015f duracak.<\/p>\n<p><img decoding=\"async\" src=\"https:\/\/www.tgrthaber.com\/mavikadin\/wp-content\/images\/haberler\/24-09\/14\/5-1726334339.jpg\" alt=\"\" title=\"\"><\/p>\n<h3>HEM KAP&Uuml;\u015eONLU HEM KULAKLI KIZ &Ccedil;OCUK &Ouml;RME HIRKA MODEL\u0130<\/h3>\n<p>K\u0131z &ccedil;ocu\u011funuz i&ccedil;in hem kap&uuml;\u015fonlu hem de kulakl\u0131 bir h\u0131rka modeli ar\u0131yorsan\u0131z, pirin&ccedil; &ouml;rg&uuml; modeliyle tasarlanm\u0131\u015f bu h\u0131rka tam size g&ouml;re olabilir. \u015eirin h\u0131rka, kap&uuml;\u015fonunda yer alan iki k&uuml;&ccedil;&uuml;k kulak detay\u0131 ile adeta minik bir ay\u0131c\u0131k g&ouml;r&uuml;n&uuml;m&uuml;ne b&uuml;r&uuml;n&uuml;yor. Sar\u0131n\u0131n verdi\u011fi tatl\u0131 renk ise, k\u0131z\u0131n\u0131z\u0131n &uuml;zerinde olduk&ccedil;a ho\u015f duracak. &Uuml;stelik bu h\u0131rka, so\u011fuk k\u0131\u015f g&uuml;nlerinde onu s\u0131cac\u0131k tutarken, ayn\u0131 zamanda tarz\u0131n\u0131 da yans\u0131tacak. &Ouml;zellikle okula giderken veya arkada\u015flar\u0131yla oyun oynarken bu h\u0131rkay\u0131 giydirebilirsiniz.<\/p><\/p>\n","protected":false},"excerpt":{"rendered":"<p>S\u0131cac\u0131k ve \u015f\u0131k h\u0131rkalar, hem so\u011fuk havalar\u0131n \u00fcstesinden gelmek i\u00e7in harika bir se\u00e7enek sunarken hem de tarz\u0131n\u0131za farkl\u0131 bir dokunu\u015f kat\u0131yor. Renkli desenler, ilgin\u00e7 detaylar ve modern kesimlerle s\u00fcslenmi\u015f olan bu h\u0131rkalar, minik prenseslerin gard\u0131roplar\u0131nda vazge\u00e7ilmez par\u00e7alardan biri olmaya aday! E\u011fer siz de k\u0131z \u00e7ocu\u011funuz i\u00e7in \u015f\u0131k ve konforlu bir h\u0131rka aray\u0131\u015f\u0131ndaysan\u0131z, 2025 k\u0131z \u00e7ocuk [&hellip;]<\/p>\n","protected":false},"author":10,"featured_media":85063,"comment_status":"closed","ping_status":"open","sticky":false,"template":"","format":"standard","meta":{"rank_math_lock_modified_date":false,"footnotes":""},"categories":[],"tags":[55868,38078,56417,56409,48175],"class_list":["post-85064","post","type-post","status-publish","format-standard","has-post-thumbnail","hentry","tag-2025-trendleri","tag-cocuk-giyim","tag-kiz-cocuk-hirka","tag-orgu-hirka-modelleri","tag-orgu-moda"],"_links":{"self":[{"href":"https:\/\/www.tgrthaber.com\/mavikadin\/wp-json\/wp\/v2\/posts\/85064"}],"collection":[{"href":"https:\/\/www.tgrthaber.com\/mavikadin\/wp-json\/wp\/v2\/posts"}],"about":[{"href":"https:\/\/www.tgrthaber.com\/mavikadin\/wp-json\/wp\/v2\/types\/post"}],"author":[{"embeddable":true,"href":"https:\/\/www.tgrthaber.com\/mavikadin\/wp-json\/wp\/v2\/users\/10"}],"replies":[{"embeddable":true,"href":"https:\/\/www.tgrthaber.com\/mavikadin\/wp-json\/wp\/v2\/comments?post=85064"}],"version-history":[{"count":1,"href":"https:\/\/www.tgrthaber.com\/mavikadin\/wp-json\/wp\/v2\/posts\/85064\/revisions"}],"predecessor-version":[{"id":85065,"href":"https:\/\/www.tgrthaber.com\/mavikadin\/wp-json\/wp\/v2\/posts\/85064\/revisions\/85065"}],"wp:featuredmedia":[{"embeddable":true,"href":"https:\/\/www.tgrthaber.com\/mavikadin\/wp-json\/wp\/v2\/media\/85063"}],"wp:attachment":[{"href":"https:\/\/www.tgrthaber.com\/mavikadin\/wp-json\/wp\/v2\/media?parent=85064"}],"wp:term":[{"taxonomy":"category","embeddable":true,"href":"https:\/\/www.tgrthaber.com\/mavikadin\/wp-json\/wp\/v2\/categories?post=85064"},{"taxonomy":"post_tag","embeddable":true,"href":"https:\/\/www.tgrthaber.com\/mavikadin\/wp-json\/wp\/v2\/tags?post=85064"}],"curies":[{"name":"wp","href":"https:\/\/api.w.org\/{rel}","templated":true}]}}