{"id":85625,"date":"2024-09-19T01:51:08","date_gmt":"2024-09-18T22:51:08","guid":{"rendered":"https:\/\/www.tgrthaber.com\/mavikadin\/?p=85625"},"modified":"2024-11-15T13:00:08","modified_gmt":"2024-11-15T10:00:08","slug":"kan-uyusmazligi-nedir-hamilelikte-nelere-dikkat-edilmeli","status":"publish","type":"post","link":"https:\/\/www.tgrthaber.com\/mavikadin\/kan-uyusmazligi-nedir-hamilelikte-nelere-dikkat-edilmeli\/","title":{"rendered":"Kan uyu\u015fmazl\u0131\u011f\u0131 nedir? Hamilelikte nelere dikkat edilmeli?"},"content":{"rendered":"<p>Kan uyu\u015fmazl\u0131\u011f\u0131, hamilelik s\u0131ras\u0131nda annenin ve bebe\u011fin kan gruplar\u0131n\u0131n farkl\u0131 olmas\u0131 nedeniyle ortaya \u00e7\u0131kar. Kan uyu\u015fmazl\u0131\u011f\u0131 oldu\u011funda annenin v\u00fccudu, bebe\u011fin kan\u0131ndaki farkl\u0131 bir kan grubuna kar\u015f\u0131 antikorlar \u00fcretmeye ba\u015flar. Hamilelikte kan uyu\u015fmazl\u0131\u011f\u0131 nedir? Anne ve bebek aras\u0131ndaki kan uyu\u015fmazl\u0131\u011f\u0131 neden olu\u015fur ve nas\u0131l tedavi edilir?<\/p>\n<p>Kan uyu\u015fmazl\u0131\u011f\u0131, anne aday\u0131n\u0131n ba\u011f\u0131\u015f\u0131kl\u0131k sisteminin bebe\u011fin Rh pozitif h&uuml;crelerini yabanc\u0131 bir tehdit olarak alg\u0131lamas\u0131yla olu\u015fur. Bu durumda, anne v&uuml;cudu, bebe\u011fin kan h&uuml;crelerine kar\u015f\u0131 savunma geli\u015ftirmeye &ccedil;al\u0131\u015f\u0131r. E\u011fer anne Rh negatifse ve bebek Rh pozitifse, bu durum &#8220;kan uyu\u015fmazl\u0131\u011f\u0131&#8221; olarak adland\u0131r\u0131l\u0131r. Anne aday\u0131n\u0131n kan grubu ve Rh fakt&ouml;r&uuml; kan testiyle belirlenir. Bebekte kan uyu\u015fmazl\u0131\u011f\u0131n\u0131 &ouml;nlemek i&ccedil;in hamilelik s\u0131ras\u0131nda Rh imm&uuml;noglobulin enjeksiyonu yap\u0131lmas\u0131, antikor olu\u015fumunu engelleyerek bebe\u011fi koruyabilir.<\/p>\n<h3>HAM\u0130LEL\u0130KTE KAN UYU\u015eMAZLI\u011eI NED\u0130R?<\/h3>\n<p>Kan gruplar\u0131 A, B, AB ve 0 olarak ayr\u0131l\u0131r ve Rh fakt&ouml;r&uuml; pozitif ya da negatif olabilir. E\u011fer anne aday\u0131n\u0131n kan grubu bebe\u011finkinden farkl\u0131ysa ve &ouml;zellikle Rh fakt&ouml;r&uuml; uyu\u015fmazl\u0131\u011f\u0131 varsa, bu kan uyu\u015fmazl\u0131\u011f\u0131na yol a&ccedil;ar. Genellikle Rh negatif bir annenin Rh pozitif bir bebek ta\u015f\u0131mas\u0131 bu duruma sebep olur.<\/p>\n<p>&nbsp;<\/p>\n<p><img loading=\"lazy\" decoding=\"async\" src=\"https:\/\/www.tgrthaber.com\/mavikadin\/wp-content\/images\/haberler\/24-09\/19\/ekran-goruntusu-2024-09-19-020554.png\" width=\"828\" height=\"505\" alt=\"\" title=\"\"><\/p>\n<h3>KAN UYU\u015eMAZLI\u011eI NEDEN OLUR?<\/h3>\n<p>Kan uyu\u015fmazl\u0131\u011f\u0131, anne ve bebek aras\u0131ndaki Rh fakt&ouml;r&uuml; fark\u0131ndan kaynaklan\u0131r. RH k\u0131rm\u0131z\u0131 kan h&uuml;crelerindeki proteinin ad\u0131d\u0131r. Anneleri Rh negatif olan bebekler, babadan Rh pozitif gen alabilir. Hamilelik s\u0131ras\u0131nda, bebe\u011fin k\u0131rm\u0131z\u0131 kan h&uuml;creleri plasenta yoluyla annenin dola\u015f\u0131m\u0131na ge&ccedil;ebilir. Bu durumda, Rh negatif olan anne, bebe\u011fin Rh pozitif h&uuml;crelerine kar\u015f\u0131 antikor &uuml;retmeye ba\u015flar. Bu antikorlar, plasentadan ge&ccedil;erek bebe\u011fin k\u0131rm\u0131z\u0131 kan h&uuml;crelerine sald\u0131rabilir ve bu da sar\u0131l\u0131k gibi sa\u011fl\u0131k sorunlar\u0131na neden olabilir.<\/p>\n<h3>HAM\u0130LEL\u0130KTE KAN UYU\u015eMAZLI\u011eI NASIL &Ouml;NLEN\u0130R?<\/h3>\n<p>Kan uyu\u015fmazl\u0131\u011f\u0131nda tedavi s&uuml;reci nas\u0131l i\u015fler! Hamilelik s&uuml;recinde kan uyu\u015fmazl\u0131\u011f\u0131, erken d&ouml;nemde yap\u0131lan testlerle tespit edilebilir. Uyu\u015fmazl\u0131\u011f\u0131 &ouml;nlemek i&ccedil;in, genellikle 28-34. haftalar aras\u0131nda Rh imm&uuml;noglobulin i\u011fnesi yap\u0131l\u0131r. Bu i\u011fne, annenin ba\u011f\u0131\u015f\u0131kl\u0131k sisteminin Rh pozitif kan h&uuml;crelerine kar\u015f\u0131 antikor geli\u015ftirmesini engeller. \u0130\u011fne genellikle iki a\u015famada uygulan\u0131r: ilki hamilelik s\u0131ras\u0131nda, ikincisi ise do\u011fumdan hemen sonra yap\u0131l\u0131r.<\/p>\n<p>&nbsp;<\/p>\n<p><img loading=\"lazy\" decoding=\"async\" src=\"https:\/\/www.tgrthaber.com\/mavikadin\/wp-content\/images\/haberler\/24-09\/19\/ekran-goruntusu-2024-09-19-020635.png\" width=\"823\" height=\"418\" alt=\"\" title=\"\"><\/p>\n<h3>KAN UYU\u015eMAZLI\u011eI OLURSA NE OLUR?<\/h3>\n<p>E\u011fer bebe\u011fin kan uyu\u015fmazl\u0131\u011f\u0131 ciddi boyutlardaysa, tedavi se&ccedil;enekleri duruma g&ouml;re de\u011fi\u015fir. Hafif vakalarda fototerapi ile bilirubin seviyeleri d&uuml;\u015f&uuml;r&uuml;lebilir. Daha ciddi vakalarda ise do\u011fum &ouml;ncesi veya do\u011fum sonras\u0131 kan de\u011fi\u015fimi gerekebilir. Bu i\u015flem, bebe\u011fin kan\u0131n\u0131 Rh negatif kan h&uuml;creleriyle de\u011fi\u015ftirerek antikorlar\u0131n neden oldu\u011fu hasar\u0131 azalt\u0131r.<\/p>\n<h3>KAN UYU\u015eMAZLI\u011eININ BEBE\u011eE ETK\u0130S\u0130<\/h3>\n<p>Kan uyu\u015fmazl\u0131\u011f\u0131 annenin sa\u011fl\u0131\u011f\u0131n\u0131 etkilemez fakat bebekte baz\u0131 sa\u011fl\u0131k sorunlara yol a&ccedil;abilir.<\/p>\n<p>Olas\u0131 sonu&ccedil;lar aras\u0131nda \u015funlar yer al\u0131r:<\/p>\n<p><strong>Hemolitik anemi:<\/strong> Bebe\u011fin k\u0131rm\u0131z\u0131 kan h&uuml;creleri h\u0131zla tahrip olur, bu da karaci\u011fer ve kalp yetmezli\u011fi gibi ciddi sorunlara neden olabilir.<\/p>\n<p><strong>Beyin hasar\u0131: <\/strong>Y&uuml;ksek bilirubin seviyeleri, bebekte beyin hasar\u0131na neden olabilir.<\/p>\n<p><strong>Hidrops fetalis: <\/strong>Bebekte v&uuml;cut s\u0131v\u0131lar\u0131n\u0131n birikmesi ve \u015fi\u015flik olu\u015fabilir.<\/p>\n<p><strong>N&ouml;rolojik sorunlar:<\/strong> Zihinsel ve motor becerilerde bozulma, i\u015fitme kayb\u0131 veya n&ouml;betler g&ouml;r&uuml;lebilir.<\/p>\n<p>&nbsp;<\/p>\n<p><img loading=\"lazy\" decoding=\"async\" src=\"https:\/\/www.tgrthaber.com\/mavikadin\/wp-content\/images\/haberler\/24-09\/19\/ekran-goruntusu-2024-09-19-020707.png\" width=\"789\" height=\"532\" alt=\"\" title=\"\"><\/p>\n<h3>ANNE NEGAT\u0130F BABA POZ\u0130T\u0130FSE KAN UYU\u015eMAZLI\u011eI OLUR MU?<\/h3>\n<p>Anne ve baban\u0131n RH fakt&ouml;rleri de pozitif olursa herhangi bir sorun ya\u015fanmaz ancak anne negatif baba pozitifken bebe\u011fin kan gurubunun pozitif olmas\u0131 sorun te\u015fkil eder. Bu durumda da anneye indirekt coombs testi yap\u0131l\u0131r.<\/p>\n<h3>KAN UYU\u015eMAZLI\u011eI OLAN E\u015eLER NE YAPMALI?<\/h3>\n<p>Kan uyu\u015fmazl\u0131\u011f\u0131 olan e\u015fler kan uyu\u015fmazl\u0131\u011f\u0131 i\u011fnesi olmal\u0131d\u0131r. Hamileli\u011fin 28. haftas\u0131nda Anti immunoglobulin adl\u0131 i\u011fne yap\u0131l\u0131r. E\u011fer bebe\u011fin kan grubu Rh negatif ise do\u011fumdan sonra ikinci bir doza ihtiya&ccedil; yoktur.&nbsp;<\/p>\n<h3>HANG\u0130 KAN GRUBU ZOR BULUNUR?<\/h3>\n<p>T&uuml;rkiye&#8217;de en s\u0131k rastlanan kan grubu A Rh Pozitif en az kan grubu ise AB Rh Negatiftir.&nbsp;<\/p><\/p>\n","protected":false},"excerpt":{"rendered":"<p>Kan uyu\u015fmazl\u0131\u011f\u0131, hamilelik s\u0131ras\u0131nda annenin ve bebe\u011fin kan gruplar\u0131n\u0131n farkl\u0131 olmas\u0131 nedeniyle ortaya \u00e7\u0131kar. Kan uyu\u015fmazl\u0131\u011f\u0131 oldu\u011funda annenin v\u00fccudu, bebe\u011fin kan\u0131ndaki farkl\u0131 bir kan grubuna kar\u015f\u0131 antikorlar \u00fcretmeye ba\u015flar. Hamilelikte kan uyu\u015fmazl\u0131\u011f\u0131 nedir? Anne ve bebek aras\u0131ndaki kan uyu\u015fmazl\u0131\u011f\u0131 neden olu\u015fur ve nas\u0131l tedavi edilir? Kan uyu\u015fmazl\u0131\u011f\u0131, anne aday\u0131n\u0131n ba\u011f\u0131\u015f\u0131kl\u0131k sisteminin bebe\u011fin Rh pozitif h&uuml;crelerini [&hellip;]<\/p>\n","protected":false},"author":4,"featured_media":85624,"comment_status":"closed","ping_status":"open","sticky":false,"template":"","format":"standard","meta":{"rank_math_lock_modified_date":false,"footnotes":""},"categories":[111],"tags":[265,266,11532,38526,38527],"class_list":["post-85625","post","type-post","status-publish","format-standard","has-post-thumbnail","hentry","category-anne-cocuk","tag-gebelik","tag-hamilelik","tag-kan-grubu","tag-kan-uyusmazligi","tag-rh-faktoru"],"_links":{"self":[{"href":"https:\/\/www.tgrthaber.com\/mavikadin\/wp-json\/wp\/v2\/posts\/85625"}],"collection":[{"href":"https:\/\/www.tgrthaber.com\/mavikadin\/wp-json\/wp\/v2\/posts"}],"about":[{"href":"https:\/\/www.tgrthaber.com\/mavikadin\/wp-json\/wp\/v2\/types\/post"}],"author":[{"embeddable":true,"href":"https:\/\/www.tgrthaber.com\/mavikadin\/wp-json\/wp\/v2\/users\/4"}],"replies":[{"embeddable":true,"href":"https:\/\/www.tgrthaber.com\/mavikadin\/wp-json\/wp\/v2\/comments?post=85625"}],"version-history":[{"count":1,"href":"https:\/\/www.tgrthaber.com\/mavikadin\/wp-json\/wp\/v2\/posts\/85625\/revisions"}],"predecessor-version":[{"id":85626,"href":"https:\/\/www.tgrthaber.com\/mavikadin\/wp-json\/wp\/v2\/posts\/85625\/revisions\/85626"}],"wp:featuredmedia":[{"embeddable":true,"href":"https:\/\/www.tgrthaber.com\/mavikadin\/wp-json\/wp\/v2\/media\/85624"}],"wp:attachment":[{"href":"https:\/\/www.tgrthaber.com\/mavikadin\/wp-json\/wp\/v2\/media?parent=85625"}],"wp:term":[{"taxonomy":"category","embeddable":true,"href":"https:\/\/www.tgrthaber.com\/mavikadin\/wp-json\/wp\/v2\/categories?post=85625"},{"taxonomy":"post_tag","embeddable":true,"href":"https:\/\/www.tgrthaber.com\/mavikadin\/wp-json\/wp\/v2\/tags?post=85625"}],"curies":[{"name":"wp","href":"https:\/\/api.w.org\/{rel}","templated":true}]}}