{"id":86117,"date":"2024-09-23T18:22:18","date_gmt":"2024-09-23T15:22:18","guid":{"rendered":"https:\/\/www.tgrthaber.com\/mavikadin\/?p=86117"},"modified":"2024-11-15T13:14:34","modified_gmt":"2024-11-15T10:14:34","slug":"izzet-yildizhan-oglunun-dugununde-oktay-kaynarca-ile-gobek-atti-dolarlar-havada-ucustu","status":"publish","type":"post","link":"https:\/\/www.tgrthaber.com\/mavikadin\/izzet-yildizhan-oglunun-dugununde-oktay-kaynarca-ile-gobek-atti-dolarlar-havada-ucustu\/","title":{"rendered":"\u0130zzet Y\u0131ld\u0131zhan o\u011flunun d\u00fc\u011f\u00fcn\u00fcnde Oktay Kaynarca ile g\u00f6bek att\u0131: Dolarlar havada u\u00e7u\u015ftu"},"content":{"rendered":"<p>T\u00fcrk m\u00fczi\u011fi sanat\u00e7\u0131s\u0131 \u0130zzet Y\u0131ld\u0131zhan&#8217;\u0131n o\u011flu Mustafa Y\u0131ld\u0131zhan ile Ecem Demird\u00f6\u011fen, \u0130zmir Arena&#8217;da d\u00fcnya evine girdi. Gecede Ebru Ya\u015far ve Cengiz Kurto\u011flu gibi tan\u0131nm\u0131\u015f isimler sahne al\u0131rken, \u0130zzet Y\u0131ld\u0131zhan&#8217;\u0131n Ebru Ya\u015far ile oynad\u0131\u011f\u0131 anlar d\u00fc\u011f\u00fcne damga vurdu.<\/p>\n<p>&Uuml;&ccedil; farkl\u0131 kad\u0131ndan dokuz &ccedil;ocu\u011fa sahip \u0130zzet Y\u0131ld\u0131zhan&#8217;\u0131n b&uuml;y&uuml;k o\u011flu Mustafa Y\u0131ld\u0131zhan ile Ecem Demird&ouml;\u011fen, \u0130zmir&#8217;de d&uuml;zenlenen merasimle evlendi. &Ccedil;iftin nik&acirc;h \u015fahitleri Mehmet A\u011far, Fatih &Ouml;zt&uuml;rk ve Mesut Sancak olarak olurken, \u0130zzet Y\u0131ld\u0131zhan&#8217;\u0131n Oktay Kaynarca ile oynad\u0131\u011f\u0131 anlar &ccedil;ok konu\u015fuldu.<\/p>\n<h3>&#8220;BABAM HER ZAMAN YANIMDA&#8221;<\/h3>\n<p>\u0130zzet Y\u0131ld\u0131zhan&#8217;\u0131n o\u011flu Mustafa Y\u0131ld\u0131zhan, &#8220;Hayat\u0131n yeni bir a\u015famas\u0131. &Ccedil;ok sevin&ccedil;liyim. Ailem yan\u0131mda. Babam her daim yan\u0131mda. Eli her zaman omuzumda. Bunlar\u0131 ger&ccedil;ekle\u015ftirebiliyorsak onun sayesinde&#8221; ifadelerini kulland\u0131. Demird&ouml;\u011fen ise &#8220;&Ccedil;ok mutluyuz. Nik&acirc;h s\u0131ras\u0131nda e\u015fimin aya\u011f\u0131na bast\u0131m&#8221; \u015feklinde a&ccedil;\u0131klamada bulundu.<\/p>\n<p>\u0130lk o\u011flunu evlendiren \u0130zzet Y\u0131ld\u0131zhan, &#8220;Bundan daha b&uuml;y&uuml;k sevin&ccedil; yok. En b&uuml;y&uuml;\u011f&uuml;n&uuml; evlendirdik. Anne-baba i&ccedil;in bu en b&uuml;y&uuml;k mutluluk. Allah onlar\u0131 mutlu etsin. Sabah evden &ccedil;\u0131karken duyguland\u0131m. Mustafa&#8217;n\u0131n &ccedil;ocuklu\u011fu akl\u0131ma geldi. Evden birini u&ccedil;urduk. Ondan sonra teker teker u&ccedil;acaklar. Belki 2-3 y\u0131l i&ccedil;inde d&uuml;\u011f&uuml;nler ger&ccedil;ekle\u015febilir&#8221; dedi.<\/p>\n<p><img decoding=\"async\" src=\"https:\/\/www.tgrthaber.com\/mavikadin\/wp-content\/images\/haberler\/24-09\/23\/basliksiz-3vv.jpg\" alt=\"\" title=\"\"><\/p>\n<h3>&#8220;&Ouml;L&Uuml;M DI\u015eINDA BAHANE KABUL ETM\u0130YORUM&#8221;<\/h3>\n<p>Arkada\u015flar\u0131n\u0131n d&uuml;\u011f&uuml;nde bulunmas\u0131na Y\u0131ld\u0131zhan, &#8220;B&ouml;yle &ouml;zel anlarda insan dostlar\u0131n\u0131 yan\u0131nda g&ouml;rmek istiyor. Baz\u0131 arkada\u015flar\u0131m mazeret belirterek gelemedi, baz\u0131 dostlar\u0131m\u0131 g&ouml;remedim. B&ouml;yle &ouml;zel zamanlarda bahane kabul etmiyorum, &ouml;l&uuml;m haricinde kabul etmiyorum. Ben onlara dostluk g&ouml;steriyorum, bu g&uuml;zelli\u011fi birlikte payla\u015fmak isterdim. \u0130nsan dostlar\u0131n\u0131 yan\u0131nda g&ouml;rmek arzusunda oluyor&#8221; \u015feklinde a&ccedil;\u0131klama yapt\u0131.<\/p>\n<h3>CENG\u0130Z KURTO\u011eLU: &#8220;40 YILLIK DOSTUM&#8221;<\/h3>\n<p>D&uuml;\u011f&uuml;nde Cengiz Kurto\u011flu ve Ebru Ya\u015far sahne al\u0131rken, Oktay Kaynarca da misafirler aras\u0131ndayd\u0131. Cengiz Kurto\u011flu, &#8220;\u0130zzet benim iki &ccedil;ocu\u011fumun d&uuml;\u011f&uuml;n&uuml;nde vard\u0131. 40 y\u0131la yak\u0131n dostlu\u011fum var. Mutlu olsunlar. \u0130zzet Y\u0131ld\u0131zhan&#8217;\u0131n &ccedil;ok torunu olacak, ailesi kalabal\u0131k. Aile &ccedil;ok iyidir. Allah nazarlardan korusun&#8221; \u015feklinde ifade etti.<\/p>\n<p><img decoding=\"async\" src=\"https:\/\/www.tgrthaber.com\/mavikadin\/wp-content\/images\/haberler\/24-09\/23\/basliksiz-4vv.jpg\" alt=\"\" title=\"\"><\/p>\n<h3>PARALAR HAVALARDA U&Ccedil;U\u015eTU<\/h3>\n<p>Nik&acirc;htan sonra ailece poz veren \u0130zzet Y\u0131ld\u0131zhan, o\u011flu i&ccedil;in sahneye &ccedil;\u0131karak \u015fark\u0131lar s&ouml;yledi. D&uuml;\u011f&uuml;nde T&uuml;rk Liras\u0131 ve dolarlar havada u&ccedil;u\u015ftu. Gelin ve damat davul e\u015fli\u011finde dans ederken &uuml;zerlerine para sa&ccedil;\u0131ld\u0131. Misafirlerin havaya para att\u0131\u011f\u0131n\u0131 g&ouml;ren Y\u0131ld\u0131zhan da ayn\u0131 \u015fekilde para sa&ccedil;\u0131p oynamaya devam etti.<\/p>\n<p><img decoding=\"async\" src=\"https:\/\/www.tgrthaber.com\/mavikadin\/wp-content\/images\/haberler\/24-09\/23\/basliksiz-2vv.jpg\" alt=\"\" title=\"\"><\/p><\/p>\n","protected":false},"excerpt":{"rendered":"<p>T\u00fcrk m\u00fczi\u011fi sanat\u00e7\u0131s\u0131 \u0130zzet Y\u0131ld\u0131zhan&#8217;\u0131n o\u011flu Mustafa Y\u0131ld\u0131zhan ile Ecem Demird\u00f6\u011fen, \u0130zmir Arena&#8217;da d\u00fcnya evine girdi. Gecede Ebru Ya\u015far ve Cengiz Kurto\u011flu gibi tan\u0131nm\u0131\u015f isimler sahne al\u0131rken, \u0130zzet Y\u0131ld\u0131zhan&#8217;\u0131n Ebru Ya\u015far ile oynad\u0131\u011f\u0131 anlar d\u00fc\u011f\u00fcne damga vurdu. &Uuml;&ccedil; farkl\u0131 kad\u0131ndan dokuz &ccedil;ocu\u011fa sahip \u0130zzet Y\u0131ld\u0131zhan&#8217;\u0131n b&uuml;y&uuml;k o\u011flu Mustafa Y\u0131ld\u0131zhan ile Ecem Demird&ouml;\u011fen, \u0130zmir&#8217;de d&uuml;zenlenen merasimle [&hellip;]<\/p>\n","protected":false},"author":2,"featured_media":86116,"comment_status":"closed","ping_status":"open","sticky":false,"template":"","format":"standard","meta":{"rank_math_lock_modified_date":false,"footnotes":""},"categories":[76],"tags":[56919,301,3157,3669],"class_list":["post-86117","post","type-post","status-publish","format-standard","has-post-thumbnail","hentry","category-magazin","tag-dolar","tag-dugun","tag-izzet-yildizhan","tag-oktay-kaynarca"],"_links":{"self":[{"href":"https:\/\/www.tgrthaber.com\/mavikadin\/wp-json\/wp\/v2\/posts\/86117"}],"collection":[{"href":"https:\/\/www.tgrthaber.com\/mavikadin\/wp-json\/wp\/v2\/posts"}],"about":[{"href":"https:\/\/www.tgrthaber.com\/mavikadin\/wp-json\/wp\/v2\/types\/post"}],"author":[{"embeddable":true,"href":"https:\/\/www.tgrthaber.com\/mavikadin\/wp-json\/wp\/v2\/users\/2"}],"replies":[{"embeddable":true,"href":"https:\/\/www.tgrthaber.com\/mavikadin\/wp-json\/wp\/v2\/comments?post=86117"}],"version-history":[{"count":1,"href":"https:\/\/www.tgrthaber.com\/mavikadin\/wp-json\/wp\/v2\/posts\/86117\/revisions"}],"predecessor-version":[{"id":86118,"href":"https:\/\/www.tgrthaber.com\/mavikadin\/wp-json\/wp\/v2\/posts\/86117\/revisions\/86118"}],"wp:featuredmedia":[{"embeddable":true,"href":"https:\/\/www.tgrthaber.com\/mavikadin\/wp-json\/wp\/v2\/media\/86116"}],"wp:attachment":[{"href":"https:\/\/www.tgrthaber.com\/mavikadin\/wp-json\/wp\/v2\/media?parent=86117"}],"wp:term":[{"taxonomy":"category","embeddable":true,"href":"https:\/\/www.tgrthaber.com\/mavikadin\/wp-json\/wp\/v2\/categories?post=86117"},{"taxonomy":"post_tag","embeddable":true,"href":"https:\/\/www.tgrthaber.com\/mavikadin\/wp-json\/wp\/v2\/tags?post=86117"}],"curies":[{"name":"wp","href":"https:\/\/api.w.org\/{rel}","templated":true}]}}