{"id":86408,"date":"2024-09-25T20:16:06","date_gmt":"2024-09-25T17:16:06","guid":{"rendered":"https:\/\/www.tgrthaber.com\/mavikadin\/?p=86408"},"modified":"2024-11-15T13:22:54","modified_gmt":"2024-11-15T10:22:54","slug":"faydalarini-duyan-markete-kosuyor-lekeleri-silgi-gibi-siliyor-badem-sutunu-cildinize-surun-sonuc-inanilmaz","status":"publish","type":"post","link":"https:\/\/www.tgrthaber.com\/mavikadin\/faydalarini-duyan-markete-kosuyor-lekeleri-silgi-gibi-siliyor-badem-sutunu-cildinize-surun-sonuc-inanilmaz\/","title":{"rendered":"Faydalar\u0131n\u0131 duyan markete ko\u015fuyor: Lekeleri silgi gibi siliyor! Badem s\u00fct\u00fcn\u00fc cildinize s\u00fcr\u00fcn, sonu\u00e7 inan\u0131lmaz!"},"content":{"rendered":"<p>Cilt bak\u0131m\u0131nda \u00f6nemli bir yere sahip olan badem s\u00fct\u00fc, do\u011fal y\u00f6ntemler aras\u0131nda dikkat \u00e7eken uygulamalardan biri. Sadece bir damlas\u0131 bile cilt lekelerini ge\u00e7iren badem s\u00fct\u00fcn\u00fcn bilinmeyen faydalar\u0131n\u0131 \u00f6\u011frendi\u011finizde markete ko\u015facaks\u0131n\u0131z. Peki badem s\u00fct\u00fcn\u00fcn cilde faydalar\u0131 neler? \u0130\u015fte cevab\u0131\u2026<\/p>\n<p class=\"p1\">Badem s&uuml;t&uuml;, bitkisel bir kaynak olarak, i&ccedil;eri\u011findeki besin de\u011ferleri sayesinde sa\u011fl\u0131\u011f\u0131m\u0131za pek &ccedil;ok olumlu etki sa\u011flar. Kemikleri g&uuml;&ccedil;lendirmekten ba\u011f\u0131\u015f\u0131kl\u0131k sistemini desteklemeye kadar geni\u015f bir fayda yelpazesine sahip olan badem s&uuml;t&uuml;, ayn\u0131 zamanda kalbi ve g&ouml;zleri korur. Ancak en etkileyici y&ouml;nlerinden biri, cilt sa\u011fl\u0131\u011f\u0131na olan katk\u0131lar\u0131d\u0131r. \u0130&ccedil;eri\u011finde bar\u0131nd\u0131rd\u0131\u011f\u0131 vitaminler sayesinde cildi \u0131\u015f\u0131l \u0131\u015f\u0131l parlatan badem s&uuml;t&uuml;n&uuml;n faydalar\u0131na gelin birlikte bakal\u0131m.<span class=\"Apple-converted-space\">&nbsp;<\/span><\/p>\n<h3 class=\"p1\">BADEM S&Uuml;T&Uuml;N&Uuml;N FAYDALARI NELER?<\/h3>\n<p class=\"p1\">Badem s&uuml;t&uuml;, zengin besin i&ccedil;eri\u011fi sayesinde sa\u011fl\u0131kl\u0131 bir ya\u015fam tarz\u0131n\u0131 destekleyenler i&ccedil;in &ouml;nemli bir i&ccedil;ecektir. D&uuml;\u015f&uuml;k kalori de\u011feri, kilo y&ouml;netimini kolayla\u015ft\u0131r\u0131rken, sahip oldu\u011fu sa\u011fl\u0131kl\u0131 ya\u011flar kalp sa\u011fl\u0131\u011f\u0131n\u0131 korumada &ouml;nemli bir rol oynar. &Ouml;zellikle E vitamini ve kalsiyum a&ccedil;\u0131s\u0131ndan olduk&ccedil;a zengin olan badem s&uuml;t&uuml;, hem cildin hem de kemiklerin sa\u011fl\u0131\u011f\u0131n\u0131 destekler. Bu faydalar\u0131yla badem s&uuml;t&uuml;, hem g&uuml;nl&uuml;k beslenmenin &ouml;nemli bir par&ccedil;as\u0131 hem de sa\u011fl\u0131kl\u0131 ya\u015fam hedeflerine ula\u015fmak isteyenler i&ccedil;in vazge&ccedil;ilmez bir se&ccedil;enektir.&nbsp;<\/p>\n<p class=\"p1\"><img loading=\"lazy\" decoding=\"async\" src=\"https:\/\/www.tgrthaber.com\/mavikadin\/wp-content\/images\/haberler\/24-09\/25\/ekran-resmi-2024-09-25-203702.png\" width=\"631\" height=\"561\" alt=\"\" title=\"\"><\/p>\n<h3 class=\"p1\">BADEM S&Uuml;T&Uuml; C\u0130LTTE NE \u0130\u015eE YARAR?<\/h3>\n<p class=\"p1\">Badem s&uuml;t&uuml;, E vitamini bak\u0131m\u0131ndan zengin bir kaynak olup cilt sa\u011fl\u0131\u011f\u0131n\u0131 b&uuml;y&uuml;k &ouml;l&ccedil;&uuml;de destekler. E vitamini, cilt nemlendirmesi, h&uuml;cre yenilenmesi, iltihaplanma, g&uuml;ne\u015f hasar\u0131 ve cilt lekeleriyle ba\u015fa &ccedil;\u0131kmada &ouml;nemli bir rol oynar. Bunun yan\u0131 s\u0131ra, D vitamini i&ccedil;eri\u011fi sayesinde sivilce ve akne olu\u015fumunu &ouml;nlemeye yard\u0131mc\u0131 olur. Badem s&uuml;t&uuml;, cildin temizlenmesine ve taze bir g&ouml;r&uuml;n&uuml;m kazanmas\u0131na katk\u0131da bulunur, b&ouml;ylece donuk g&ouml;r&uuml;nt&uuml;y&uuml; yok eder. Gen&ccedil; ve sa\u011fl\u0131kl\u0131 bir cilde sahip olmak isteyenler i&ccedil;in m&uuml;kemmel bir do\u011fal &ccedil;&ouml;z&uuml;m sunar.<\/p>\n<p class=\"p1\"><img loading=\"lazy\" decoding=\"async\" src=\"https:\/\/www.tgrthaber.com\/mavikadin\/wp-content\/images\/haberler\/24-09\/25\/ekran-resmi-2024-09-25-203723.png\" width=\"649\" height=\"535\" alt=\"\" title=\"\"><\/p>\n<h3 class=\"p1\">BADEM S&Uuml;T&Uuml; NASIL KULLANILIR?<\/h3>\n<p class=\"p1\">Badem s&uuml;t&uuml;n&uuml; cilt bak\u0131m rutininize eklemek olduk&ccedil;a kolay. Cilt temizli\u011fi i&ccedil;in bir pamu\u011fa bir miktar badem s&uuml;t&uuml; d&ouml;k&uuml;p masaj yaparak uygulayabilirsiniz. Alternatif olarak, badem s&uuml;t&uuml;n&uuml; bal veya aloe vera jeliyle kar\u0131\u015ft\u0131r\u0131p y&uuml;z&uuml;n&uuml;zde birka&ccedil; dakika bekletebilirsiniz; bu y&ouml;ntem hem nemlendirir hem de sivilcelere kar\u015f\u0131 olduk&ccedil;a etkili.<\/p>\n<p class=\"p1\"><img loading=\"lazy\" decoding=\"async\" src=\"https:\/\/www.tgrthaber.com\/mavikadin\/wp-content\/images\/haberler\/24-09\/25\/ekran-resmi-2024-09-25-203851.png\" width=\"660\" height=\"501\" alt=\"\" title=\"\"><\/p>\n<h3 class=\"p1\">BADEM S&Uuml;T&Uuml; MASKES\u0130 NASIL YAPILIR?<\/h3>\n<p class=\"p1\">2 yemek ka\u015f\u0131\u011f\u0131 badem s&uuml;t&uuml;, 1 yemek ka\u015f\u0131\u011f\u0131 bal ve 1 yemek ka\u015f\u0131\u011f\u0131 yulaf ezmesini kar\u0131\u015ft\u0131rarak y&uuml;z&uuml;n&uuml;ze uygulay\u0131n. 15 dakika bekledikten sonra \u0131l\u0131k suyla durulay\u0131n. Bu maske, cildinizi besleyip yat\u0131\u015ft\u0131rarak g&uuml;zel bir etki yaratacak.<\/p>\n<p class=\"p1\"><strong>Dikkat!<\/strong><\/p>\n<p class=\"p1\">Bu bilgiler genel bilgilendirme ama&ccedil;l\u0131d\u0131r. Herhangi bir olumsuz etki ya\u015famamak i&ccedil;in uygulamadan &ouml;nce mutlaka bir uzmana dan\u0131\u015fmal\u0131s\u0131n\u0131z.<\/p>\n<p class=\"p1\"><img loading=\"lazy\" decoding=\"async\" src=\"https:\/\/www.tgrthaber.com\/mavikadin\/wp-content\/images\/haberler\/24-09\/25\/ekran-resmi-2024-09-25-203954.png\" width=\"672\" height=\"505\" alt=\"\" title=\"\"><\/p>\n<h3 class=\"p1\">BADEM S&Uuml;T&Uuml; KA\u015eLARA \u0130Y\u0130 GEL\u0130R M\u0130?<\/h3>\n<p class=\"p1\">Badem s&uuml;t&uuml;, i&ccedil;erdi\u011fi potasyum ve E vitamini sayesinde ka\u015f k&ouml;klerini besleyerek g&uuml;&ccedil;lenmelerine yard\u0131mc\u0131 olur. &Ouml;zellikle seyrekle\u015fmi\u015f alanlar\u0131n k\u0131sa s&uuml;rede dolmas\u0131na katk\u0131da bulunur. Ka\u015flar\u0131n d&ouml;k&uuml;lmesini ve incelmesini &ouml;nlemek i&ccedil;in d&uuml;zenli olarak badem s&uuml;t&uuml; t&uuml;ketmek ve ka\u015flara uygulamak son derece faydal\u0131 olacakt\u0131r.<\/p>\n<p class=\"p1\">\n<p class=\"p1\">&nbsp;<\/p>\n<p class=\"p3\">&nbsp;<\/p>\n","protected":false},"excerpt":{"rendered":"<p>Cilt bak\u0131m\u0131nda \u00f6nemli bir yere sahip olan badem s\u00fct\u00fc, do\u011fal y\u00f6ntemler aras\u0131nda dikkat \u00e7eken uygulamalardan biri. Sadece bir damlas\u0131 bile cilt lekelerini ge\u00e7iren badem s\u00fct\u00fcn\u00fcn bilinmeyen faydalar\u0131n\u0131 \u00f6\u011frendi\u011finizde markete ko\u015facaks\u0131n\u0131z. Peki badem s\u00fct\u00fcn\u00fcn cilde faydalar\u0131 neler? \u0130\u015fte cevab\u0131\u2026 Badem s&uuml;t&uuml;, bitkisel bir kaynak olarak, i&ccedil;eri\u011findeki besin de\u011ferleri sayesinde sa\u011fl\u0131\u011f\u0131m\u0131za pek &ccedil;ok olumlu etki sa\u011flar. Kemikleri [&hellip;]<\/p>\n","protected":false},"author":16,"featured_media":86407,"comment_status":"closed","ping_status":"open","sticky":false,"template":"","format":"standard","meta":{"rank_math_lock_modified_date":false,"footnotes":""},"categories":[95],"tags":[4140,3836,3049,45577,43930],"class_list":["post-86408","post","type-post","status-publish","format-standard","has-post-thumbnail","hentry","category-guzellik","tag-badem-sutu","tag-cilt-bakimi","tag-cilt-maskesi","tag-dogal-cilt","tag-leke-giderme"],"_links":{"self":[{"href":"https:\/\/www.tgrthaber.com\/mavikadin\/wp-json\/wp\/v2\/posts\/86408"}],"collection":[{"href":"https:\/\/www.tgrthaber.com\/mavikadin\/wp-json\/wp\/v2\/posts"}],"about":[{"href":"https:\/\/www.tgrthaber.com\/mavikadin\/wp-json\/wp\/v2\/types\/post"}],"author":[{"embeddable":true,"href":"https:\/\/www.tgrthaber.com\/mavikadin\/wp-json\/wp\/v2\/users\/16"}],"replies":[{"embeddable":true,"href":"https:\/\/www.tgrthaber.com\/mavikadin\/wp-json\/wp\/v2\/comments?post=86408"}],"version-history":[{"count":1,"href":"https:\/\/www.tgrthaber.com\/mavikadin\/wp-json\/wp\/v2\/posts\/86408\/revisions"}],"predecessor-version":[{"id":86409,"href":"https:\/\/www.tgrthaber.com\/mavikadin\/wp-json\/wp\/v2\/posts\/86408\/revisions\/86409"}],"wp:featuredmedia":[{"embeddable":true,"href":"https:\/\/www.tgrthaber.com\/mavikadin\/wp-json\/wp\/v2\/media\/86407"}],"wp:attachment":[{"href":"https:\/\/www.tgrthaber.com\/mavikadin\/wp-json\/wp\/v2\/media?parent=86408"}],"wp:term":[{"taxonomy":"category","embeddable":true,"href":"https:\/\/www.tgrthaber.com\/mavikadin\/wp-json\/wp\/v2\/categories?post=86408"},{"taxonomy":"post_tag","embeddable":true,"href":"https:\/\/www.tgrthaber.com\/mavikadin\/wp-json\/wp\/v2\/tags?post=86408"}],"curies":[{"name":"wp","href":"https:\/\/api.w.org\/{rel}","templated":true}]}}