{"id":86456,"date":"2024-09-26T01:56:10","date_gmt":"2024-09-25T22:56:10","guid":{"rendered":"https:\/\/www.tgrthaber.com\/mavikadin\/?p=86456"},"modified":"2024-11-15T13:24:13","modified_gmt":"2024-11-15T10:24:13","slug":"akran-zorbaligi-ile-ilgili-onemli-hamle-tbmm-zorbaliga-savas-acti","status":"publish","type":"post","link":"https:\/\/www.tgrthaber.com\/mavikadin\/akran-zorbaligi-ile-ilgili-onemli-hamle-tbmm-zorbaliga-savas-acti\/","title":{"rendered":"Akran zorbal\u0131\u011f\u0131 ile ilgili \u00f6nemli hamle! TBMM, zorbal\u0131\u011fa sava\u015f a\u00e7t\u0131"},"content":{"rendered":"<p>T\u00fcrkiye B\u00fcy\u00fck Millet Meclisi (TBMM), okullardaki akran zorbal\u0131\u011f\u0131n\u0131 \u00f6nlemek i\u00e7in kollar\u0131 s\u0131vad\u0131. Art\u0131k okullarda ya\u015fanan akran zorbal\u0131\u011f\u0131 sadece ailelerin de\u011fil devletin de g\u00fcndeminde.<\/p>\n<p>&Ccedil;ocukluk &ccedil;a\u011f\u0131nda ya\u015fanan zorbal\u0131k, &ccedil;ocuklar\u0131n ruh sa\u011fl\u0131\u011f\u0131n\u0131 olumsuz etkiliyor. Zorbal\u0131\u011fa maruz kalan &ccedil;ocuklar kendilerini de\u011fersiz hissedebilirken, zorbal\u0131k yapan &ccedil;ocuklar ise bu davran\u0131\u015f\u0131 normalle\u015ftirerek ilerleyen y\u0131llarda da benzer davran\u0131\u015flar g&ouml;sterebiliyor. Peki &ccedil;&ouml;z&uuml;m ne?<\/p>\n<p>T&uuml;rkiye B&uuml;y&uuml;k Millet Meclisi (TBMM), akran zorbal\u0131\u011f\u0131yla m&uuml;cadelede &ouml;nemli bir hamle yapt\u0131. TBMM Dilek&ccedil;e Komisyonu b&uuml;nyesinde ilk&ouml;\u011fretim ve orta&ouml;\u011fretim kurumlar\u0131nda &lsquo;Akran Zorbal\u0131\u011f\u0131n\u0131n Ara\u015ft\u0131r\u0131lmas\u0131 ve Al\u0131nabilecek &Ouml;nlemlerin Belirlenmesi Alt Komisyonu&rsquo; kuruldu. Akran zorbal\u0131\u011f\u0131n\u0131n TBMM g&uuml;ndemine girmesinin &ouml;nemini vurgulayan Dr. &Ouml;\u011fr. &Uuml;yesi Asl\u0131han Eslek, &ldquo;Akran zorbal\u0131\u011f\u0131n\u0131; ayn\u0131 ya\u015f grubunda g&uuml;&ccedil; dengesizli\u011fi olan bireylerin &ouml;zellikle g&uuml;&ccedil;l&uuml;y&uuml; g&uuml;&ccedil;s&uuml;ze kar\u015f\u0131 bilerek, isteyerek ve zararl\u0131 sonu&ccedil;lar do\u011furmak amac\u0131yla yapt\u0131\u011f\u0131 tekrarlay\u0131c\u0131 davran\u0131\u015flar olarak tan\u0131mlayabiliriz. Bu &ccedil;ok ciddi bir mesele. Uzun y\u0131llard\u0131r hem bizim hem de e\u011fitimcilerin ilgilendi\u011fi bir konuydu. Meclis d&uuml;zeyinde ele al\u0131nmas\u0131 olduk&ccedil;a sevindirici ve &ouml;nemli bir karar&rdquo; ifadelerini kulland\u0131.<\/p>\n<h3>\u0130LERLEYEN YILLARDA ETK\u0130LER\u0130 ORTAYA &Ccedil;IKIYOR<\/h3>\n<p>Dr. Eslek, &ldquo;Akran zorbal\u0131\u011f\u0131nda her iki taraftaki &ccedil;ocu\u011fu da ele almak gerekiyor. Hem zorbal\u0131\u011fa maruz kalan hem de bunu uygulayan ki\u015filer &uuml;zerinde ilerleyen y\u0131llarda etkilerini g&ouml;zlemliyoruz. Zorbal\u0131\u011fa maruz kalan &ccedil;ocuklar baz\u0131 \u015feyleri yapamayaca\u011f\u0131n\u0131 d&uuml;\u015f&uuml;n&uuml;yor, kendini de\u011fersiz hissediyor ve eksik g&ouml;r&uuml;yor. Bu s&uuml;rekli tekrarland\u0131k&ccedil;a birey gen&ccedil;li\u011finde ve yeti\u015fkinli\u011finde buna inan\u0131r hale geliyor. Uygulayan i&ccedil;in ise bu davran\u0131\u015f normalle\u015fti\u011fi i&ccedil;in ilerleyen y\u0131llarda fark\u0131nda olmadan ayn\u0131 tutumlar\u0131 sergileyebiliyor.&rdquo; ifadelerini kulland\u0131.<\/p>\n<p>&nbsp;<\/p>\n<p><img loading=\"lazy\" decoding=\"async\" src=\"https:\/\/www.tgrthaber.com\/mavikadin\/wp-content\/images\/haberler\/24-09\/26\/aw294612_03.jpg\" width=\"821\" height=\"571\" alt=\"\" title=\"\"><\/p>\n<h3>DAVRANI\u015eLAR TEKRARLANDIK&Ccedil;A YERLE\u015e\u0130R<\/h3>\n<p>Akran zorbal\u0131\u011f\u0131yla m&uuml;cadele konusunda hem e\u011fitimcilere hem de velilere &ouml;nemli g&ouml;revler d&uuml;\u015ft&uuml;\u011f&uuml;ne dikkat &ccedil;eken Eslek, &ldquo;Fiziksel, s&ouml;zel, sosyal akran zorbal\u0131klar\u0131 meydana geliyor. Son d&ouml;nemde bu t&uuml;r zorbal\u0131klara siber zorbal\u0131k da eklenmi\u015f durumda. Hepsinin amac\u0131 ki\u015fiye bilin&ccedil;li, tekrarlay\u0131c\u0131 zarar vermektir. Hem &ouml;\u011frenci d&uuml;zeyinde hem de veliler i&ccedil;in ayr\u0131 ayr\u0131 e\u011fitimler verilmesi gerekiyor. &lsquo;&Ccedil;ocuktur, normaldir&rsquo; demek en yap\u0131lmamas\u0131 gereken davran\u0131\u015f olarak kar\u015f\u0131m\u0131za &ccedil;\u0131k\u0131yor. Davran\u0131\u015flar tekrarlad\u0131k&ccedil;a yerle\u015fir.<\/p>\n<p>&nbsp;<\/p>\n<p><img loading=\"lazy\" decoding=\"async\" src=\"https:\/\/www.tgrthaber.com\/mavikadin\/wp-content\/images\/haberler\/24-09\/26\/aw294612_04.jpg\" width=\"839\" height=\"481\" alt=\"\" title=\"\"><\/p>\n<p>&Ouml;zellikle ortaokul d&ouml;neminde bu davran\u0131\u015f kal\u0131plar\u0131 ki\u015filik &ouml;zelli\u011fi olarak gelece\u011fe ta\u015f\u0131nan &ouml;zellikler haline gelir. O y&uuml;zden ne kadar h\u0131zl\u0131 m&uuml;dahale edilirse o kadar faydal\u0131 olur. Verilen e\u011fitimlerle de ilk ve orta&ouml;\u011fretim d&uuml;zeyindeki &ccedil;ocuklar ve gen&ccedil;ler bu durumu tan\u0131rlarsa akran zorbal\u0131\u011f\u0131na maruz kald\u0131klar\u0131nda &ouml;\u011fretmenlerine veya ailelerine ba\u015fvurabilirler. &Ccedil;ocuklar\u0131n\u0131n davran\u0131\u015flar\u0131nda de\u011fi\u015fiklik fark eden aileler ise &lsquo;Acaba b&ouml;yle bir durum mu var?&rsquo; d&uuml;\u015f&uuml;ncesiyle hareket etmelidir.&rdquo; diye belirtti.<\/p><\/p>\n","protected":false},"excerpt":{"rendered":"<p>T\u00fcrkiye B\u00fcy\u00fck Millet Meclisi (TBMM), okullardaki akran zorbal\u0131\u011f\u0131n\u0131 \u00f6nlemek i\u00e7in kollar\u0131 s\u0131vad\u0131. Art\u0131k okullarda ya\u015fanan akran zorbal\u0131\u011f\u0131 sadece ailelerin de\u011fil devletin de g\u00fcndeminde. &Ccedil;ocukluk &ccedil;a\u011f\u0131nda ya\u015fanan zorbal\u0131k, &ccedil;ocuklar\u0131n ruh sa\u011fl\u0131\u011f\u0131n\u0131 olumsuz etkiliyor. Zorbal\u0131\u011fa maruz kalan &ccedil;ocuklar kendilerini de\u011fersiz hissedebilirken, zorbal\u0131k yapan &ccedil;ocuklar ise bu davran\u0131\u015f\u0131 normalle\u015ftirerek ilerleyen y\u0131llarda da benzer davran\u0131\u015flar g&ouml;sterebiliyor. Peki &ccedil;&ouml;z&uuml;m ne? [&hellip;]<\/p>\n","protected":false},"author":4,"featured_media":86455,"comment_status":"closed","ping_status":"open","sticky":false,"template":"","format":"standard","meta":{"rank_math_lock_modified_date":false,"footnotes":""},"categories":[111],"tags":[3220,8092,46013,47376,46694],"class_list":["post-86456","post","type-post","status-publish","format-standard","has-post-thumbnail","hentry","category-anne-cocuk","tag-akran-zorbaligi","tag-cocuk-gelisimi","tag-okul-zorbaligi","tag-tbmm","tag-zorbalikla-mucadele"],"_links":{"self":[{"href":"https:\/\/www.tgrthaber.com\/mavikadin\/wp-json\/wp\/v2\/posts\/86456"}],"collection":[{"href":"https:\/\/www.tgrthaber.com\/mavikadin\/wp-json\/wp\/v2\/posts"}],"about":[{"href":"https:\/\/www.tgrthaber.com\/mavikadin\/wp-json\/wp\/v2\/types\/post"}],"author":[{"embeddable":true,"href":"https:\/\/www.tgrthaber.com\/mavikadin\/wp-json\/wp\/v2\/users\/4"}],"replies":[{"embeddable":true,"href":"https:\/\/www.tgrthaber.com\/mavikadin\/wp-json\/wp\/v2\/comments?post=86456"}],"version-history":[{"count":1,"href":"https:\/\/www.tgrthaber.com\/mavikadin\/wp-json\/wp\/v2\/posts\/86456\/revisions"}],"predecessor-version":[{"id":86457,"href":"https:\/\/www.tgrthaber.com\/mavikadin\/wp-json\/wp\/v2\/posts\/86456\/revisions\/86457"}],"wp:featuredmedia":[{"embeddable":true,"href":"https:\/\/www.tgrthaber.com\/mavikadin\/wp-json\/wp\/v2\/media\/86455"}],"wp:attachment":[{"href":"https:\/\/www.tgrthaber.com\/mavikadin\/wp-json\/wp\/v2\/media?parent=86456"}],"wp:term":[{"taxonomy":"category","embeddable":true,"href":"https:\/\/www.tgrthaber.com\/mavikadin\/wp-json\/wp\/v2\/categories?post=86456"},{"taxonomy":"post_tag","embeddable":true,"href":"https:\/\/www.tgrthaber.com\/mavikadin\/wp-json\/wp\/v2\/tags?post=86456"}],"curies":[{"name":"wp","href":"https:\/\/api.w.org\/{rel}","templated":true}]}}