{"id":86753,"date":"2024-09-28T12:06:10","date_gmt":"2024-09-28T09:06:10","guid":{"rendered":"https:\/\/www.tgrthaber.com\/mavikadin\/?p=86753"},"modified":"2024-11-15T13:32:40","modified_gmt":"2024-11-15T10:32:40","slug":"yali-capkininda-buyuk-surpriz-seyran-ferite-evet-dedi-hayranlari-costu","status":"publish","type":"post","link":"https:\/\/www.tgrthaber.com\/mavikadin\/yali-capkininda-buyuk-surpriz-seyran-ferite-evet-dedi-hayranlari-costu\/","title":{"rendered":"Yal\u0131 \u00c7apk\u0131n\u0131&#8217;nda b\u00fcy\u00fck s\u00fcrpriz! Seyran Ferit\u2019e &#8220;Evet&#8221; dedi, hayranlar\u0131 co\u015ftu"},"content":{"rendered":"<p>Yal\u0131 \u00c7apk\u0131n\u0131 son b\u00f6l\u00fcmde heyecan tavan yapt\u0131. Seyran&#8217;\u0131n Sinan&#8217;\u0131n yalan\u0131n\u0131 yakalamas\u0131 ve Ferit&#8217;in i\u015f teklifini kabul etmesi hem b\u00f6l\u00fcme hem de sosyal medyaya damga vurdu.<\/p>\n<p>Ba\u015frollerinde Afra Sara&ccedil;o\u011flu, Mert Ramazan Demir, &Ccedil;etin Tekindor ve Emre Altu\u011f gibi isimleri bulu\u015fturan Yal\u0131 &Ccedil;apk\u0131n\u0131&#8217;n\u0131n son b&ouml;l&uuml;m&uuml;nde yer yerinden oynad\u0131. S&uuml;rprizlerle dolu b&ouml;l&uuml;m&uuml;n ard\u0131ndan dizinin hayranlar\u0131 sosyal medya kullan\u0131c\u0131lar\u0131 heyecan\u0131n\u0131 sosyal medyadan payla\u015ft\u0131.<\/p>\n<p>Yal\u0131 &Ccedil;apk\u0131n\u0131 son b&ouml;l&uuml;mde Ferit&rsquo;in Seyran&rsquo;a sundu\u011fu i\u015f teklifi ve Seyran&rsquo;\u0131n Sinan&rsquo;\u0131n yalan\u0131n\u0131 yakalamas\u0131 dizinin izleyicilerini ekrana kilitledi.&nbsp;<\/p>\n<p>Star TV&lsquo;nin sevilen dizisi Yal\u0131 &Ccedil;apk\u0131n\u0131, 27 Eyl&uuml;l ak\u015fam\u0131 yay\u0131nlanan 76. b&ouml;l&uuml;m&uuml;yle cuma ak\u015fam\u0131na damga vurdu. Ferit&lsquo;in Seyran&lsquo;a yapt\u0131\u011f\u0131 i\u015f teklifi ve Seyran&rsquo;\u0131n Sinan&rsquo;\u0131n yalan\u0131n\u0131 yakalamas\u0131 b&ouml;l&uuml;m&uuml;n en &ccedil;arp\u0131c\u0131 sahnelerindendi. Seyran&rsquo;\u0131n ald\u0131\u011f\u0131 karar, hem Ferit&rsquo;i hem de izleyicileri \u015fa\u015f\u0131rtt\u0131.<\/p>\n<h3>YATIRIMCILARDAN &#8220;SEYRAN&#8221; \u015eARTI<\/h3>\n<p>Ferit, Seyran&rsquo;\u0131n &ccedil;izimlerini \u015firkete g&ouml;t&uuml;rerek yat\u0131r\u0131mc\u0131larla bir toplant\u0131 ger&ccedil;ekle\u015ftirdi. Ancak yat\u0131r\u0131mc\u0131lar, projeyi kabul etmeleri i&ccedil;in Seyran&lsquo;\u0131n da projede yer almas\u0131 gerekti\u011fini belirttiler. Bu durum kar\u015f\u0131s\u0131nda \u015fa\u015f\u0131ran Ferit, Seyran&rsquo;\u0131n onay\u0131 olmadan projeyi s&uuml;rd&uuml;remeyece\u011fini fark etti.<\/p>\n<p>&nbsp;<\/p>\n<p><img loading=\"lazy\" decoding=\"async\" src=\"https:\/\/www.tgrthaber.com\/mavikadin\/wp-content\/images\/haberler\/24-09\/28\/6-53.jpg\" width=\"806\" height=\"537\" alt=\"\" title=\"\"><\/p>\n<h3>S\u0130NAN&#8217;IN YALANINI YAKALADI<\/h3>\n<p>Yal\u0131 &Ccedil;apk\u0131n\u0131 yeni b&ouml;l&uuml;mde &ouml;ne &ccedil;\u0131kan bir di\u011fer geli\u015fme ise Seyran&lsquo;\u0131n, Sinan&rsquo;\u0131n yalan\u0131n\u0131 fark etmesiydi. Sinan&rsquo;\u0131n eve dair s&ouml;ylediklerinin do\u011fru olmad\u0131\u011f\u0131n\u0131 &ouml;\u011frenen Seyran, bu durumu Sinan&rsquo;a kar\u015f\u0131 kullanacak gibi g&ouml;r&uuml;n&uuml;yor.<\/p>\n<p>&nbsp;<\/p>\n<p><img loading=\"lazy\" decoding=\"async\" src=\"https:\/\/www.tgrthaber.com\/mavikadin\/wp-content\/images\/haberler\/24-09\/28\/9-48.jpg\" width=\"825\" height=\"550\" alt=\"\" title=\"\"><\/p>\n<h3>SEYRAN FER\u0130T&#8217;\u0130N TEKL\u0130F\u0130N\u0130 KABUL ETT\u0130<\/h3>\n<p>B&ouml;l&uuml;m&uuml;n finalinde, yat\u0131r\u0131mc\u0131lar\u0131n bask\u0131s\u0131 alt\u0131nda kalan Ferit, Seyran&rsquo;dan yard\u0131m talep etti. Seyran ise bu f\u0131rsat\u0131 de\u011ferlendirerek toplant\u0131ya kat\u0131ld\u0131 ve i\u015f teklifini kabul etti. &ldquo;Bunu yaln\u0131z de\u011fil, birlikte ba\u015faraca\u011f\u0131z&rdquo; diyen Seyran&#8217;a izleyicilerden yorum ya\u011fd\u0131:<\/p>\n<ul>\n<li>&#8220;Seyran do\u011fru olan\u0131 yapt\u0131&rdquo;<\/li>\n<li>&ldquo;Ve Seyran, Sinan&rsquo;\u0131n ilk yalan\u0131n\u0131 yakalad\u0131&rdquo;<\/li>\n<li>&ldquo;Seyran a&ccedil;\u0131s\u0131ndan ili\u015fki bitti&rdquo;<\/li>\n<li>&ldquo;Seyran, Ferit&rsquo;in teklifini kabul ederek harika bir hamle yapt\u0131&#8221;<\/li>\n<li>&ldquo;\u0130&ccedil;imin ya\u011flar\u0131 eridi. Sinan&rsquo;\u0131n g&ouml;z&uuml;n&uuml;n ya\u015f\u0131na bakma, vur surat\u0131na &ccedil;ek git Seyran&rdquo;<\/li>\n<\/ul>\n","protected":false},"excerpt":{"rendered":"<p>Yal\u0131 \u00c7apk\u0131n\u0131 son b\u00f6l\u00fcmde heyecan tavan yapt\u0131. Seyran&#8217;\u0131n Sinan&#8217;\u0131n yalan\u0131n\u0131 yakalamas\u0131 ve Ferit&#8217;in i\u015f teklifini kabul etmesi hem b\u00f6l\u00fcme hem de sosyal medyaya damga vurdu. Ba\u015frollerinde Afra Sara&ccedil;o\u011flu, Mert Ramazan Demir, &Ccedil;etin Tekindor ve Emre Altu\u011f gibi isimleri bulu\u015fturan Yal\u0131 &Ccedil;apk\u0131n\u0131&#8217;n\u0131n son b&ouml;l&uuml;m&uuml;nde yer yerinden oynad\u0131. S&uuml;rprizlerle dolu b&ouml;l&uuml;m&uuml;n ard\u0131ndan dizinin hayranlar\u0131 sosyal medya kullan\u0131c\u0131lar\u0131 [&hellip;]<\/p>\n","protected":false},"author":4,"featured_media":86752,"comment_status":"closed","ping_status":"open","sticky":false,"template":"","format":"standard","meta":{"rank_math_lock_modified_date":false,"footnotes":""},"categories":[76],"tags":[32159,52668,38012,2505,136],"class_list":["post-86753","post","type-post","status-publish","format-standard","has-post-thumbnail","hentry","category-magazin","tag-dizi","tag-seyran-ferit","tag-star-tv","tag-yali-capkini","tag-yeni-bolum"],"_links":{"self":[{"href":"https:\/\/www.tgrthaber.com\/mavikadin\/wp-json\/wp\/v2\/posts\/86753"}],"collection":[{"href":"https:\/\/www.tgrthaber.com\/mavikadin\/wp-json\/wp\/v2\/posts"}],"about":[{"href":"https:\/\/www.tgrthaber.com\/mavikadin\/wp-json\/wp\/v2\/types\/post"}],"author":[{"embeddable":true,"href":"https:\/\/www.tgrthaber.com\/mavikadin\/wp-json\/wp\/v2\/users\/4"}],"replies":[{"embeddable":true,"href":"https:\/\/www.tgrthaber.com\/mavikadin\/wp-json\/wp\/v2\/comments?post=86753"}],"version-history":[{"count":1,"href":"https:\/\/www.tgrthaber.com\/mavikadin\/wp-json\/wp\/v2\/posts\/86753\/revisions"}],"predecessor-version":[{"id":86754,"href":"https:\/\/www.tgrthaber.com\/mavikadin\/wp-json\/wp\/v2\/posts\/86753\/revisions\/86754"}],"wp:featuredmedia":[{"embeddable":true,"href":"https:\/\/www.tgrthaber.com\/mavikadin\/wp-json\/wp\/v2\/media\/86752"}],"wp:attachment":[{"href":"https:\/\/www.tgrthaber.com\/mavikadin\/wp-json\/wp\/v2\/media?parent=86753"}],"wp:term":[{"taxonomy":"category","embeddable":true,"href":"https:\/\/www.tgrthaber.com\/mavikadin\/wp-json\/wp\/v2\/categories?post=86753"},{"taxonomy":"post_tag","embeddable":true,"href":"https:\/\/www.tgrthaber.com\/mavikadin\/wp-json\/wp\/v2\/tags?post=86753"}],"curies":[{"name":"wp","href":"https:\/\/api.w.org\/{rel}","templated":true}]}}