{"id":86759,"date":"2024-09-28T12:49:02","date_gmt":"2024-09-28T09:49:02","guid":{"rendered":"https:\/\/www.tgrthaber.com\/mavikadin\/?p=86759"},"modified":"2024-11-15T13:32:50","modified_gmt":"2024-11-15T10:32:50","slug":"ahu-tugbanin-cenazesinde-serpil-cakmakli-isyan-etti-gozlerim-onu-aradi-yaziklar-olsun","status":"publish","type":"post","link":"https:\/\/www.tgrthaber.com\/mavikadin\/ahu-tugbanin-cenazesinde-serpil-cakmakli-isyan-etti-gozlerim-onu-aradi-yaziklar-olsun\/","title":{"rendered":"Ahu Tu\u011fba&#8217;n\u0131n cenazesinde Serpil \u00c7akmakl\u0131 isyan etti: G\u00f6zlerim onu arad\u0131, yaz\u0131klar olsun"},"content":{"rendered":"<p>Ahu Tu\u011fba\u2019n\u0131n cenaze t\u00f6reni s\u0131ras\u0131nda yak\u0131n dostu Serpil \u00c7akmakl\u0131, cenazeye kat\u0131l\u0131m\u0131n\u0131n az olmas\u0131na isyan etti. \u00c7akmakl\u0131, \u201cBu \u015fekilde u\u011furlanmas\u0131n\u0131 \u015fiddetle k\u0131n\u0131yorum. Yaz\u0131klar olsun\u201d diyerek tepki g\u00f6sterdi.<\/p>\n<p>Ye\u015fil&ccedil;am&#8217;\u0131n unutulmaz isimlerinden Ahu Tu\u011fba, Miami&#8217;deki evinde hayat\u0131n\u0131 kaybetmi\u015fti. Vefat\u0131ndan 27 g&uuml;n sonra naa\u015f\u0131 T&uuml;rkiye&#8217;ye getirilen &uuml;nl&uuml; sanat&ccedil;\u0131n\u0131n cenaze t&ouml;reni bug&uuml;n ger&ccedil;ekle\u015ftirildi.<\/p>\n<p>Ahu Tu\u011fba i&ccedil;in saat 11.00&#8217;de Beyo\u011flu Atlas Sinemas\u0131&rsquo;nda bir anma t&ouml;reni d&uuml;zenlendi.&nbsp;<\/p>\n<p>Annesi Ahu Tu\u011fba&rsquo;y\u0131 kaybeden Anjelik Calvin, duygular\u0131n\u0131 kelimelere d&ouml;kmekte zorland\u0131 ve vefas\u0131zl\u0131ktan yak\u0131nd\u0131.<\/p>\n<p>Tu\u011fba&#8217;n\u0131n yak\u0131n dostu Serpil &Ccedil;akmakl\u0131 ise, Ahu Tu\u011fba&rsquo;n\u0131n cenaze t&ouml;reninde salonun bo\u015f kalmas\u0131na sitem etti.<\/p>\n<p>#vd-2252#<\/p>\n<h3>&#8220;G&Ouml;ZLER\u0130M ONU ARADI&#8221;<\/h3>\n<p>Bas\u0131n mensuplar\u0131na yapt\u0131\u011f\u0131 a&ccedil;\u0131klamada, Cenazeye kat\u0131l\u0131m\u0131n az olmas\u0131na tepki g&ouml;steren &Ccedil;akmakl\u0131, &#8220;Ye\u015fil&ccedil;am&rsquo;dan bir&ccedil;ok meslekta\u015f\u0131m\u0131 burada g&ouml;rmek isterdim ama hi&ccedil;biri gelmedi. Bu durumu \u015fiddetle k\u0131n\u0131yorum. Ahu Tu\u011fba gibi bir y\u0131ld\u0131z\u0131n bu \u015fekilde u\u011furlanmas\u0131 ger&ccedil;ekten yaz\u0131k. &Ouml;l&uuml;m hepimizin kap\u0131s\u0131n\u0131 &ccedil;alacak, ama b&ouml;yle bir ilgisizlik kabul edilemez&#8221; ifadelerini kulland\u0131.<\/p>\n<p>&nbsp;<\/p>\n<p><img loading=\"lazy\" decoding=\"async\" src=\"https:\/\/www.tgrthaber.com\/mavikadin\/wp-content\/images\/haberler\/24-09\/28\/aw296904_04.jpg\" width=\"816\" height=\"467\" alt=\"\" title=\"\"><\/p>\n<p>Sanat d&uuml;nyas\u0131ndan kimseyi g&ouml;remeyen Serpil &Ccedil;akmakl\u0131, &#8220;Banu Alkan&rsquo;\u0131n kesinlikle burada olmas\u0131 gerekirdi ama o da yok. G&ouml;zlerim onu arad\u0131, sosyal medya hesab\u0131na bakt\u0131m ama bir payla\u015f\u0131m bile yapmam\u0131\u015f&#8221; dedi.<\/p>\n<p>#vd-2254#<\/p>\n<h3>&#8220;B\u0130Z\u0130M YANIMIZDA T&Uuml;RK BASINI VE DEVLET\u0130 DURDU&#8221;<\/h3>\n<p>Annesi Ahu Tu\u011fba&rsquo;y\u0131 kaybeden Anjelik Calvin ise &#8220;Do\u011fruyu s&ouml;ylemi\u015f Serpil ablam. Annemin ka&ccedil; senelik arkada\u015f\u0131 olarak bu camiada kimin ne oldu\u011funu en iyi o bilir. Gelip gelmemeleri &ouml;nemli de\u011fil, biz Allah kat\u0131nda g&ouml;revimizi yapmak i&ccedil;in buraday\u0131z&#8221; ifadelerini kulland\u0131. &Ccedil;akmakl\u0131, bas\u0131n mensuplar\u0131na te\u015fekk&uuml;r ederek, &#8220;Bizim yan\u0131m\u0131zda T&uuml;rk bas\u0131n\u0131 ve devleti durdu. Mevl&uuml;t &Ccedil;avu\u015fo\u011flu d\u0131\u015f\u0131nda ba\u015fka kimse yoktu&#8221; dedi.<\/p>\n<p>#vd-2253#<\/p>\n<h3>&#8220;D\u0130N\u0130 \u0130NAN&Ccedil;LARINA BA\u011eLI B\u0130R ARKADA\u015eIMDI&#8221;<\/h3>\n<p>Oyuncu Nuri Al&ccedil;o ise, &ldquo;Ne yaz\u0131k ki b&ouml;yle bir ac\u0131 g&uuml;nde bir araya geldik. En son telefonda konu\u015fmu\u015ftuk. Ev problemi vard\u0131, kirac\u0131s\u0131n\u0131 &ccedil;\u0131karm\u0131\u015ft\u0131. Oran\u0131n d&uuml;zeni i&ccedil;in arad\u0131. Onu konu\u015fuyorduk gene &uuml;&ccedil; defa arad\u0131. Maalesef &uuml;&ccedil;&uuml;nc&uuml;s&uuml;nde a&ccedil;t\u0131m ama &ccedil;ok de\u011fi\u015fik bir sesle bir a\u011flama sesi. Ac\u0131 bir haber geldi, duydum. Tabii ki kendimizi o anda kaybettik. Ahu ger&ccedil;ekten &ccedil;ok kuvvetli, y&uuml;re\u011fi kuvvetli, hi&ccedil; korkmayan, y\u0131lmayan ve dini inan&ccedil;lar\u0131na ba\u011fl\u0131 bir arkada\u015f\u0131md\u0131&rdquo; diye konu\u015ftu.<\/p>\n<p><img loading=\"lazy\" decoding=\"async\" src=\"https:\/\/www.tgrthaber.com\/mavikadin\/wp-content\/images\/haberler\/24-09\/28\/aw296904_03.jpg\" width=\"802\" height=\"545\" alt=\"\" title=\"\"><\/p><\/p>\n","protected":false},"excerpt":{"rendered":"<p>Ahu Tu\u011fba\u2019n\u0131n cenaze t\u00f6reni s\u0131ras\u0131nda yak\u0131n dostu Serpil \u00c7akmakl\u0131, cenazeye kat\u0131l\u0131m\u0131n\u0131n az olmas\u0131na isyan etti. \u00c7akmakl\u0131, \u201cBu \u015fekilde u\u011furlanmas\u0131n\u0131 \u015fiddetle k\u0131n\u0131yorum. Yaz\u0131klar olsun\u201d diyerek tepki g\u00f6sterdi. Ye\u015fil&ccedil;am&#8217;\u0131n unutulmaz isimlerinden Ahu Tu\u011fba, Miami&#8217;deki evinde hayat\u0131n\u0131 kaybetmi\u015fti. Vefat\u0131ndan 27 g&uuml;n sonra naa\u015f\u0131 T&uuml;rkiye&#8217;ye getirilen &uuml;nl&uuml; sanat&ccedil;\u0131n\u0131n cenaze t&ouml;reni bug&uuml;n ger&ccedil;ekle\u015ftirildi. Ahu Tu\u011fba i&ccedil;in saat 11.00&#8217;de Beyo\u011flu Atlas [&hellip;]<\/p>\n","protected":false},"author":4,"featured_media":86758,"comment_status":"closed","ping_status":"open","sticky":false,"template":"","format":"standard","meta":{"rank_math_lock_modified_date":false,"footnotes":""},"categories":[76],"tags":[2173,6974,8417,31570,667],"class_list":["post-86759","post","type-post","status-publish","format-standard","has-post-thumbnail","hentry","category-magazin","tag-ahu-tugba","tag-cenaze","tag-serpil-cakmakli","tag-vefat","tag-yesilcam"],"_links":{"self":[{"href":"https:\/\/www.tgrthaber.com\/mavikadin\/wp-json\/wp\/v2\/posts\/86759"}],"collection":[{"href":"https:\/\/www.tgrthaber.com\/mavikadin\/wp-json\/wp\/v2\/posts"}],"about":[{"href":"https:\/\/www.tgrthaber.com\/mavikadin\/wp-json\/wp\/v2\/types\/post"}],"author":[{"embeddable":true,"href":"https:\/\/www.tgrthaber.com\/mavikadin\/wp-json\/wp\/v2\/users\/4"}],"replies":[{"embeddable":true,"href":"https:\/\/www.tgrthaber.com\/mavikadin\/wp-json\/wp\/v2\/comments?post=86759"}],"version-history":[{"count":1,"href":"https:\/\/www.tgrthaber.com\/mavikadin\/wp-json\/wp\/v2\/posts\/86759\/revisions"}],"predecessor-version":[{"id":86760,"href":"https:\/\/www.tgrthaber.com\/mavikadin\/wp-json\/wp\/v2\/posts\/86759\/revisions\/86760"}],"wp:featuredmedia":[{"embeddable":true,"href":"https:\/\/www.tgrthaber.com\/mavikadin\/wp-json\/wp\/v2\/media\/86758"}],"wp:attachment":[{"href":"https:\/\/www.tgrthaber.com\/mavikadin\/wp-json\/wp\/v2\/media?parent=86759"}],"wp:term":[{"taxonomy":"category","embeddable":true,"href":"https:\/\/www.tgrthaber.com\/mavikadin\/wp-json\/wp\/v2\/categories?post=86759"},{"taxonomy":"post_tag","embeddable":true,"href":"https:\/\/www.tgrthaber.com\/mavikadin\/wp-json\/wp\/v2\/tags?post=86759"}],"curies":[{"name":"wp","href":"https:\/\/api.w.org\/{rel}","templated":true}]}}