{"id":86762,"date":"2024-09-28T13:50:03","date_gmt":"2024-09-28T10:50:03","guid":{"rendered":"https:\/\/www.tgrthaber.com\/mavikadin\/?p=86762"},"modified":"2024-11-15T13:32:55","modified_gmt":"2024-11-15T10:32:55","slug":"demet-akalin-evime-coktu-dedigi-kiracisini-evden-cikarabilirse-ne-yapacagini-acikladi","status":"publish","type":"post","link":"https:\/\/www.tgrthaber.com\/mavikadin\/demet-akalin-evime-coktu-dedigi-kiracisini-evden-cikarabilirse-ne-yapacagini-acikladi\/","title":{"rendered":"Demet Akal\u0131n &#8220;Evime \u00e7\u00f6kt\u00fc&#8221; dedi\u011fi kirac\u0131s\u0131n\u0131 evden \u00e7\u0131karabilirse ne yapaca\u011f\u0131n\u0131 a\u00e7\u0131klad\u0131"},"content":{"rendered":"<p>Evinde ucuza oturdu\u011fu ve zam yapmad\u0131\u011f\u0131 gerek\u00e7esiyle kirac\u0131s\u0131na isyan eden Demet Akal\u0131n&#8217;\u0131n derdi bitmedi. Kirac\u0131s\u0131 ile ya\u015fad\u0131\u011f\u0131 kriz hala devam eden Akal\u0131n, kirac\u0131s\u0131n\u0131 evden \u00e7\u0131karmay\u0131 ba\u015farabilirse evini ne yapaca\u011f\u0131n\u0131 a\u00e7\u0131klad\u0131.<\/p>\n<p>Sosyal medya payla\u015f\u0131mlar\u0131 ve a&ccedil;\u0131klamalar\u0131yla g&uuml;ndemden d&uuml;\u015fmeyen Demet Akal\u0131n, kirac\u0131s\u0131yla ya\u015fad\u0131\u011f\u0131 sorunlar\u0131 bir t&uuml;rl&uuml; &ccedil;&ouml;zemediklerini belirtti. &Uuml;nl&uuml; \u015fark\u0131c\u0131 payla\u015f\u0131m\u0131nda, &#8220;Bu evleri siz &uuml;cretsiz oturun diye almad\u0131k yaa arkada\u015f. Adam evime &ccedil;&ouml;km&uuml;\u015f ya&#8221; ifadelerini kullanm\u0131\u015ft\u0131<\/p>\n<p>Gayrimenkul yat\u0131r\u0131mlar\u0131yla tan\u0131nan &uuml;nl&uuml; isim Demet Akal\u0131n&#8217;\u0131n kirac\u0131s\u0131yla ba\u015f\u0131 dertte uzun bir s&uuml;redir biliyorsunuz.<\/p>\n<p>Mankenlik yapt\u0131\u011f\u0131 d&ouml;nemlerde sat\u0131n ald\u0131\u011f\u0131 evinde oturan kirac\u0131s\u0131ndan ayl\u0131k 5 bin TL kira ald\u0131\u011f\u0131n\u0131 s&ouml;yleyerek isyan eden Akal\u0131n, &#8220;Bug&uuml;n bir mekana gitti\u011finizde d&ouml;rt ki\u015fi, 3-4 bin lira hesap geliyor. Benim kirac\u0131m evimde 5 bin liraya oturuyor. Ben bunu canl\u0131 yay\u0131nda s&ouml;yledim diye; adam\u0131n ukalal\u0131\u011f\u0131na bak\u0131n emlak&ccedil;\u0131ya gidip &#8216;Programda benden bahsetti, zam yapacakt\u0131m ama vazge&ccedil;tim&#8217; demi\u015f&#8221; ifadelerini kullanm\u0131\u015ft\u0131.<\/p>\n<p>Avukat\u0131n\u0131 dahi devreye soktu\u011funu s&ouml;yleyen Akal\u0131n, her yolu denedi\u011fini yine de bir sonuca ula\u015famad\u0131\u011f\u0131n\u0131 dile getirmi\u015fti<\/p>\n<h3>EV\u0130N\u0130 NE YAPACA\u011eINI A&Ccedil;IKLADI<\/h3>\n<p>&#8220;Ben o evi almak i&ccedil;in di\u015fimi t\u0131rna\u011f\u0131ma takt\u0131m, gece g&uuml;nd&uuml;z &ccedil;al\u0131\u015f\u0131yordum. O zaman mankenlik yap\u0131yordum. Millete yaka i\u011fnesi tak\u0131yor, milletin a\u011fz\u0131n\u0131n kokusunu &ccedil;ekiyordum&#8221; diyen Demet Akal\u0131n, kirac\u0131s\u0131n\u0131 evden &ccedil;\u0131karabilirse evini ne yapaca\u011f\u0131n\u0131 da a&ccedil;\u0131klad\u0131.<\/p>\n<p>&nbsp;<\/p>\n<p><img loading=\"lazy\" decoding=\"async\" src=\"https:\/\/www.tgrthaber.com\/mavikadin\/wp-content\/images\/haberler\/24-09\/28\/ekran-goruntusu-2024-09-28-135316.jpg\" width=\"803\" height=\"981\" alt=\"\" title=\"\"><\/p>\n<p>Demet Akal\u0131n, bir takip&ccedil;isine yapt\u0131\u011f\u0131 bir yorumda, &#8220;Benim bedavac\u0131y\u0131 evden &ccedil;\u0131karmak istiyorum. Ayr\u0131ca bir &ouml;\u011frenciyi bir y\u0131l &uuml;cretsiz oturtaca\u011f\u0131m&#8221; dedi.<\/p><\/p>\n","protected":false},"excerpt":{"rendered":"<p>Evinde ucuza oturdu\u011fu ve zam yapmad\u0131\u011f\u0131 gerek\u00e7esiyle kirac\u0131s\u0131na isyan eden Demet Akal\u0131n&#8217;\u0131n derdi bitmedi. Kirac\u0131s\u0131 ile ya\u015fad\u0131\u011f\u0131 kriz hala devam eden Akal\u0131n, kirac\u0131s\u0131n\u0131 evden \u00e7\u0131karmay\u0131 ba\u015farabilirse evini ne yapaca\u011f\u0131n\u0131 a\u00e7\u0131klad\u0131. Sosyal medya payla\u015f\u0131mlar\u0131 ve a&ccedil;\u0131klamalar\u0131yla g&uuml;ndemden d&uuml;\u015fmeyen Demet Akal\u0131n, kirac\u0131s\u0131yla ya\u015fad\u0131\u011f\u0131 sorunlar\u0131 bir t&uuml;rl&uuml; &ccedil;&ouml;zemediklerini belirtti. &Uuml;nl&uuml; \u015fark\u0131c\u0131 payla\u015f\u0131m\u0131nda, &#8220;Bu evleri siz &uuml;cretsiz oturun diye [&hellip;]<\/p>\n","protected":false},"author":4,"featured_media":86761,"comment_status":"closed","ping_status":"open","sticky":false,"template":"","format":"standard","meta":{"rank_math_lock_modified_date":false,"footnotes":""},"categories":[76],"tags":[130,57215,57214,44418],"class_list":["post-86762","post","type-post","status-publish","format-standard","has-post-thumbnail","hentry","category-magazin","tag-demet-akalin","tag-evini-ne-yapacak","tag-kiraci-krizi","tag-ucretsiz-konaklama"],"_links":{"self":[{"href":"https:\/\/www.tgrthaber.com\/mavikadin\/wp-json\/wp\/v2\/posts\/86762"}],"collection":[{"href":"https:\/\/www.tgrthaber.com\/mavikadin\/wp-json\/wp\/v2\/posts"}],"about":[{"href":"https:\/\/www.tgrthaber.com\/mavikadin\/wp-json\/wp\/v2\/types\/post"}],"author":[{"embeddable":true,"href":"https:\/\/www.tgrthaber.com\/mavikadin\/wp-json\/wp\/v2\/users\/4"}],"replies":[{"embeddable":true,"href":"https:\/\/www.tgrthaber.com\/mavikadin\/wp-json\/wp\/v2\/comments?post=86762"}],"version-history":[{"count":1,"href":"https:\/\/www.tgrthaber.com\/mavikadin\/wp-json\/wp\/v2\/posts\/86762\/revisions"}],"predecessor-version":[{"id":86763,"href":"https:\/\/www.tgrthaber.com\/mavikadin\/wp-json\/wp\/v2\/posts\/86762\/revisions\/86763"}],"wp:featuredmedia":[{"embeddable":true,"href":"https:\/\/www.tgrthaber.com\/mavikadin\/wp-json\/wp\/v2\/media\/86761"}],"wp:attachment":[{"href":"https:\/\/www.tgrthaber.com\/mavikadin\/wp-json\/wp\/v2\/media?parent=86762"}],"wp:term":[{"taxonomy":"category","embeddable":true,"href":"https:\/\/www.tgrthaber.com\/mavikadin\/wp-json\/wp\/v2\/categories?post=86762"},{"taxonomy":"post_tag","embeddable":true,"href":"https:\/\/www.tgrthaber.com\/mavikadin\/wp-json\/wp\/v2\/tags?post=86762"}],"curies":[{"name":"wp","href":"https:\/\/api.w.org\/{rel}","templated":true}]}}