{"id":87425,"date":"2024-10-04T11:10:34","date_gmt":"2024-10-04T08:10:34","guid":{"rendered":"https:\/\/www.tgrthaber.com\/mavikadin\/?p=87425"},"modified":"2024-11-15T13:51:56","modified_gmt":"2024-11-15T10:51:56","slug":"kendine-has-lezzetiyle-mis-gibi-kokan-kapya-biber-receli-tarifi","status":"publish","type":"post","link":"https:\/\/www.tgrthaber.com\/mavikadin\/kendine-has-lezzetiyle-mis-gibi-kokan-kapya-biber-receli-tarifi\/","title":{"rendered":"Kendine has lezzetiyle mis gibi kokan kapya biber re\u00e7eli tarifi!"},"content":{"rendered":"<p>Kapya biberin benzersiz aromas\u0131 ve re\u00e7el haline getirildi\u011finde ortaya \u00e7\u0131kan muhte\u015fem lezzetiyle damaklar\u0131n\u0131z\u0131 \u015fenlendirecek tarifi mutlaka denemelisiniz. K\u0131rm\u0131z\u0131 biberin o muazzam lezzetini \u015fekerle bulu\u015fturdu\u011funuzda ortaya \u00e7\u0131kan bu muhte\u015fem tat, sabah kahvalt\u0131lar\u0131n\u0131z\u0131n vazge\u00e7ilmezi olmaya aday. Peki, kapya biber re\u00e7eli nas\u0131l yap\u0131l\u0131r? P\u00fcf noktalar\u0131 nelerdir?<\/p>\n<p>Do\u011fal ve taze malzemelerle haz\u0131rlanan, ev yap\u0131m\u0131 k\u0131rm\u0131z\u0131 biber re&ccedil;eli tarifi; hem g&ouml;z dolduran parlak rengiyle hem de i&ccedil;indeki sevgiyle mis gibi kokusuyla sofralar\u0131n vazge&ccedil;ilmezi olmaya aday. Geleneksel y&ouml;ntemlerle yap\u0131lan lezzetli re&ccedil;el, her lokmas\u0131nda do\u011fall\u0131\u011f\u0131n\u0131 ve &ouml;zenle se&ccedil;ilen malzemelerin tad\u0131n\u0131 hissettiriyor. Kahvalt\u0131 sofralar\u0131na \u015f\u0131kl\u0131k ve lezzet katarken, ho\u015f bir an\u0131ya d&ouml;n&uuml;\u015fen tarif; s\u0131cac\u0131k ekmek dilimleriyle bulu\u015ftu\u011funda damaklar\u0131 \u015fenlendiriyor. Hem kolayca yap\u0131labilmesi hem de kendine has aromas\u0131yla ba\u015fta b&uuml;y&uuml;kler olmak &uuml;zere herkesin be\u011fenisini kazanacak olan kapya biber re&ccedil;eli, mutfa\u011f\u0131n\u0131za ne\u015fe ve tatl\u0131 bir huzur getirebilir.<\/p>\n<h3>KAPYA B\u0130BER RE&Ccedil;EL\u0130 TAR\u0130F\u0130<\/h3>\n<p><strong>Gereken malzemeler: <\/strong><\/p>\n<ul>\n<li>5 ya da 6 adet kapya biber<\/li>\n<li>6 veya 7 adet karanfil<\/li>\n<li>Yar\u0131m limon suyu<\/li>\n<li>2 su barda\u011f\u0131 \u015feker<\/li>\n<li>2 ya da 3 par&ccedil;a ac\u0131 k\u0131rm\u0131z\u0131 biber<\/li>\n<\/ul>\n<p><strong>Sunum i&ccedil;in: <\/strong><\/p>\n<ul>\n<li>K\u0131zarm\u0131\u015f ekmek<\/li>\n<\/ul>\n<p><img decoding=\"async\" src=\"https:\/\/www.tgrthaber.com\/mavikadin\/wp-content\/images\/haberler\/24-10\/04\/yeni-proje-3.jpg\" alt=\"\" title=\"\"><\/p>\n<h3>KAPYA B\u0130BER RE&Ccedil;EL\u0130 NASIL YAPILIR?<\/h3>\n<ul>\n<li>&Ouml;ncelikle etli, parlak ve dolgulu k\u0131rm\u0131z\u0131 biberleri y\u0131kad\u0131ktan sonra i&ccedil;ini g&uuml;zelce temizliyoruz.<\/li>\n<li>Sonras\u0131nda uzun \u015feritler halinde kesiyoruz. Julyen gibi olacak.<\/li>\n<li>Ard\u0131ndan minik minik kapya biberlerini do\u011fray\u0131n.<\/li>\n<li>Ayn\u0131 \u015fekilde ac\u0131 k\u0131rm\u0131z\u0131 biberleri de k&uuml;&ccedil;&uuml;k k&uuml;&ccedil;&uuml;k do\u011frayarak her ikisini de derin bir tencerenin i&ccedil;ine alal\u0131m.<\/li>\n<li>\u015eekeri, karanfili biberlerin &uuml;zerine d&ouml;kelim.<\/li>\n<li>Orta ate\u015fte oca\u011f\u0131n &uuml;zerinde pi\u015firmeye b\u0131rakal\u0131m.<\/li>\n<li>Yo\u011funla\u015fan re&ccedil;elin &uuml;zerine limon suyunu ve bir k&uuml;p tereya\u011f\u0131n\u0131 en son a\u015famada ekleyin.<\/li>\n<li>Biraz daha pi\u015firmeye devam ettirin.<\/li>\n<li>K\u0131vam\u0131 yo\u011funla\u015ft\u0131ktan sonra kavanozlar\u0131n i&ccedil;erisine ekleyip a\u011fz\u0131n\u0131 kapat\u0131p so\u011fumaya b\u0131rakal\u0131m. Afiyet olsun.<\/li>\n<\/ul>\n<h3>KAPYA B\u0130BER RE&Ccedil;EL\u0130 P&Uuml;F NOKTASI<\/h3>\n<ul>\n<li>Bir gece &ouml;ncesinde \u015fekere yat\u0131r\u0131rsan\u0131z, biber kendi suyunu salar ve lezzetini iki kat\u0131na &ccedil;\u0131karabilirsiniz.<\/li>\n<li>Canl\u0131 ve parlak g&ouml;r&uuml;nmesi i&ccedil;in etli ve dolgulu olan kapya biberlerini al\u0131p yapmal\u0131s\u0131n\u0131z.<\/li>\n<li>Re&ccedil;elin o ac\u0131 k\u0131vam\u0131n\u0131n olmamas\u0131 i&ccedil;in \u015feker &ouml;l&ccedil;&uuml;s&uuml;n&uuml;n iyi dengelenmesi gerekir.<\/li>\n<li>Pi\u015fme s\u0131ras\u0131nda biberler suyunu fazla b\u0131rakaca\u011f\u0131 i&ccedil;in ocakta pi\u015firirken re&ccedil;elin k\u0131vam\u0131n\u0131n yo\u011funla\u015fmas\u0131n\u0131 g&uuml;zel dengelemelisiniz.<\/li>\n<li>Re&ccedil;eli lezzetlendirmesini art\u0131rmak i&ccedil;in bekletti\u011finiz kapya biberlerinin i&ccedil;ine bir paket vanilya ekleyebilirsiniz.<\/li>\n<li>Parlakl\u0131\u011f\u0131n\u0131 art\u0131rmak i&ccedil;in tereya\u011f\u0131 ekleyebilirsiniz.<\/li>\n<li>Re&ccedil;elin k\u0131vam\u0131n\u0131 anlamak i&ccedil;in ya bir &ccedil;ay taba\u011f\u0131n\u0131n &uuml;zerine bir miktar d&ouml;k&uuml;p dolapta so\u011fumaya b\u0131rak\u0131p k\u0131vam\u0131n\u0131 g&ouml;rebilirsiniz ya da yeme ka\u015f\u0131\u011f\u0131 ile re&ccedil;eli kar\u0131\u015ft\u0131r\u0131p ka\u015f\u0131kta kalan re&ccedil;elin k\u0131vam\u0131na i\u015faret parma\u011f\u0131n\u0131zla silme yaparak bakabilirsiniz. E\u011fer silme yapt\u0131\u011f\u0131n\u0131z yer bozulmuyorsa k\u0131vam\u0131n\u0131z olmu\u015f demektir.<\/li>\n<\/ul>\n","protected":false},"excerpt":{"rendered":"<p>Kapya biberin benzersiz aromas\u0131 ve re\u00e7el haline getirildi\u011finde ortaya \u00e7\u0131kan muhte\u015fem lezzetiyle damaklar\u0131n\u0131z\u0131 \u015fenlendirecek tarifi mutlaka denemelisiniz. K\u0131rm\u0131z\u0131 biberin o muazzam lezzetini \u015fekerle bulu\u015fturdu\u011funuzda ortaya \u00e7\u0131kan bu muhte\u015fem tat, sabah kahvalt\u0131lar\u0131n\u0131z\u0131n vazge\u00e7ilmezi olmaya aday. Peki, kapya biber re\u00e7eli nas\u0131l yap\u0131l\u0131r? P\u00fcf noktalar\u0131 nelerdir? Do\u011fal ve taze malzemelerle haz\u0131rlanan, ev yap\u0131m\u0131 k\u0131rm\u0131z\u0131 biber re&ccedil;eli tarifi; hem [&hellip;]<\/p>\n","protected":false},"author":10,"featured_media":87424,"comment_status":"closed","ping_status":"open","sticky":false,"template":"","format":"standard","meta":{"rank_math_lock_modified_date":false,"footnotes":""},"categories":[191],"tags":[31934,18432,57502,57503,3038],"class_list":["post-87425","post","type-post","status-publish","format-standard","has-post-thumbnail","hentry","category-yemek-tarifleri","tag-ev-yapimi-recel","tag-kahvaltilik-tarifler","tag-kapya-biber-receli","tag-kirmizi-biber-receli","tag-recel-tarifi"],"_links":{"self":[{"href":"https:\/\/www.tgrthaber.com\/mavikadin\/wp-json\/wp\/v2\/posts\/87425"}],"collection":[{"href":"https:\/\/www.tgrthaber.com\/mavikadin\/wp-json\/wp\/v2\/posts"}],"about":[{"href":"https:\/\/www.tgrthaber.com\/mavikadin\/wp-json\/wp\/v2\/types\/post"}],"author":[{"embeddable":true,"href":"https:\/\/www.tgrthaber.com\/mavikadin\/wp-json\/wp\/v2\/users\/10"}],"replies":[{"embeddable":true,"href":"https:\/\/www.tgrthaber.com\/mavikadin\/wp-json\/wp\/v2\/comments?post=87425"}],"version-history":[{"count":1,"href":"https:\/\/www.tgrthaber.com\/mavikadin\/wp-json\/wp\/v2\/posts\/87425\/revisions"}],"predecessor-version":[{"id":87426,"href":"https:\/\/www.tgrthaber.com\/mavikadin\/wp-json\/wp\/v2\/posts\/87425\/revisions\/87426"}],"wp:featuredmedia":[{"embeddable":true,"href":"https:\/\/www.tgrthaber.com\/mavikadin\/wp-json\/wp\/v2\/media\/87424"}],"wp:attachment":[{"href":"https:\/\/www.tgrthaber.com\/mavikadin\/wp-json\/wp\/v2\/media?parent=87425"}],"wp:term":[{"taxonomy":"category","embeddable":true,"href":"https:\/\/www.tgrthaber.com\/mavikadin\/wp-json\/wp\/v2\/categories?post=87425"},{"taxonomy":"post_tag","embeddable":true,"href":"https:\/\/www.tgrthaber.com\/mavikadin\/wp-json\/wp\/v2\/tags?post=87425"}],"curies":[{"name":"wp","href":"https:\/\/api.w.org\/{rel}","templated":true}]}}