{"id":87737,"date":"2024-10-06T18:04:56","date_gmt":"2024-10-06T15:04:56","guid":{"rendered":"https:\/\/www.tgrthaber.com\/mavikadin\/?p=87737"},"modified":"2024-11-15T14:01:00","modified_gmt":"2024-11-15T11:01:00","slug":"normal-dogum-eylem-plani-kampanyasina-destek-verdigi-icin-elestirilerin-hedefi-olan-azra-akin-sessizligini-bozdu","status":"publish","type":"post","link":"https:\/\/www.tgrthaber.com\/mavikadin\/normal-dogum-eylem-plani-kampanyasina-destek-verdigi-icin-elestirilerin-hedefi-olan-azra-akin-sessizligini-bozdu\/","title":{"rendered":"Normal Do\u011fum Eylem Plan\u0131 kampanyas\u0131na destek verdi\u011fi i\u00e7in ele\u015ftirilerin hedefi olan Azra Ak\u0131n sessizli\u011fini bozdu"},"content":{"rendered":"<p>Eski T\u00fcrkiye ve D\u00fcnya G\u00fczeli Azra Ak\u0131n, Sa\u011fl\u0131k Bakanl\u0131\u011f\u0131\u2019n\u0131n ba\u015flatt\u0131\u011f\u0131 \u201cNormal Do\u011fum Eylem Plan\u0131\u201d kampanyas\u0131na destek verdi\u011fi sosyal medyada ele\u015ftirilerin hedefi haline gelmi\u015fti. G\u00fczel isimden, yap\u0131lan ele\u015ftiri dolu yorumlar\u0131n ard\u0131ndan a\u00e7\u0131klama geldi.<\/p>\n<p>Sa\u011fl\u0131k Bakanl\u0131\u011f\u0131 taraf\u0131ndan haz\u0131rlanan Normal Do\u011fum Eylem Plan\u0131&#8217;n\u0131n tan\u0131t\u0131m toplant\u0131s\u0131nda uzmanlar ve ebeler, normal do\u011fumun anne ve bebekler i&ccedil;in en do\u011fal ve sa\u011fl\u0131kl\u0131 y&ouml;ntem oldu\u011funu anlatt\u0131lar.<\/p>\n<p>Cumhurba\u015fkan\u0131 Recep Tayyip Erdo\u011fan&#8217;\u0131n e\u015fi Emine Erdo\u011fan&#8217;\u0131n da kat\u0131ld\u0131\u011f\u0131 toplant\u0131, Be\u015ftepe Millet Kongre ve K&uuml;lt&uuml;r Merkezi&#8217;nde ger&ccedil;ekle\u015fti. Etkinli\u011fe bir&ccedil;ok hekim, ebe ve anne adaylar\u0131 kat\u0131l\u0131rken; Azra Ak\u0131n ve Zahide Yeti\u015f gibi &uuml;nl&uuml; isimler de konu\u015fmac\u0131 olarak kat\u0131ld\u0131.<\/p>\n<h3>AZRA AKIN&#8217;A SOSYAL MEDYADA ELE\u015eT\u0130R\u0130 YA\u011eDI<\/h3>\n<p>&#8220;Sa\u011fl\u0131k Bakanl\u0131\u011f\u0131 koordinasyonunda ba\u015flat\u0131lan Normal Do\u011fum Kampanyas\u0131&#8217;n\u0131n bir par&ccedil;as\u0131 olmaktan mutluluk duydum&#8221; diyen Azra Ak\u0131n, bu payla\u015f\u0131m\u0131n\u0131n ard\u0131ndan sosyal medya kullan\u0131c\u0131lar\u0131n\u0131n tepkileriyle kar\u015f\u0131la\u015ft\u0131. Ele\u015ftirilerin artmas\u0131 &uuml;zerine, Ak\u0131n sosyal medya hesab\u0131ndan bir a&ccedil;\u0131klama yapma gere\u011fi duydu.<\/p>\n<p>&nbsp;<\/p>\n<p><img loading=\"lazy\" decoding=\"async\" src=\"https:\/\/www.tgrthaber.com\/mavikadin\/wp-content\/images\/haberler\/24-10\/06\/aa-20241003-35811308-35811300-emine_erdogandan_anne_adaylarina_normal_dogum_cagrisi.jpg\" width=\"776\" height=\"1085\" alt=\"\" title=\"\"><\/p>\n<p>Eski T&uuml;rkiye ve D&uuml;nya G&uuml;zeli, oyuncu Azra Ak\u0131n, T&uuml;rkiye&#8217;deki sezaryen do\u011fum oranlar\u0131n\u0131n t&uuml;m geli\u015fmi\u015f &uuml;lkelerin neredeyse iki kat\u0131na &ccedil;\u0131kan sezaryen do\u011fum konusunda &ouml;nemli &ccedil;al\u0131\u015fmalar\u0131 her zaman destekleyece\u011fini s&ouml;yledi.<\/p>\n<h3>&#8220;S\u0130YAS\u0130 B\u0130R F\u0130G&Uuml;R DE\u011e\u0130L\u0130M&#8221;<\/h3>\n<p>Sosyal medya hesab\u0131 &uuml;zerinden Normal Do\u011fum Eylem Plan\u0131 Tan\u0131t\u0131m Toplant\u0131s\u0131 hakk\u0131nda yap\u0131lan ele\u015ftirilere cevap veren Ak\u0131n, kendisinin siyasi bir fig&uuml;r olmad\u0131\u011f\u0131n\u0131 vurgulad\u0131. T&uuml;rk kad\u0131nlar\u0131n\u0131 ilgilendiren sa\u011fl\u0131k konular\u0131nda kendi deneyimlerini payla\u015farak faydal\u0131 olmaya &ccedil;al\u0131\u015ft\u0131\u011f\u0131n\u0131 belirtti.<\/p>\n<p>Cumhurba\u015fkan\u0131 Recep Tayyip Erdo\u011fan&#8217;\u0131n e\u015fi Emine Erdo\u011fan&#8217;a etkinlik daveti i&ccedil;in te\u015fekk&uuml;r eden Ak\u0131n, s&ouml;zlerine \u015f&ouml;yle devam etti:<\/p>\n<p>&ldquo;Bug&uuml;n &uuml;z&uuml;lerek g&ouml;r&uuml;yorum ki, &uuml;lkemizin kutupla\u015fmas\u0131ndan en &ccedil;ok \u015fikayet eden gruplar, bu konuda en &ouml;n planda yer al\u0131yorlar. Kad\u0131n v&uuml;cudunun mucizelerinden biri olan do\u011fumda, kimin nas\u0131l do\u011furaca\u011f\u0131na karar verme hakk\u0131 tamamen kad\u0131na aittir. Ancak bu karar\u0131 verirken bebek ve anne sa\u011fl\u0131\u011f\u0131n\u0131 tehlikeye atan yanl\u0131\u015f bilgilerden uzak durmal\u0131lar. Yanl\u0131\u015f anla\u015f\u0131lmas\u0131n, t\u0131bbi olarak gerekti\u011finde sezaryen do\u011fum hayat kurtar\u0131c\u0131d\u0131r.<\/p>\n<p>&nbsp;<\/p>\n<p><img loading=\"lazy\" decoding=\"async\" src=\"https:\/\/www.tgrthaber.com\/mavikadin\/wp-content\/images\/haberler\/24-10\/06\/ekran-goruntusu-2024-10-06-164832.png\" width=\"771\" height=\"1079\" alt=\"\" title=\"\"><\/p>\n<p>Ne yaz\u0131k ki, &uuml;lkemizde sezaryen do\u011fum oranlar\u0131 t&uuml;m geli\u015fmi\u015f &uuml;lkelerin neredeyse iki kat\u0131na &ccedil;\u0131km\u0131\u015f durumda. Bu konuda yetkililerin ters giden uygulamalara kar\u015f\u0131 &ouml;nlem almas\u0131, toplumu uyarmas\u0131 ve bilin&ccedil;lendirmesi gerekti\u011fini d&uuml;\u015f&uuml;n&uuml;yorum. Bu t&uuml;r &ccedil;al\u0131\u015fmalar her zaman destekleyece\u011fim.&#8221;<\/p>\n<p>&nbsp;<\/p>\n<p><img loading=\"lazy\" decoding=\"async\" src=\"https:\/\/www.tgrthaber.com\/mavikadin\/wp-content\/images\/haberler\/24-10\/06\/aa-20241003-35811364-35811355-emine_erdogandan_anne_adaylarina_normal_dogum_cagrisi-1-1728227807.jpg\" width=\"796\" height=\"795\" alt=\"\" title=\"\"><\/p><\/p>\n","protected":false},"excerpt":{"rendered":"<p>Eski T\u00fcrkiye ve D\u00fcnya G\u00fczeli Azra Ak\u0131n, Sa\u011fl\u0131k Bakanl\u0131\u011f\u0131\u2019n\u0131n ba\u015flatt\u0131\u011f\u0131 \u201cNormal Do\u011fum Eylem Plan\u0131\u201d kampanyas\u0131na destek verdi\u011fi sosyal medyada ele\u015ftirilerin hedefi haline gelmi\u015fti. G\u00fczel isimden, yap\u0131lan ele\u015ftiri dolu yorumlar\u0131n ard\u0131ndan a\u00e7\u0131klama geldi. Sa\u011fl\u0131k Bakanl\u0131\u011f\u0131 taraf\u0131ndan haz\u0131rlanan Normal Do\u011fum Eylem Plan\u0131&#8217;n\u0131n tan\u0131t\u0131m toplant\u0131s\u0131nda uzmanlar ve ebeler, normal do\u011fumun anne ve bebekler i&ccedil;in en do\u011fal ve sa\u011fl\u0131kl\u0131 [&hellip;]<\/p>\n","protected":false},"author":4,"featured_media":87736,"comment_status":"closed","ping_status":"open","sticky":false,"template":"","format":"standard","meta":{"rank_math_lock_modified_date":false,"footnotes":""},"categories":[76],"tags":[5605,2835,57616,8466,9054],"class_list":["post-87737","post","type-post","status-publish","format-standard","has-post-thumbnail","hentry","category-magazin","tag-azra-akin","tag-emine-erdogan","tag-eylem-plani","tag-normal-dogum","tag-sezaryen"],"_links":{"self":[{"href":"https:\/\/www.tgrthaber.com\/mavikadin\/wp-json\/wp\/v2\/posts\/87737"}],"collection":[{"href":"https:\/\/www.tgrthaber.com\/mavikadin\/wp-json\/wp\/v2\/posts"}],"about":[{"href":"https:\/\/www.tgrthaber.com\/mavikadin\/wp-json\/wp\/v2\/types\/post"}],"author":[{"embeddable":true,"href":"https:\/\/www.tgrthaber.com\/mavikadin\/wp-json\/wp\/v2\/users\/4"}],"replies":[{"embeddable":true,"href":"https:\/\/www.tgrthaber.com\/mavikadin\/wp-json\/wp\/v2\/comments?post=87737"}],"version-history":[{"count":1,"href":"https:\/\/www.tgrthaber.com\/mavikadin\/wp-json\/wp\/v2\/posts\/87737\/revisions"}],"predecessor-version":[{"id":87738,"href":"https:\/\/www.tgrthaber.com\/mavikadin\/wp-json\/wp\/v2\/posts\/87737\/revisions\/87738"}],"wp:featuredmedia":[{"embeddable":true,"href":"https:\/\/www.tgrthaber.com\/mavikadin\/wp-json\/wp\/v2\/media\/87736"}],"wp:attachment":[{"href":"https:\/\/www.tgrthaber.com\/mavikadin\/wp-json\/wp\/v2\/media?parent=87737"}],"wp:term":[{"taxonomy":"category","embeddable":true,"href":"https:\/\/www.tgrthaber.com\/mavikadin\/wp-json\/wp\/v2\/categories?post=87737"},{"taxonomy":"post_tag","embeddable":true,"href":"https:\/\/www.tgrthaber.com\/mavikadin\/wp-json\/wp\/v2\/tags?post=87737"}],"curies":[{"name":"wp","href":"https:\/\/api.w.org\/{rel}","templated":true}]}}