{"id":87740,"date":"2024-10-06T18:51:41","date_gmt":"2024-10-06T15:51:41","guid":{"rendered":"https:\/\/www.tgrthaber.com\/mavikadin\/?p=87740"},"modified":"2024-11-15T14:01:06","modified_gmt":"2024-11-15T11:01:06","slug":"izzet-yildizhandan-taki-aciklamasi-oglunun-dugununde-bir-servet-toplanmis","status":"publish","type":"post","link":"https:\/\/www.tgrthaber.com\/mavikadin\/izzet-yildizhandan-taki-aciklamasi-oglunun-dugununde-bir-servet-toplanmis\/","title":{"rendered":"\u0130zzet Y\u0131ld\u0131zhan&#8217;dan tak\u0131 a\u00e7\u0131klamas\u0131: O\u011flunun d\u00fc\u011f\u00fcn\u00fcnde bir servet toplanm\u0131\u015f"},"content":{"rendered":"<p>O\u011flunun d\u00fc\u011f\u00fcn\u00fcnde tomar tomar para tak\u0131lan sanat\u00e7\u0131 \u0130zzet Y\u0131ld\u0131zhan d\u00fc\u011f\u00fcnden sonra ilk kez konu\u015ftu. \u00dcnl\u00fc sanat\u00e7\u0131dan tak\u0131 a\u00e7\u0131klamas\u0131 geldi. Ne kadar tak\u0131 topland\u0131\u011f\u0131n\u0131 s\u00f6yledi.<\/p>\n<p>9 &ccedil;ocuk babas\u0131 \u0130zzet Y\u0131ld\u0131zhan, ge&ccedil;ti\u011fimiz haftalarda en b&uuml;y&uuml;k o\u011flu Mustafa Y\u0131ld\u0131zhan&#8217;\u0131 evlendirdi. \u0130zmir&#8217;de o\u011flu i&ccedil;in g&ouml;rkemli bir d&uuml;\u011f&uuml;n d&uuml;zenleyen Y\u0131ld\u0131zhan&#8217;\u0131n bu etkinlikteki g&ouml;r&uuml;nt&uuml;leri olduk&ccedil;a konu\u015fulmu\u015ftu. T&uuml;rk liras\u0131 ve dolarlar\u0131n havada u&ccedil;u\u015ftu\u011fu d&uuml;\u011f&uuml;nle ilgili Y\u0131ld\u0131zhan, tak\u0131lar hakk\u0131nda a&ccedil;\u0131klamada bulundu.<\/p>\n<h3>DOLARLAR VE T&Uuml;RK L\u0130RALARI HAVADA U&Ccedil;U\u015eMU\u015eTU<\/h3>\n<p>9 evlad\u0131n babas\u0131 olan \u0130zzet Y\u0131ld\u0131zhan&#8217;\u0131n en b&uuml;y&uuml;k o\u011flu Mustafa Y\u0131ld\u0131zhan, ge&ccedil;ti\u011fimiz g&uuml;nlerde \u0130zmir&#8217;de d&uuml;nyaevine girdi. Baba Y\u0131ld\u0131zhan, o\u011fluna son model bir Audi A6 hediye etti. Ayr\u0131ca d&uuml;\u011f&uuml;nde misafirler taraf\u0131ndan binlerce dolar ve y&uuml;zlerce gram alt\u0131n tak\u0131ld\u0131. T&uuml;rk liras\u0131 ve dolarlar\u0131n havada u&ccedil;u\u015ftu\u011fu bu d&uuml;\u011f&uuml;n, uzun s&uuml;re g&uuml;ndemde kald\u0131.<\/p>\n<p><img decoding=\"async\" src=\"https:\/\/www.tgrthaber.com\/mavikadin\/wp-content\/images\/haberler\/24-10\/06\/basliksiz-4vv.jpg\" alt=\"\" title=\"\"><\/p>\n<h3>\u0130ZZET YILDIZHAN TAKILAR HAKKINDA KONU\u015eTU<\/h3>\n<p>Oktay Kaynarca ile \u0130zzet Y\u0131ld\u0131zhan&#8217;\u0131n d&uuml;\u011f&uuml;nde oynarken para sa&ccedil;mas\u0131 dikkatlerden ka&ccedil;mad\u0131. D&uuml;\u011f&uuml;nde Ebru Ya\u015far ve Cengiz Kurto\u011flu gibi &uuml;nl&uuml; isimler de sahne ald\u0131. \u0130zzet Y\u0131ld\u0131zhan, d&uuml;\u011f&uuml;n stresini att\u0131ktan sonra d&uuml;\u011f&uuml;ndeki tak\u0131larla ilgili a&ccedil;\u0131klamalarda bulundu.<\/p>\n<p><img decoding=\"async\" src=\"https:\/\/www.tgrthaber.com\/mavikadin\/wp-content\/images\/haberler\/24-10\/06\/basliksiz-4-1728230615.jpg\" alt=\"\" title=\"\"><\/p>\n<h3>&#8220;YAKLA\u015eIK B\u0130R EV PARASI KADAR PARA TOPLADILAR&#8221;<\/h3>\n<p>Y\u0131ld\u0131zhan&#8217;a &#8220;Memnun kald\u0131n\u0131z m\u0131?&#8221; diye soruldu\u011funda, sanat&ccedil;\u0131 \u015fu yan\u0131t\u0131 verdi: &#8220;Do\u011fuda a\u015firet d&uuml;\u011f&uuml;nlerinde g&ouml;rd&uuml;\u011f&uuml;n&uuml;z gibi bir beklentim yoktu, ama kat\u0131lan herkese te\u015fekk&uuml;r ederim. Herkes kendi imkan\u0131na ve konumuna uygun olan\u0131 yapt\u0131. Bildi\u011finiz gibi, d&uuml;\u011f&uuml;nlerde tak\u0131lan tak\u0131lar, gelin ve damada destek olmak i&ccedil;in yap\u0131lan bir gelenektir. Yakla\u015f\u0131k bir ev paras\u0131 kadar tak\u0131 topland\u0131; belki de daha fazlad\u0131r.&#8221;<\/p>\n<p>#vd-2206,2339#<\/p><\/p>\n","protected":false},"excerpt":{"rendered":"<p>O\u011flunun d\u00fc\u011f\u00fcn\u00fcnde tomar tomar para tak\u0131lan sanat\u00e7\u0131 \u0130zzet Y\u0131ld\u0131zhan d\u00fc\u011f\u00fcnden sonra ilk kez konu\u015ftu. \u00dcnl\u00fc sanat\u00e7\u0131dan tak\u0131 a\u00e7\u0131klamas\u0131 geldi. Ne kadar tak\u0131 topland\u0131\u011f\u0131n\u0131 s\u00f6yledi. 9 &ccedil;ocuk babas\u0131 \u0130zzet Y\u0131ld\u0131zhan, ge&ccedil;ti\u011fimiz haftalarda en b&uuml;y&uuml;k o\u011flu Mustafa Y\u0131ld\u0131zhan&#8217;\u0131 evlendirdi. \u0130zmir&#8217;de o\u011flu i&ccedil;in g&ouml;rkemli bir d&uuml;\u011f&uuml;n d&uuml;zenleyen Y\u0131ld\u0131zhan&#8217;\u0131n bu etkinlikteki g&ouml;r&uuml;nt&uuml;leri olduk&ccedil;a konu\u015fulmu\u015ftu. T&uuml;rk liras\u0131 ve dolarlar\u0131n havada [&hellip;]<\/p>\n","protected":false},"author":2,"featured_media":87739,"comment_status":"closed","ping_status":"open","sticky":false,"template":"","format":"standard","meta":{"rank_math_lock_modified_date":false,"footnotes":""},"categories":[76],"tags":[301,3157,42363,34091,38564],"class_list":["post-87740","post","type-post","status-publish","format-standard","has-post-thumbnail","hentry","category-magazin","tag-dugun","tag-izzet-yildizhan","tag-mustafa-yildizhan","tag-taki","tag-unlu"],"_links":{"self":[{"href":"https:\/\/www.tgrthaber.com\/mavikadin\/wp-json\/wp\/v2\/posts\/87740"}],"collection":[{"href":"https:\/\/www.tgrthaber.com\/mavikadin\/wp-json\/wp\/v2\/posts"}],"about":[{"href":"https:\/\/www.tgrthaber.com\/mavikadin\/wp-json\/wp\/v2\/types\/post"}],"author":[{"embeddable":true,"href":"https:\/\/www.tgrthaber.com\/mavikadin\/wp-json\/wp\/v2\/users\/2"}],"replies":[{"embeddable":true,"href":"https:\/\/www.tgrthaber.com\/mavikadin\/wp-json\/wp\/v2\/comments?post=87740"}],"version-history":[{"count":1,"href":"https:\/\/www.tgrthaber.com\/mavikadin\/wp-json\/wp\/v2\/posts\/87740\/revisions"}],"predecessor-version":[{"id":87741,"href":"https:\/\/www.tgrthaber.com\/mavikadin\/wp-json\/wp\/v2\/posts\/87740\/revisions\/87741"}],"wp:featuredmedia":[{"embeddable":true,"href":"https:\/\/www.tgrthaber.com\/mavikadin\/wp-json\/wp\/v2\/media\/87739"}],"wp:attachment":[{"href":"https:\/\/www.tgrthaber.com\/mavikadin\/wp-json\/wp\/v2\/media?parent=87740"}],"wp:term":[{"taxonomy":"category","embeddable":true,"href":"https:\/\/www.tgrthaber.com\/mavikadin\/wp-json\/wp\/v2\/categories?post=87740"},{"taxonomy":"post_tag","embeddable":true,"href":"https:\/\/www.tgrthaber.com\/mavikadin\/wp-json\/wp\/v2\/tags?post=87740"}],"curies":[{"name":"wp","href":"https:\/\/api.w.org\/{rel}","templated":true}]}}