{"id":87743,"date":"2024-10-06T20:08:42","date_gmt":"2024-10-06T17:08:42","guid":{"rendered":"https:\/\/www.tgrthaber.com\/mavikadin\/?p=87743"},"modified":"2024-11-15T14:01:11","modified_gmt":"2024-11-15T11:01:11","slug":"ask-i-memnunun-arsen-hanimi-gulsen-tuncer-bir-kez-daha-gonulleri-fethetti-cantama-koydugum-ilk-esyam-buydu","status":"publish","type":"post","link":"https:\/\/www.tgrthaber.com\/mavikadin\/ask-i-memnunun-arsen-hanimi-gulsen-tuncer-bir-kez-daha-gonulleri-fethetti-cantama-koydugum-ilk-esyam-buydu\/","title":{"rendered":"A\u015fk-\u0131 Memnu&#8217;nun Arsen Han\u0131m&#8217;\u0131 G\u00fclsen Tuncer bir kez daha g\u00f6n\u00fclleri fethetti: \u00c7antama koydu\u011fum ilk e\u015fyam buydu"},"content":{"rendered":"<p>A\u015fk-\u0131 Memnu&#8217;nun unutulmaz karakteri Arsen Hala&#8217;y\u0131 oynayan usta oyuncu G\u00fclsen Tuncer, Antalya Alt\u0131n Portakal Film Festivali&#8217;ne Filistin bayra\u011f\u0131 desenli \u015fal\u0131yla damga vurdu.<\/p>\n<p>Yay\u0131nland\u0131\u011f\u0131 d&ouml;neme damga vuran ve g&uuml;n&uuml;m&uuml;zde tekrar b&ouml;l&uuml;mleriyle h&acirc;l&acirc; izlenme rekorlar\u0131 k\u0131ran A\u015fk-\u0131 Memnu dizisinde naifli\u011fiyle herkesi kendine hayran b\u0131rakan Arsen Hala karakterini hat\u0131rlamayan yoktur.&nbsp;<\/p>\n<p>A\u015fk_\u0131 Memnu&#8217;nun unutulmayan karakteri Arsen Hala&#8217;y\u0131 oynayan G&uuml;lsen Tuncer hayranlar\u0131n\u0131n g&ouml;nl&uuml;n&uuml; bir kez daha fethetti.<\/p>\n<h3>SPOR ARA&Ccedil;LARLA KORTEJ<\/h3>\n<p>Bu y\u0131l 61&#8217;incisi d&uuml;zenlenen Antalya Alt\u0131n Portakal Film Festivali, sanat&ccedil;\u0131lar\u0131 ve oyuncular\u0131 halkla bulu\u015fturan geleneksel kortej ile ba\u015flad\u0131. Ge&ccedil;en y\u0131l festival iptal edildi\u011fi i&ccedil;in yap\u0131lamayan kortej bu y\u0131l klasik ara&ccedil;lar yerine spor arabalarla ger&ccedil;ekle\u015fti.&nbsp;<\/p>\n<p>#vd-2335#<\/p>\n<h3>&#8220;BAVULA KOYDU\u011eUM \u0130LK E\u015eYAYDI&#8221;<\/h3>\n<p>Antalya Alt\u0131n Portakal Film Festivali kortejine kat\u0131lan usta oyuncu G&uuml;lsen Tuncer, boynuna Filistin bayra\u011f\u0131 desenli bir \u015fal takt\u0131. Sava\u015f\u0131 lanetledi\u011fini s&ouml;yleyen Tuncer, &#8220;Antalya&#8217;ya davet edildi\u011fim g&uuml;n &ccedil;antama koydu\u011fum ilk e\u015fyam buydu. Festivaller, sanat ve dostluk i&ccedil;in olmal\u0131 ve burada g&uuml;l&uuml;yoruz ama i&ccedil;imiz kan a\u011fl\u0131yor. Suriye, Filistin, M\u0131s\u0131r, \u0130ran, L&uuml;bnan hepsi i&ccedil;in a\u011fl\u0131yoruz ama hayat devam ediyor. Onlar bizim kom\u015fular\u0131m\u0131z, onlar\u0131n hepsini kucakl\u0131yorum. Bu sava\u015flar\u0131 &ccedil;\u0131karanlar\u0131 lanetliyorum. Bar\u0131\u015f\u0131n gelmesi i&ccedil;in var g&uuml;c&uuml;m&uuml;zle &ccedil;al\u0131\u015fmal\u0131y\u0131z&#8221; dedi.<\/p>\n<p><img loading=\"lazy\" decoding=\"async\" src=\"https:\/\/www.tgrthaber.com\/mavikadin\/wp-content\/images\/haberler\/24-10\/06\/gznlkd8wuaalci1.jpg\" width=\"795\" height=\"447\" alt=\"\" title=\"\"><\/p>\n<h3>G&Ouml;STER\u0130ME B&Uuml;Y&Uuml;K \u0130LG\u0130<\/h3>\n<p>Festivalin ilk film g&ouml;sterimi, Uluslararas\u0131 Uzun Metraj Film Yar\u0131\u015fmas\u0131&rsquo;nda yar\u0131\u015fan Isabella Torre&rsquo;nin ilk uzun metraj filmi olan &#8216;H&uuml;k&uuml;mdarl\u0131k&#8217; ile ba\u015flad\u0131. Atat&uuml;rk K&uuml;lt&uuml;r Merkezi Aspendos Salonu&#8217;nda yap\u0131lan g&ouml;sterime b&uuml;y&uuml;k ilgi vard\u0131. Ayr\u0131ca, Uluslararas\u0131 Film Yar\u0131\u015fmas\u0131 J&uuml;risi&#8217;nde yer alan Mahmoud Kalari, Selin G&uuml;rel, Mehmet Aks\u0131n, Ludovica Rampoldi ve Ay\u015fe Polat da izleyiciler aras\u0131ndayd\u0131.<\/p><\/p>\n","protected":false},"excerpt":{"rendered":"<p>A\u015fk-\u0131 Memnu&#8217;nun unutulmaz karakteri Arsen Hala&#8217;y\u0131 oynayan usta oyuncu G\u00fclsen Tuncer, Antalya Alt\u0131n Portakal Film Festivali&#8217;ne Filistin bayra\u011f\u0131 desenli \u015fal\u0131yla damga vurdu. Yay\u0131nland\u0131\u011f\u0131 d&ouml;neme damga vuran ve g&uuml;n&uuml;m&uuml;zde tekrar b&ouml;l&uuml;mleriyle h&acirc;l&acirc; izlenme rekorlar\u0131 k\u0131ran A\u015fk-\u0131 Memnu dizisinde naifli\u011fiyle herkesi kendine hayran b\u0131rakan Arsen Hala karakterini hat\u0131rlamayan yoktur.&nbsp; A\u015fk_\u0131 Memnu&#8217;nun unutulmayan karakteri Arsen Hala&#8217;y\u0131 oynayan G&uuml;lsen [&hellip;]<\/p>\n","protected":false},"author":4,"featured_media":87742,"comment_status":"closed","ping_status":"open","sticky":false,"template":"","format":"standard","meta":{"rank_math_lock_modified_date":false,"footnotes":""},"categories":[76],"tags":[46946,57618,38228,909,57617],"class_list":["post-87743","post","type-post","status-publish","format-standard","has-post-thumbnail","hentry","category-magazin","tag-altin-portakal","tag-arsen-hala","tag-ask-i-memnu","tag-filistin","tag-gulsen-tuncer"],"_links":{"self":[{"href":"https:\/\/www.tgrthaber.com\/mavikadin\/wp-json\/wp\/v2\/posts\/87743"}],"collection":[{"href":"https:\/\/www.tgrthaber.com\/mavikadin\/wp-json\/wp\/v2\/posts"}],"about":[{"href":"https:\/\/www.tgrthaber.com\/mavikadin\/wp-json\/wp\/v2\/types\/post"}],"author":[{"embeddable":true,"href":"https:\/\/www.tgrthaber.com\/mavikadin\/wp-json\/wp\/v2\/users\/4"}],"replies":[{"embeddable":true,"href":"https:\/\/www.tgrthaber.com\/mavikadin\/wp-json\/wp\/v2\/comments?post=87743"}],"version-history":[{"count":1,"href":"https:\/\/www.tgrthaber.com\/mavikadin\/wp-json\/wp\/v2\/posts\/87743\/revisions"}],"predecessor-version":[{"id":87744,"href":"https:\/\/www.tgrthaber.com\/mavikadin\/wp-json\/wp\/v2\/posts\/87743\/revisions\/87744"}],"wp:featuredmedia":[{"embeddable":true,"href":"https:\/\/www.tgrthaber.com\/mavikadin\/wp-json\/wp\/v2\/media\/87742"}],"wp:attachment":[{"href":"https:\/\/www.tgrthaber.com\/mavikadin\/wp-json\/wp\/v2\/media?parent=87743"}],"wp:term":[{"taxonomy":"category","embeddable":true,"href":"https:\/\/www.tgrthaber.com\/mavikadin\/wp-json\/wp\/v2\/categories?post=87743"},{"taxonomy":"post_tag","embeddable":true,"href":"https:\/\/www.tgrthaber.com\/mavikadin\/wp-json\/wp\/v2\/tags?post=87743"}],"curies":[{"name":"wp","href":"https:\/\/api.w.org\/{rel}","templated":true}]}}