{"id":87746,"date":"2024-10-06T20:46:15","date_gmt":"2024-10-06T17:46:15","guid":{"rendered":"https:\/\/www.tgrthaber.com\/mavikadin\/?p=87746"},"modified":"2024-11-15T14:01:17","modified_gmt":"2024-11-15T11:01:17","slug":"yilmaz-erdoganin-eski-sevgilisi-cansu-taskindan-sinan-akcil-ile-kalpli-fotograf-yeni-bir-ask-mi-doguyor","status":"publish","type":"post","link":"https:\/\/www.tgrthaber.com\/mavikadin\/yilmaz-erdoganin-eski-sevgilisi-cansu-taskindan-sinan-akcil-ile-kalpli-fotograf-yeni-bir-ask-mi-doguyor\/","title":{"rendered":"Y\u0131lmaz Erdo\u011fan&#8217;\u0131n eski sevgilisi Cansu Ta\u015fk\u0131n&#8217;dan Sinan Ak\u00e7\u0131l ile kalpli foto\u011fraf! Yeni bir a\u015fk m\u0131 do\u011fuyor"},"content":{"rendered":"<p>Y\u0131lmaz Erdo\u011fan\u2019la olan samimi g\u00f6r\u00fcnt\u00fcleri sosyal medyada yay\u0131lan model Cansu Ta\u015fk\u0131n, son payla\u015f\u0131m\u0131yla herkesi \u015fa\u015f\u0131rtt\u0131. Tan\u0131nm\u0131\u015f bir m\u00fczisyenle kalp emojisiyle foto\u011fraf payla\u015fan Ta\u015fk\u0131n, &#8220;Yeni bir ili\u015fki mi ba\u015fl\u0131yor?&#8221; sorusunu ak\u0131llara getirdi.<\/p>\n<p>Y\u0131lmaz Erdo\u011fan ile ili\u015fkileri gizli sakl\u0131 s&uuml;ren ve iddiaya g&ouml;re iki y\u0131l devam eden Cansu Ta\u015fk\u0131n, son payla\u015f\u0131m\u0131yla herkesi \u015fa\u015fk\u0131na &ccedil;evirdi. Ta\u015fk\u0131n bir s&uuml;redir, a&ccedil;\u0131klamalar\u0131yla eski sevgilisine dokundurmaya devam ediyordu ancak &uuml;nl&uuml; isim birka&ccedil; saat &ouml;nce Sinan Ak&ccedil;\u0131l ile kalpli bir foto\u011fraf payla\u015ft\u0131.<\/p>\n<h3>\u0130NTERNETE D&Uuml;\u015eEN V\u0130DEO \u0130LE \u0130L\u0130\u015eK\u0130LER\u0130 DE\u015e\u0130FRE OLDU<\/h3>\n<p>Bel&ccedil;im Bilgin&#8217;le yollar\u0131n\u0131 ay\u0131rd\u0131ktan sonra &ouml;zel hayat\u0131n\u0131 g&ouml;zlerden uzak ya\u015fayan Y\u0131lmaz Erdo\u011fan&#8217;\u0131n, bir s&uuml;redir gizli bir modelle iki y\u0131ld\u0131r ili\u015fki ya\u015fad\u0131\u011f\u0131 iddias\u0131, magazin d&uuml;nyas\u0131nda b&uuml;y&uuml;k yank\u0131 uyand\u0131rm\u0131\u015ft\u0131.&nbsp;Bu esrarengiz ki\u015finin, 2012 y\u0131l\u0131nda Model \u0130dol&uuml; Yar\u0131\u015fmas\u0131&#8217;nda ikinci olan Cansu Ta\u015fk\u0131n oldu\u011fu ger&ccedil;e\u011fi k\u0131sa s&uuml;rede ortaya &ccedil;\u0131km\u0131\u015ft\u0131.<\/p>\n<p><img decoding=\"async\" src=\"https:\/\/www.tgrthaber.com\/mavikadin\/wp-content\/images\/haberler\/24-10\/06\/basliksiz-1-1728237442.jpg\" alt=\"\" title=\"\"><\/p>\n<h3>ESK\u0130 SEVG\u0130L\u0130LER AZ DAHA MAHKEMEL\u0130K OLUYORDU<\/h3>\n<p>Cansu Ta\u015fk\u0131n&rsquo;\u0131n a\u015fk s&ouml;ylentilerini onaylamas\u0131n\u0131n ard\u0131ndan mesele daha da b&uuml;y&uuml;m&uuml;\u015ft&uuml;: 25 ya\u015f fark\u0131 olan &ccedil;iftin &ouml;p&uuml;\u015fme anlar\u0131n\u0131n izinsiz bir \u015fekilde yay\u0131ld\u0131\u011f\u0131 iddias\u0131 &uuml;zerine Erdo\u011fan&rsquo;\u0131n dava a&ccedil;t\u0131\u011f\u0131 konu\u015fuluyordu. Y\u0131lmaz Erdo\u011fan&rsquo;\u0131n hem kendisine hem de ablas\u0131na dava a&ccedil;t\u0131\u011f\u0131 haberlerini h\u0131zla yalanlayan gen&ccedil; modelin &#8220;dayanaks\u0131z&#8221; a&ccedil;\u0131klamas\u0131 da g&ouml;zlerden ka&ccedil;mam\u0131\u015ft\u0131.<\/p>\n<p><img decoding=\"async\" src=\"https:\/\/www.tgrthaber.com\/mavikadin\/wp-content\/images\/haberler\/24-10\/06\/basliksiz-3-1728237450.jpg\" alt=\"\" title=\"\"><\/p>\n<h3>CANSU TA\u015eKIN&#8217;IN S\u0130NAN AK&Ccedil;IL \u0130LE KALPL\u0130 FOTO\u011eRAFI<\/h3>\n<p>Ta\u015fk\u0131n, o g&uuml;nden sonra zaman zaman usta oyuncu hakk\u0131nda ima i&ccedil;eren a&ccedil;\u0131klamalarda bulunuyor. Her ifadesi ve her payla\u015f\u0131m\u0131 ayr\u0131 bir olay olan Cansu Ta\u015fk\u0131n bu sefer tamamen farkl\u0131 bir konuyla g&uuml;ndemi hareketlendirdi. Erdo\u011fan&#8217;la ya\u015fananlardan &ouml;t&uuml;r&uuml; yak\u0131ndan tan\u0131d\u0131\u011f\u0131m\u0131z gen&ccedil; model, bu kez Sinan Ak&ccedil;\u0131l ile payla\u015f\u0131mda bulundu. Ta\u015fk\u0131n&#8217;\u0131n sonsuzluk ve kalp sembol&uuml; koymas\u0131ysa dedikodu ate\u015fini alevlendirmeye yetti.<\/p>\n<p>Ak&ccedil;\u0131l&#8217;\u0131n bir ba\u015fka pozunu da &#8220;Benim g&ouml;z&uuml;mden. Y\u0131k\u0131ls\u0131n&#8221; notuyla payla\u015ft\u0131. Bu g&ouml;r&uuml;nt&uuml;lerin ard\u0131ndan ikili aras\u0131nda yeni bir a\u015fk\u0131n do\u011fdu\u011fu y&ouml;n&uuml;ndeki s&ouml;ylentiler alevlendi.<\/p>\n<p><img decoding=\"async\" src=\"https:\/\/www.tgrthaber.com\/mavikadin\/wp-content\/images\/haberler\/24-10\/06\/basliksiz-6-1728237468.jpg\" alt=\"\" title=\"\"><\/p>\n<p><img decoding=\"async\" src=\"https:\/\/www.tgrthaber.com\/mavikadin\/wp-content\/images\/haberler\/24-10\/06\/basliksiz-7-1728237471.jpg\" alt=\"\" title=\"\"><\/p>\n<\/p>\n<p>#vd-2339,2338#<\/p>\n","protected":false},"excerpt":{"rendered":"<p>Y\u0131lmaz Erdo\u011fan\u2019la olan samimi g\u00f6r\u00fcnt\u00fcleri sosyal medyada yay\u0131lan model Cansu Ta\u015fk\u0131n, son payla\u015f\u0131m\u0131yla herkesi \u015fa\u015f\u0131rtt\u0131. Tan\u0131nm\u0131\u015f bir m\u00fczisyenle kalp emojisiyle foto\u011fraf payla\u015fan Ta\u015fk\u0131n, &#8220;Yeni bir ili\u015fki mi ba\u015fl\u0131yor?&#8221; sorusunu ak\u0131llara getirdi. Y\u0131lmaz Erdo\u011fan ile ili\u015fkileri gizli sakl\u0131 s&uuml;ren ve iddiaya g&ouml;re iki y\u0131l devam eden Cansu Ta\u015fk\u0131n, son payla\u015f\u0131m\u0131yla herkesi \u015fa\u015fk\u0131na &ccedil;evirdi. Ta\u015fk\u0131n bir s&uuml;redir, [&hellip;]<\/p>\n","protected":false},"author":2,"featured_media":87745,"comment_status":"closed","ping_status":"open","sticky":false,"template":"","format":"standard","meta":{"rank_math_lock_modified_date":false,"footnotes":""},"categories":[76],"tags":[40337,50549,3693,3035],"class_list":["post-87746","post","type-post","status-publish","format-standard","has-post-thumbnail","hentry","category-magazin","tag-ask","tag-cansu-taskin","tag-sinan-akcil","tag-yilmaz-erdogan"],"_links":{"self":[{"href":"https:\/\/www.tgrthaber.com\/mavikadin\/wp-json\/wp\/v2\/posts\/87746"}],"collection":[{"href":"https:\/\/www.tgrthaber.com\/mavikadin\/wp-json\/wp\/v2\/posts"}],"about":[{"href":"https:\/\/www.tgrthaber.com\/mavikadin\/wp-json\/wp\/v2\/types\/post"}],"author":[{"embeddable":true,"href":"https:\/\/www.tgrthaber.com\/mavikadin\/wp-json\/wp\/v2\/users\/2"}],"replies":[{"embeddable":true,"href":"https:\/\/www.tgrthaber.com\/mavikadin\/wp-json\/wp\/v2\/comments?post=87746"}],"version-history":[{"count":1,"href":"https:\/\/www.tgrthaber.com\/mavikadin\/wp-json\/wp\/v2\/posts\/87746\/revisions"}],"predecessor-version":[{"id":87747,"href":"https:\/\/www.tgrthaber.com\/mavikadin\/wp-json\/wp\/v2\/posts\/87746\/revisions\/87747"}],"wp:featuredmedia":[{"embeddable":true,"href":"https:\/\/www.tgrthaber.com\/mavikadin\/wp-json\/wp\/v2\/media\/87745"}],"wp:attachment":[{"href":"https:\/\/www.tgrthaber.com\/mavikadin\/wp-json\/wp\/v2\/media?parent=87746"}],"wp:term":[{"taxonomy":"category","embeddable":true,"href":"https:\/\/www.tgrthaber.com\/mavikadin\/wp-json\/wp\/v2\/categories?post=87746"},{"taxonomy":"post_tag","embeddable":true,"href":"https:\/\/www.tgrthaber.com\/mavikadin\/wp-json\/wp\/v2\/tags?post=87746"}],"curies":[{"name":"wp","href":"https:\/\/api.w.org\/{rel}","templated":true}]}}