{"id":87752,"date":"2024-10-06T21:07:55","date_gmt":"2024-10-06T18:07:55","guid":{"rendered":"https:\/\/www.tgrthaber.com\/mavikadin\/?p=87752"},"modified":"2024-11-15T14:01:31","modified_gmt":"2024-11-15T11:01:31","slug":"mazhar-alansonu-taziye-icin-arayip-aglayanlara-cikisan-biricik-sudenden-yeni-aciklama-mazhari-olumsuz-etkiyor","status":"publish","type":"post","link":"https:\/\/www.tgrthaber.com\/mavikadin\/mazhar-alansonu-taziye-icin-arayip-aglayanlara-cikisan-biricik-sudenden-yeni-aciklama-mazhari-olumsuz-etkiyor\/","title":{"rendered":"Mazhar Alanson&#8217;u taziye i\u00e7in aray\u0131p a\u011flayanlara \u00e7\u0131k\u0131\u015fan Biricik Suden&#8217;den yeni a\u00e7\u0131klama: &#8216;Mazhar&#8217;\u0131 olumsuz etkiyor&#8217;"},"content":{"rendered":"<p>K\u0131z\u0131 Eda&#8217;y\u0131 yitiren Mazhar Alanson&#8217;un e\u015fi Biricik Suden&#8217;in taziye i\u00e7in aray\u0131p a\u011flayanlara sert uyar\u0131s\u0131 g\u00fcndem olmu\u015ftu. Cenazede e\u015fini sar\u0131larak teselli eden Suden, o payla\u015f\u0131m hakk\u0131nda ilk kez a\u00e7\u0131klamada bulundu.<\/p>\n<p>T&uuml;rk m&uuml;zi\u011finin &ouml;nemli fig&uuml;rlerinden biri olan Mazhar Alanson, 4 Ekim tarihinde k\u0131z\u0131 Eda Alanson&#8217;u yitirmi\u015f olman\u0131n &uuml;z&uuml;nt&uuml;s&uuml;yle sars\u0131ld\u0131 ve 6 Ekim 2024 g&uuml;n&uuml;, k\u0131z\u0131n\u0131 son yolculu\u011funa u\u011furlad\u0131. Alanson&#8217;un e\u015fi Biricik Suden, sosyal medya hesab\u0131ndan yapt\u0131\u011f\u0131 a&ccedil;\u0131klama ile ilgili konu\u015ftu.<\/p>\n<h3>SEVD\u0130KLER\u0130 MAZHAR ALANSON&#8217;U YALNIZ BIRAKMADI<\/h3>\n<p>Ankara&#8217;da tedavi g&ouml;rd&uuml;\u011f&uuml; hastanede 50 ya\u015f\u0131nda vefat eden Eda Alanson&#8217;un cenazesi g&ouml;m&uuml;lme i\u015flemleri i&ccedil;in \u0130stanbul&#8217;a ula\u015ft\u0131r\u0131ld\u0131. 6 Ekim 2024 g&uuml;n&uuml; Fatih Camii&#8217;nde icra edilen cenaze namaz\u0131nda Eda Alanson, son&nbsp; yolculu\u011fa u\u011furland\u0131. Mazhar Alanson&#8217;un o\u011flu Hilmi Alanson, MF&Ouml; grubundan Fuat G&uuml;ner, &Ouml;zkan U\u011fur&#8217;un e\u015fi Aysun Aslan ve o\u011flu Ali\u015fan U\u011fur, karikat&uuml;rist ve oyuncu Hasan Ka&ccedil;an gibi pek &ccedil;ok isim kat\u0131ld\u0131.<\/p>\n<p><img decoding=\"async\" src=\"https:\/\/www.tgrthaber.com\/mavikadin\/wp-content\/images\/haberler\/24-10\/06\/basliksiz-4-1728238464.jpg\" alt=\"\" title=\"\"><\/p>\n<h3>MAZHAR ALANSON AYAKTA DURMAKTA ZORLANDI<\/h3>\n<p>K\u0131z\u0131n\u0131n vefat haberiyle sars\u0131lan Mazhar Alanson, evlad\u0131n\u0131n tabutu &ouml;n&uuml;nde olduk&ccedil;a zor anlar ge&ccedil;irdi; ayakta durmakta bile zorluk &ccedil;ekti.&nbsp;Usta sanat&ccedil;\u0131n\u0131n e\u015fi Biricik Suden, taziye i&ccedil;in arayanlardan Mazhar Alanson&#8217;dan &ccedil;ok a\u011flayanlara sert bir uyar\u0131da bulunmu\u015ftu.<\/p>\n<p><img decoding=\"async\" src=\"https:\/\/www.tgrthaber.com\/mavikadin\/wp-content\/images\/haberler\/24-10\/06\/sssss.jpg\" alt=\"\" title=\"\"><\/p>\n<h3>B\u0130R\u0130CK SUDEN&#8217;DEN &#8216;BA\u011eIRARAK A\u011eLAMA&#8217; A&Ccedil;IKLAMASI<\/h3>\n<p>Cenazede g&ouml;r&uuml;nt&uuml;lenen ve e\u015fine s\u0131k s\u0131k sar\u0131larak avutan Biricik Suden, g&uuml;ndem olan payla\u015f\u0131m\u0131yla ilgili a&ccedil;\u0131klamalarda bulundu.&nbsp;Suden, &#8220;Mazhar metanetli durmaya &ccedil;al\u0131\u015f\u0131rken ondan &ccedil;ok ba\u011f\u0131rarak a\u011flamak elbette Mazhar&#8217;\u0131 olumsuz y&ouml;nde etkiliyor. Rica ettim,&#8221; \u015feklinde k\u0131sa bir a&ccedil;\u0131klama yapt\u0131.<\/p><\/p>\n","protected":false},"excerpt":{"rendered":"<p>K\u0131z\u0131 Eda&#8217;y\u0131 yitiren Mazhar Alanson&#8217;un e\u015fi Biricik Suden&#8217;in taziye i\u00e7in aray\u0131p a\u011flayanlara sert uyar\u0131s\u0131 g\u00fcndem olmu\u015ftu. Cenazede e\u015fini sar\u0131larak teselli eden Suden, o payla\u015f\u0131m hakk\u0131nda ilk kez a\u00e7\u0131klamada bulundu. T&uuml;rk m&uuml;zi\u011finin &ouml;nemli fig&uuml;rlerinden biri olan Mazhar Alanson, 4 Ekim tarihinde k\u0131z\u0131 Eda Alanson&#8217;u yitirmi\u015f olman\u0131n &uuml;z&uuml;nt&uuml;s&uuml;yle sars\u0131ld\u0131 ve 6 Ekim 2024 g&uuml;n&uuml;, k\u0131z\u0131n\u0131 son yolculu\u011funa [&hellip;]<\/p>\n","protected":false},"author":2,"featured_media":87751,"comment_status":"closed","ping_status":"open","sticky":false,"template":"","format":"standard","meta":{"rank_math_lock_modified_date":false,"footnotes":""},"categories":[76],"tags":[15309,57515,20521,15331,39251],"class_list":["post-87752","post","type-post","status-publish","format-standard","has-post-thumbnail","hentry","category-magazin","tag-biricik-suden","tag-eda-alanson","tag-mazhar-alanson","tag-muzik","tag-taziye"],"_links":{"self":[{"href":"https:\/\/www.tgrthaber.com\/mavikadin\/wp-json\/wp\/v2\/posts\/87752"}],"collection":[{"href":"https:\/\/www.tgrthaber.com\/mavikadin\/wp-json\/wp\/v2\/posts"}],"about":[{"href":"https:\/\/www.tgrthaber.com\/mavikadin\/wp-json\/wp\/v2\/types\/post"}],"author":[{"embeddable":true,"href":"https:\/\/www.tgrthaber.com\/mavikadin\/wp-json\/wp\/v2\/users\/2"}],"replies":[{"embeddable":true,"href":"https:\/\/www.tgrthaber.com\/mavikadin\/wp-json\/wp\/v2\/comments?post=87752"}],"version-history":[{"count":1,"href":"https:\/\/www.tgrthaber.com\/mavikadin\/wp-json\/wp\/v2\/posts\/87752\/revisions"}],"predecessor-version":[{"id":87753,"href":"https:\/\/www.tgrthaber.com\/mavikadin\/wp-json\/wp\/v2\/posts\/87752\/revisions\/87753"}],"wp:featuredmedia":[{"embeddable":true,"href":"https:\/\/www.tgrthaber.com\/mavikadin\/wp-json\/wp\/v2\/media\/87751"}],"wp:attachment":[{"href":"https:\/\/www.tgrthaber.com\/mavikadin\/wp-json\/wp\/v2\/media?parent=87752"}],"wp:term":[{"taxonomy":"category","embeddable":true,"href":"https:\/\/www.tgrthaber.com\/mavikadin\/wp-json\/wp\/v2\/categories?post=87752"},{"taxonomy":"post_tag","embeddable":true,"href":"https:\/\/www.tgrthaber.com\/mavikadin\/wp-json\/wp\/v2\/tags?post=87752"}],"curies":[{"name":"wp","href":"https:\/\/api.w.org\/{rel}","templated":true}]}}