{"id":87755,"date":"2024-10-06T21:23:06","date_gmt":"2024-10-06T18:23:06","guid":{"rendered":"https:\/\/www.tgrthaber.com\/mavikadin\/?p=87755"},"modified":"2024-11-15T14:01:37","modified_gmt":"2024-11-15T11:01:37","slug":"meryem-uzerli-medyapim-imzali-ru-dizisini-cannesda-tanitmaya-hazirlaniyor","status":"publish","type":"post","link":"https:\/\/www.tgrthaber.com\/mavikadin\/meryem-uzerli-medyapim-imzali-ru-dizisini-cannesda-tanitmaya-hazirlaniyor\/","title":{"rendered":"Meryem Uzerli  MedYap\u0131m imzal\u0131 Ru dizisini Cannes\u2019da tan\u0131tmaya haz\u0131rlan\u0131yor"},"content":{"rendered":"<p>Gain\u2019de yay\u0131nlanan Ru dizisiyle setlere geri d\u00f6nen Meryem Uzerli, d\u00fcnyan\u0131n en b\u00fcy\u00fck televizyon ve format fuar\u0131 Mipcom\u2019a kat\u0131lacak. Ayn\u0131 etkinli\u011fe Can Yaman da ayn\u0131 kat\u0131lacak.<\/p>\n<p>Meryem Uzerli, dijital platformda yay\u0131nlanan RU dizisi ile ekranlara gelmi\u015fti. Uluslararas\u0131 alanda &ccedil;\u0131k\u0131\u015f yakalamak isteyen dizi ekibi yeni bir &ccedil;al\u0131\u015fma ba\u015flatt\u0131 ve 21-25 Ekim tarihleri aras\u0131nda Cannes&rsquo;da ger&ccedil;ekle\u015ftirilecek Mipcom Fuar\u0131&rsquo;nda son dizisi Ru&rsquo;nun tan\u0131t\u0131m faaliyetlerine Meryem Uzerli&#8217;yi g&ouml;ndermeye karar verdi.<\/p>\n<h3>MERYEM UZERL\u0130 RU D\u0130Z\u0130S\u0130YLE EKRANA GELD\u0130<\/h3>\n<p>MedYap\u0131m imzas\u0131n\u0131 ta\u015f\u0131yan Ru, 24 May\u0131s&rsquo;ta Gain&rsquo;de izleyiciyle bulu\u015fmu\u015f ve b&uuml;y&uuml;k be\u011feni toplam\u0131\u015ft\u0131. \u0130kinci sezonu da &ccedil;ekilecek olan dizi i&ccedil;in da\u011f\u0131t\u0131m \u015firketi Madd Entertainment, 21 Ekim&rsquo;de Cannes&rsquo;da Mipcom&rsquo;un a&ccedil;\u0131l\u0131\u015f g&uuml;n&uuml;nde &ouml;zel bir davet tertip edecek.<\/p>\n<p><img decoding=\"async\" src=\"https:\/\/www.tgrthaber.com\/mavikadin\/wp-content\/images\/haberler\/24-10\/06\/basliksiz-5-1728241403.jpg\" alt=\"\" title=\"\"><\/p>\n<h3>CAN YAMAN VE MERYEM UZERL\u0130 CANNES&#8217;TA BOY G&Ouml;STERECEK<\/h3>\n<p>Davet &ouml;ncesinde Meryem Uzerli ve dizinin yap\u0131mc\u0131s\u0131 Fatih Aksoy&rsquo;un kat\u0131laca\u011f\u0131 bir s&ouml;yle\u015fi, Cannes Carlton Grand Salon&rsquo;da ger&ccedil;ekle\u015ftirilecek. Ayn\u0131 g&uuml;n, Ru&rsquo;nun bas\u0131n toplant\u0131s\u0131n\u0131n &ouml;ncesinde saat 18.00&rsquo;de Can Yaman da &ldquo;El Turco&rdquo;nun bas\u0131n toplant\u0131s\u0131na i\u015ftirak edecek. B&ouml;ylelikle &uuml;lkemizin uluslararas\u0131 alanda tan\u0131nan iki y\u0131ld\u0131z\u0131 art arda Cannes&rsquo;a &ccedil;\u0131km\u0131\u015f olacak.<\/p>\n<p>Di\u011fer yandan Berlin&rsquo;de ikamet eden Meryem Uzerli&rsquo;nin \u015eakir Pa\u015fa Hanedan\u0131: Mucizeler ve Skandallar dizisinde 4 b&ouml;l&uuml;m misafir oyuncu olaca\u011f\u0131 &ouml;\u011frenildi.<\/p>\n<p><img decoding=\"async\" src=\"https:\/\/www.tgrthaber.com\/mavikadin\/wp-content\/images\/haberler\/24-10\/06\/scsdcs.jpg\" alt=\"\" title=\"\"><\/p>\n<p><img decoding=\"async\" src=\"https:\/\/www.tgrthaber.com\/mavikadin\/wp-content\/images\/haberler\/24-10\/06\/scsd.jpg\" alt=\"\" title=\"\"><\/p><\/p>\n","protected":false},"excerpt":{"rendered":"<p>Gain\u2019de yay\u0131nlanan Ru dizisiyle setlere geri d\u00f6nen Meryem Uzerli, d\u00fcnyan\u0131n en b\u00fcy\u00fck televizyon ve format fuar\u0131 Mipcom\u2019a kat\u0131lacak. Ayn\u0131 etkinli\u011fe Can Yaman da ayn\u0131 kat\u0131lacak. Meryem Uzerli, dijital platformda yay\u0131nlanan RU dizisi ile ekranlara gelmi\u015fti. Uluslararas\u0131 alanda &ccedil;\u0131k\u0131\u015f yakalamak isteyen dizi ekibi yeni bir &ccedil;al\u0131\u015fma ba\u015flatt\u0131 ve 21-25 Ekim tarihleri aras\u0131nda Cannes&rsquo;da ger&ccedil;ekle\u015ftirilecek Mipcom Fuar\u0131&rsquo;nda [&hellip;]<\/p>\n","protected":false},"author":2,"featured_media":87754,"comment_status":"closed","ping_status":"open","sticky":false,"template":"","format":"standard","meta":{"rank_math_lock_modified_date":false,"footnotes":""},"categories":[76],"tags":[21497,24650,2323,46239,51916],"class_list":["post-87755","post","type-post","status-publish","format-standard","has-post-thumbnail","hentry","category-magazin","tag-cannes","tag-medyapim","tag-meryem-uzerli","tag-mipcom","tag-ru-dizisi"],"_links":{"self":[{"href":"https:\/\/www.tgrthaber.com\/mavikadin\/wp-json\/wp\/v2\/posts\/87755"}],"collection":[{"href":"https:\/\/www.tgrthaber.com\/mavikadin\/wp-json\/wp\/v2\/posts"}],"about":[{"href":"https:\/\/www.tgrthaber.com\/mavikadin\/wp-json\/wp\/v2\/types\/post"}],"author":[{"embeddable":true,"href":"https:\/\/www.tgrthaber.com\/mavikadin\/wp-json\/wp\/v2\/users\/2"}],"replies":[{"embeddable":true,"href":"https:\/\/www.tgrthaber.com\/mavikadin\/wp-json\/wp\/v2\/comments?post=87755"}],"version-history":[{"count":1,"href":"https:\/\/www.tgrthaber.com\/mavikadin\/wp-json\/wp\/v2\/posts\/87755\/revisions"}],"predecessor-version":[{"id":87756,"href":"https:\/\/www.tgrthaber.com\/mavikadin\/wp-json\/wp\/v2\/posts\/87755\/revisions\/87756"}],"wp:featuredmedia":[{"embeddable":true,"href":"https:\/\/www.tgrthaber.com\/mavikadin\/wp-json\/wp\/v2\/media\/87754"}],"wp:attachment":[{"href":"https:\/\/www.tgrthaber.com\/mavikadin\/wp-json\/wp\/v2\/media?parent=87755"}],"wp:term":[{"taxonomy":"category","embeddable":true,"href":"https:\/\/www.tgrthaber.com\/mavikadin\/wp-json\/wp\/v2\/categories?post=87755"},{"taxonomy":"post_tag","embeddable":true,"href":"https:\/\/www.tgrthaber.com\/mavikadin\/wp-json\/wp\/v2\/tags?post=87755"}],"curies":[{"name":"wp","href":"https:\/\/api.w.org\/{rel}","templated":true}]}}