{"id":87761,"date":"2024-10-06T22:12:37","date_gmt":"2024-10-06T19:12:37","guid":{"rendered":"https:\/\/www.tgrthaber.com\/mavikadin\/?p=87761"},"modified":"2024-11-15T14:01:48","modified_gmt":"2024-11-15T11:01:48","slug":"kurulus-osman-dizisinde-dizi-aski-gercek-oldu-iki-unlu-cift-gercek-hayatta-da-iliski-yasiyor","status":"publish","type":"post","link":"https:\/\/www.tgrthaber.com\/mavikadin\/kurulus-osman-dizisinde-dizi-aski-gercek-oldu-iki-unlu-cift-gercek-hayatta-da-iliski-yasiyor\/","title":{"rendered":"Kurulu\u015f Osman dizisinde dizi a\u015fk\u0131 ger\u00e7ek oldu: \u0130ki \u00fcnl\u00fc \u00e7ift ger\u00e7ek hayatta da ili\u015fki ya\u015f\u0131yor"},"content":{"rendered":"<p>ATV\u2019nin \u00e7ar\u015famba ak\u015famlar\u0131na damgas\u0131n\u0131 vuran dizisi \u201cKurulu\u015f Osman\u201dda Emre Bey ve Ecem Sena Bay\u0131r\u2019\u0131n yan\u0131 s\u0131ra ba\u015fka bir a\u015f\u0131k \u00e7iftin de bulundu\u011fu \u00f6\u011frenildi. \u00dcnl\u00fc \u00e7ift ilk kez kameralar kar\u015f\u0131s\u0131na \u00e7\u0131kt\u0131.<\/p>\n<p>Ekranlar\u0131n en sevilen dizilerinden &ldquo;Kurulu\u015f Osman&rdquo; dizisinde duygusal ili\u015fkiler artt\u0131. Dizide rol icab\u0131 sevgiliyi oynayan oyuncular aras\u0131nda ger&ccedil;ek hayatta da romantik bir arkada\u015fl\u0131k ba\u015flad\u0131\u011f\u0131 ortaya &ccedil;\u0131kt\u0131. Bu iki &ccedil;iftten biri olan Faruk Aran ile Belgin \u015eim\u015fek, &ouml;nceki g&uuml;n ilk kez birlikte objektiflere yans\u0131d\u0131.<\/p>\n<h3>KURULU\u015e OSMAN&#8217;IN ALAEDD\u0130N BEY&#8217;\u0130 VE GONCA HATUN&#8217;U \u0130LK KEZ YAN YANA<\/h3>\n<p>Kurulu\u015f Osman dizisinde iki senaryo a\u015fk\u0131 birden ger&ccedil;ek oldu. Bozda\u011f Film imzal\u0131 d&ouml;nem dizisinin Alaeddin Bey&rsquo;i Faruk Aran ile partneri Gonca Hatun&rsquo;u oynayan Belgin \u015eim\u015fek&rsquo;in sette ba\u015flayan i\u015f ili\u015fkileri &ouml;zel hayatlar\u0131na ta\u015f\u0131nd\u0131. Beraberliklerini g&ouml;z &ouml;n&uuml;nde ya\u015famamaya &ouml;zen g&ouml;steren iki ba\u015far\u0131l\u0131 oyuncunun, ge&ccedil;en yazdan beri birlikte olduklar\u0131 &ouml;\u011frenildi.<\/p>\n<p><img decoding=\"async\" src=\"https:\/\/www.tgrthaber.com\/mavikadin\/wp-content\/images\/haberler\/24-10\/06\/cdvfbghnjm.jpg\" alt=\"\" title=\"\"><\/p>\n<p><img decoding=\"async\" src=\"https:\/\/www.tgrthaber.com\/mavikadin\/wp-content\/images\/haberler\/24-10\/06\/baslikdsadasiz-4.jpg\" alt=\"\" title=\"\"><\/p>\n<h3>D\u0130Z\u0130 A\u015eKI GER&Ccedil;EK OLDU<\/h3>\n<p>&Ouml;te yandan dizinin Orhan Bey&rsquo;i Emre Bey ile ger&ccedil;ek ad\u0131 Holofira olan Nil&uuml;fer Hatun&rsquo;u oynayan partneri Ecem Sena Bay\u0131r&rsquo;\u0131n da set arkada\u015fl\u0131klar\u0131n\u0131n ili\u015fkiye d&ouml;n&uuml;\u015ft&uuml;\u011f&uuml; anla\u015f\u0131lm\u0131\u015ft\u0131. Gen&ccedil; &ccedil;ift, ge&ccedil;en yaz tatilini de beraber ge&ccedil;irmi\u015fti ancak ikili birlikteliklerini g&ouml;zlerden uzak ya\u015famaya devam ediyor.<\/p>\n<p><img decoding=\"async\" src=\"https:\/\/www.tgrthaber.com\/mavikadin\/wp-content\/images\/haberler\/24-10\/06\/sdfs.jpg\" alt=\"\" title=\"\"><\/p><\/p>\n","protected":false},"excerpt":{"rendered":"<p>ATV\u2019nin \u00e7ar\u015famba ak\u015famlar\u0131na damgas\u0131n\u0131 vuran dizisi \u201cKurulu\u015f Osman\u201dda Emre Bey ve Ecem Sena Bay\u0131r\u2019\u0131n yan\u0131 s\u0131ra ba\u015fka bir a\u015f\u0131k \u00e7iftin de bulundu\u011fu \u00f6\u011frenildi. \u00dcnl\u00fc \u00e7ift ilk kez kameralar kar\u015f\u0131s\u0131na \u00e7\u0131kt\u0131. Ekranlar\u0131n en sevilen dizilerinden &ldquo;Kurulu\u015f Osman&rdquo; dizisinde duygusal ili\u015fkiler artt\u0131. Dizide rol icab\u0131 sevgiliyi oynayan oyuncular aras\u0131nda ger&ccedil;ek hayatta da romantik bir arkada\u015fl\u0131k ba\u015flad\u0131\u011f\u0131 ortaya [&hellip;]<\/p>\n","protected":false},"author":2,"featured_media":87760,"comment_status":"closed","ping_status":"open","sticky":false,"template":"","format":"standard","meta":{"rank_math_lock_modified_date":false,"footnotes":""},"categories":[76],"tags":[7610,51313,7618,3072,6037],"class_list":["post-87761","post","type-post","status-publish","format-standard","has-post-thumbnail","hentry","category-magazin","tag-belgin-simsek","tag-dizi-aski","tag-faruk-aran","tag-kurulus-osman","tag-unluler"],"_links":{"self":[{"href":"https:\/\/www.tgrthaber.com\/mavikadin\/wp-json\/wp\/v2\/posts\/87761"}],"collection":[{"href":"https:\/\/www.tgrthaber.com\/mavikadin\/wp-json\/wp\/v2\/posts"}],"about":[{"href":"https:\/\/www.tgrthaber.com\/mavikadin\/wp-json\/wp\/v2\/types\/post"}],"author":[{"embeddable":true,"href":"https:\/\/www.tgrthaber.com\/mavikadin\/wp-json\/wp\/v2\/users\/2"}],"replies":[{"embeddable":true,"href":"https:\/\/www.tgrthaber.com\/mavikadin\/wp-json\/wp\/v2\/comments?post=87761"}],"version-history":[{"count":1,"href":"https:\/\/www.tgrthaber.com\/mavikadin\/wp-json\/wp\/v2\/posts\/87761\/revisions"}],"predecessor-version":[{"id":87762,"href":"https:\/\/www.tgrthaber.com\/mavikadin\/wp-json\/wp\/v2\/posts\/87761\/revisions\/87762"}],"wp:featuredmedia":[{"embeddable":true,"href":"https:\/\/www.tgrthaber.com\/mavikadin\/wp-json\/wp\/v2\/media\/87760"}],"wp:attachment":[{"href":"https:\/\/www.tgrthaber.com\/mavikadin\/wp-json\/wp\/v2\/media?parent=87761"}],"wp:term":[{"taxonomy":"category","embeddable":true,"href":"https:\/\/www.tgrthaber.com\/mavikadin\/wp-json\/wp\/v2\/categories?post=87761"},{"taxonomy":"post_tag","embeddable":true,"href":"https:\/\/www.tgrthaber.com\/mavikadin\/wp-json\/wp\/v2\/tags?post=87761"}],"curies":[{"name":"wp","href":"https:\/\/api.w.org\/{rel}","templated":true}]}}