{"id":88984,"date":"2024-10-14T21:04:52","date_gmt":"2024-10-14T18:04:52","guid":{"rendered":"https:\/\/www.tgrthaber.com\/mavikadin\/?p=88984"},"modified":"2024-11-15T14:36:55","modified_gmt":"2024-11-15T11:36:55","slug":"sahnede-korkunc-olay-izzet-yildizhan-ikinci-derece-yanik-oldu","status":"publish","type":"post","link":"https:\/\/www.tgrthaber.com\/mavikadin\/sahnede-korkunc-olay-izzet-yildizhan-ikinci-derece-yanik-oldu\/","title":{"rendered":"Sahnede korkun\u00e7 olay! \u0130zzet Y\u0131ld\u0131zhan ikinci derece yan\u0131k oldu"},"content":{"rendered":"<p>\u00dcnl\u00fc sanat\u00e7\u0131 \u0130zzet Y\u0131ld\u0131zhan, \u0130zmir\u2019deki bir otelde sahne al\u0131rken beklenmedik bir kaza meydana geldi. Sahne ald\u0131\u011f\u0131 s\u0131rada yang\u0131n \u00e7\u0131kt\u0131, \u00fcnl\u00fc \u015fark\u0131c\u0131 ikinci derece yan\u0131k oldu.<\/p>\n<p>&Uuml;nl&uuml; t&uuml;rk&uuml;c&uuml; \u0130zzet Y\u0131ld\u0131zhan sahnede \u015foke eden bir olay ya\u015fad\u0131. Y\u0131ld\u0131zhan, sahneye &ccedil;\u0131kt\u0131ktan bir s&uuml;re sonra yang\u0131n &ccedil;\u0131kt\u0131. Alevler ceketine s\u0131&ccedil;rayan &uuml;nl&uuml; \u015fark\u0131c\u0131, \u015fark\u0131s\u0131n\u0131 bitirmedi ve okumaya devam etti.<\/p>\n<h3>\u0130ZZET YILDIZHAN&#8217;IN SAHNEDE SIRTI YANDI<\/h3>\n<p>\u0130zzet Y\u0131ld\u0131zhan, &#8220;Yapma&#8221; adl\u0131 uzun havay\u0131 s&ouml;ylerken lazer cihaz\u0131n\u0131n ar\u0131zalanmas\u0131yla s\u0131rt\u0131nda ikinci derece yan\u0131k olu\u015ftu. Buna ra\u011fmen sahnesini durdurmayan Y\u0131ld\u0131zhan, performans\u0131n\u0131 kesintisiz olarak s&uuml;rd&uuml;rd&uuml;. Ar\u0131zalanan lazer cihaz\u0131, Y\u0131ld\u0131zhan&rsquo;\u0131n ceketini delip s\u0131rt\u0131n\u0131 yakmas\u0131na ra\u011fmen, tecr&uuml;beli sanat&ccedil;\u0131 sakinli\u011fini koruyarak \u015fark\u0131s\u0131n\u0131 s&ouml;ylemeye devam etti.<\/p>\n<p><img decoding=\"async\" src=\"https:\/\/www.tgrthaber.com\/mavikadin\/wp-content\/images\/haberler\/24-10\/14\/izzet_yildizhan_asiret_dugununde_dolarlarla_karsilandi-5.jpg\" alt=\"\" title=\"\"><\/p>\n<h3>KUL\u0130STE YANIK TEDAV\u0130S\u0130 YAPTILAR<\/h3>\n<p>Magazin \u015eenli\u011fi&rsquo;nin haberine g&ouml;re, Y\u0131ld\u0131zhan, \u015fark\u0131s\u0131n\u0131 tamamlad\u0131ktan sonra k\u0131sa bir ara vererek kulise ge&ccedil;ti ve yan\u0131\u011f\u0131na buz tedavisi yapt\u0131r\u0131p yeni bir ceket giydi. Sahneden uzak durmak yerine izleyicilere esprili bir \u015fekilde seslenen Y\u0131ld\u0131zhan, &ldquo;Bu lazeri bir daha d&uuml;\u011f&uuml;nlerde kullanmas\u0131nlar, yand\u0131m resmen. \u015eimdi ceketin paras\u0131n\u0131 kim &ouml;deyecek?&rdquo; diyerek izleyenleri kahkahalara bo\u011fdu.<\/p>\n<p><img decoding=\"async\" src=\"https:\/\/www.tgrthaber.com\/mavikadin\/wp-content\/images\/haberler\/24-10\/14\/izzet_yildizhan-6.jpg\" alt=\"\" title=\"\"><\/p><\/p>\n","protected":false},"excerpt":{"rendered":"<p>\u00dcnl\u00fc sanat\u00e7\u0131 \u0130zzet Y\u0131ld\u0131zhan, \u0130zmir\u2019deki bir otelde sahne al\u0131rken beklenmedik bir kaza meydana geldi. Sahne ald\u0131\u011f\u0131 s\u0131rada yang\u0131n \u00e7\u0131kt\u0131, \u00fcnl\u00fc \u015fark\u0131c\u0131 ikinci derece yan\u0131k oldu. &Uuml;nl&uuml; t&uuml;rk&uuml;c&uuml; \u0130zzet Y\u0131ld\u0131zhan sahnede \u015foke eden bir olay ya\u015fad\u0131. Y\u0131ld\u0131zhan, sahneye &ccedil;\u0131kt\u0131ktan bir s&uuml;re sonra yang\u0131n &ccedil;\u0131kt\u0131. Alevler ceketine s\u0131&ccedil;rayan &uuml;nl&uuml; \u015fark\u0131c\u0131, \u015fark\u0131s\u0131n\u0131 bitirmedi ve okumaya devam etti. \u0130ZZET [&hellip;]<\/p>\n","protected":false},"author":2,"featured_media":88983,"comment_status":"closed","ping_status":"open","sticky":false,"template":"","format":"standard","meta":{"rank_math_lock_modified_date":false,"footnotes":""},"categories":[76],"tags":[3157,1645,58200,46765],"class_list":["post-88984","post","type-post","status-publish","format-standard","has-post-thumbnail","hentry","category-magazin","tag-izzet-yildizhan","tag-konser","tag-sahne-kazasi","tag-yanik"],"_links":{"self":[{"href":"https:\/\/www.tgrthaber.com\/mavikadin\/wp-json\/wp\/v2\/posts\/88984"}],"collection":[{"href":"https:\/\/www.tgrthaber.com\/mavikadin\/wp-json\/wp\/v2\/posts"}],"about":[{"href":"https:\/\/www.tgrthaber.com\/mavikadin\/wp-json\/wp\/v2\/types\/post"}],"author":[{"embeddable":true,"href":"https:\/\/www.tgrthaber.com\/mavikadin\/wp-json\/wp\/v2\/users\/2"}],"replies":[{"embeddable":true,"href":"https:\/\/www.tgrthaber.com\/mavikadin\/wp-json\/wp\/v2\/comments?post=88984"}],"version-history":[{"count":1,"href":"https:\/\/www.tgrthaber.com\/mavikadin\/wp-json\/wp\/v2\/posts\/88984\/revisions"}],"predecessor-version":[{"id":88985,"href":"https:\/\/www.tgrthaber.com\/mavikadin\/wp-json\/wp\/v2\/posts\/88984\/revisions\/88985"}],"wp:featuredmedia":[{"embeddable":true,"href":"https:\/\/www.tgrthaber.com\/mavikadin\/wp-json\/wp\/v2\/media\/88983"}],"wp:attachment":[{"href":"https:\/\/www.tgrthaber.com\/mavikadin\/wp-json\/wp\/v2\/media?parent=88984"}],"wp:term":[{"taxonomy":"category","embeddable":true,"href":"https:\/\/www.tgrthaber.com\/mavikadin\/wp-json\/wp\/v2\/categories?post=88984"},{"taxonomy":"post_tag","embeddable":true,"href":"https:\/\/www.tgrthaber.com\/mavikadin\/wp-json\/wp\/v2\/tags?post=88984"}],"curies":[{"name":"wp","href":"https:\/\/api.w.org\/{rel}","templated":true}]}}