{"id":89197,"date":"2024-10-16T00:51:32","date_gmt":"2024-10-15T21:51:32","guid":{"rendered":"https:\/\/www.tgrthaber.com\/mavikadin\/?p=89197"},"modified":"2024-11-15T14:42:58","modified_gmt":"2024-11-15T11:42:58","slug":"canan-karataydan-sasirtan-uyari-kolajen-takviyelerine-dikkat-kalp-sagliginizi-tehlikeye-atabilirsiniz","status":"publish","type":"post","link":"https:\/\/www.tgrthaber.com\/mavikadin\/canan-karataydan-sasirtan-uyari-kolajen-takviyelerine-dikkat-kalp-sagliginizi-tehlikeye-atabilirsiniz\/","title":{"rendered":"Canan Karatay\u2019dan \u015fa\u015f\u0131rtan uyar\u0131: Kolajen takviyelerine dikkat! Kalp sa\u011fl\u0131\u011f\u0131n\u0131z\u0131 tehlikeye atabilirsiniz"},"content":{"rendered":"<p>Prof. Dr. Canan Karatay, yapt\u0131\u011f\u0131 son a\u00e7\u0131klamalarla yeniden g\u00fcndemin merkezine oturdu. Bu kez, \u00f6zellikle s\u0131k\u00e7a kullan\u0131lan kolajen takviyeleri hakk\u0131nda \u00e7arp\u0131c\u0131 uyar\u0131larda bulundu. Son zamanlarda s\u0131kl\u0131kla t\u00fcketilen kolajen takviyeleri hakk\u0131nda \u015fok eden a\u00e7\u0131klamada bulunan Karatay, \u2018sak\u0131n almay\u0131n, kalbi durduruyor\u2019 a\u00e7\u0131klamas\u0131 ile dikkat \u00e7ekti. Peki kolajen takviyelerinin zararlar\u0131 neler? \u0130\u015fte cevab\u0131&#8230;<\/p>\n<p class=\"p1\">Prof. Dr. Canan Karatay, son yapt\u0131\u011f\u0131 a&ccedil;\u0131klamalarla bir kez daha sa\u011fl\u0131k d&uuml;nyas\u0131nda b&uuml;y&uuml;k yank\u0131 uyand\u0131rd\u0131. &Ouml;zellikle son d&ouml;nemde pop&uuml;ler hale gelen kolajen takviyeleri hakk\u0131nda yapt\u0131\u011f\u0131 &ccedil;arp\u0131c\u0131 uyar\u0131lar, hem kullan\u0131c\u0131lar\u0131 hem de uzmanlar\u0131 harekete ge&ccedil;irdi. D\u0131\u015far\u0131da toz ve hap olarak sat\u0131lan kolajen takviyeleri i&ccedil;in uyar\u0131da bulunan Karatay, &lsquo;sak\u0131n sat\u0131n almay\u0131n, kalbi durduruyor&rsquo; uyar\u0131s\u0131 ile g&uuml;ndeme geldi. Peki kolajen takviyelerinin zararlar\u0131 neler? \u0130\u015fte detayl\u0131 cevab\u0131&hellip;<span class=\"Apple-converted-space\">&nbsp;<\/span><\/p>\n<h3 class=\"p1\">KOLAJEN TAKV\u0130YELER\u0130N\u0130N ZARARLARI NELER?<span class=\"Apple-converted-space\">&nbsp;<\/span><\/h3>\n<p class=\"p1\">Canan Karatay,<span class=\"Apple-converted-space\">&nbsp; <\/span>kolajen takviyelerinin kalp sa\u011fl\u0131\u011f\u0131na ciddi zararlar verebilece\u011fini hatta kalbi durdurabilecek kadar g&uuml;&ccedil;l&uuml; oldu\u011funun alt\u0131n\u0131 &ccedil;izerek uyar\u0131larda bulundu. Karatay, &#8220;Kolajenin ilac\u0131 olmaz,&#8221; diyerek do\u011fal yollardan kolajen alman\u0131n &ccedil;ok daha sa\u011fl\u0131kl\u0131 oldu\u011funa dikkat &ccedil;ekti.<\/p>\n<p class=\"p1\"><img loading=\"lazy\" decoding=\"async\" src=\"https:\/\/www.tgrthaber.com\/mavikadin\/wp-content\/images\/haberler\/24-10\/16\/ekran-resmi-2024-10-15-111333.png\" width=\"722\" height=\"524\" alt=\"\" title=\"\"><\/p>\n<p class=\"p1\">Prof. Dr. Canan Karatay, &ouml;zellikle toz ve kaps&uuml;l halinde sat\u0131lan kolajen takviyelerinin kalp &uuml;zerinde olumsuz etkilere neden oldu\u011funu belirtti. Bu &uuml;r&uuml;nlerin kalp b&uuml;y&uuml;mesine, kalp krizi riskinin artmas\u0131na ve hatta kalp durmas\u0131na sebep olabilece\u011fi konusunda uyard\u0131. Karatay, kolajen takviyelerinin ila&ccedil; gibi kullan\u0131lmas\u0131n\u0131n yanl\u0131\u015f oldu\u011funu, en sa\u011fl\u0131kl\u0131 y&ouml;ntemin do\u011fal yollarla kolajen almak oldu\u011funu vurgulad\u0131.<\/p>\n<p class=\"p1\"><img loading=\"lazy\" decoding=\"async\" src=\"https:\/\/www.tgrthaber.com\/mavikadin\/wp-content\/images\/haberler\/24-10\/16\/ekran-resmi-2024-10-15-111339.png\" width=\"711\" height=\"551\" alt=\"\" title=\"\"><\/p>\n<h3 class=\"p4\">EN DO\u011eAL KOLAJEN KAYNA\u011eI: KELLE PA&Ccedil;A<\/h3>\n<p class=\"p1\">Karatay, do\u011fal kolajen kayna\u011f\u0131 olarak haftada bir kez t&uuml;ketilmesini &ouml;nerdi\u011fi kelle pa&ccedil;a &ccedil;orbas\u0131n\u0131n, v&uuml;cudun ihtiyac\u0131 olan sa\u011fl\u0131kl\u0131 yap\u0131 ta\u015flar\u0131n\u0131 sa\u011flad\u0131\u011f\u0131n\u0131 s&ouml;yledi. Kelle pa&ccedil;a sevmeyenler i&ccedil;in ise kemik suyu, limon ve kristal kaya tuzu kar\u0131\u015f\u0131m\u0131n\u0131 tavsiye etti. Bu kar\u0131\u015f\u0131m\u0131n, &ouml;zellikle sabah kahvalt\u0131dan &ouml;nce t&uuml;ketildi\u011finde v&uuml;cuda b&uuml;y&uuml;k fayda sa\u011flad\u0131\u011f\u0131n\u0131 belirtti.<\/p>\n<p class=\"p1\"><img decoding=\"async\" src=\"https:\/\/www.tgrthaber.com\/mavikadin\/wp-content\/images\/haberler\/24-10\/16\/ekran-resmi-2024-10-16-010006.png\" alt=\"\" title=\"\"><\/p>\n<p class=\"p1\">Karatay&rsquo;\u0131n bu a&ccedil;\u0131klamalar\u0131 sadece onun de\u011fil, bir&ccedil;ok beslenme uzman\u0131n\u0131n da dikkatini &ccedil;ekmi\u015f durumda. Uzmanlar, kolajen takviyelerinin yan etkileri aras\u0131nda sindirim sorunlar\u0131, mide bulant\u0131s\u0131, alerjik reaksiyonlar ve enfeksiyon risklerinin bulundu\u011funu belirtiyor. Bu sebeple, do\u011fal besinlerle kolajen al\u0131m\u0131n\u0131n &ccedil;ok daha g&uuml;venli ve sa\u011fl\u0131kl\u0131 oldu\u011funu savunuyorlar. Sa\u011fl\u0131kl\u0131 bir cilt ve g&uuml;&ccedil;l&uuml; eklemler i&ccedil;in beslenmede do\u011fal kolajen kaynaklar\u0131na y&ouml;nelmek, uzun vadede en iyi yol olarak g&ouml;steriliyor.<\/p>\n<p class=\"p1\">\n<p class=\"p1\">&nbsp;<\/p>\n","protected":false},"excerpt":{"rendered":"<p>Prof. Dr. Canan Karatay, yapt\u0131\u011f\u0131 son a\u00e7\u0131klamalarla yeniden g\u00fcndemin merkezine oturdu. Bu kez, \u00f6zellikle s\u0131k\u00e7a kullan\u0131lan kolajen takviyeleri hakk\u0131nda \u00e7arp\u0131c\u0131 uyar\u0131larda bulundu. Son zamanlarda s\u0131kl\u0131kla t\u00fcketilen kolajen takviyeleri hakk\u0131nda \u015fok eden a\u00e7\u0131klamada bulunan Karatay, \u2018sak\u0131n almay\u0131n, kalbi durduruyor\u2019 a\u00e7\u0131klamas\u0131 ile dikkat \u00e7ekti. Peki kolajen takviyelerinin zararlar\u0131 neler? \u0130\u015fte cevab\u0131&#8230; Prof. Dr. Canan Karatay, son yapt\u0131\u011f\u0131 [&hellip;]<\/p>\n","protected":false},"author":16,"featured_media":89196,"comment_status":"closed","ping_status":"open","sticky":false,"template":"","format":"standard","meta":{"rank_math_lock_modified_date":false,"footnotes":""},"categories":[1991],"tags":[120,7887,47363,58296,173],"class_list":["post-89197","post","type-post","status-publish","format-standard","has-post-thumbnail","hentry","category-saglik","tag-canan-karatay","tag-kelle-paca","tag-kolajen-takviyesi","tag-kolajen-zararlari","tag-saglik"],"_links":{"self":[{"href":"https:\/\/www.tgrthaber.com\/mavikadin\/wp-json\/wp\/v2\/posts\/89197"}],"collection":[{"href":"https:\/\/www.tgrthaber.com\/mavikadin\/wp-json\/wp\/v2\/posts"}],"about":[{"href":"https:\/\/www.tgrthaber.com\/mavikadin\/wp-json\/wp\/v2\/types\/post"}],"author":[{"embeddable":true,"href":"https:\/\/www.tgrthaber.com\/mavikadin\/wp-json\/wp\/v2\/users\/16"}],"replies":[{"embeddable":true,"href":"https:\/\/www.tgrthaber.com\/mavikadin\/wp-json\/wp\/v2\/comments?post=89197"}],"version-history":[{"count":1,"href":"https:\/\/www.tgrthaber.com\/mavikadin\/wp-json\/wp\/v2\/posts\/89197\/revisions"}],"predecessor-version":[{"id":89198,"href":"https:\/\/www.tgrthaber.com\/mavikadin\/wp-json\/wp\/v2\/posts\/89197\/revisions\/89198"}],"wp:featuredmedia":[{"embeddable":true,"href":"https:\/\/www.tgrthaber.com\/mavikadin\/wp-json\/wp\/v2\/media\/89196"}],"wp:attachment":[{"href":"https:\/\/www.tgrthaber.com\/mavikadin\/wp-json\/wp\/v2\/media?parent=89197"}],"wp:term":[{"taxonomy":"category","embeddable":true,"href":"https:\/\/www.tgrthaber.com\/mavikadin\/wp-json\/wp\/v2\/categories?post=89197"},{"taxonomy":"post_tag","embeddable":true,"href":"https:\/\/www.tgrthaber.com\/mavikadin\/wp-json\/wp\/v2\/tags?post=89197"}],"curies":[{"name":"wp","href":"https:\/\/api.w.org\/{rel}","templated":true}]}}