{"id":89902,"date":"2024-10-21T13:22:39","date_gmt":"2024-10-21T10:22:39","guid":{"rendered":"https:\/\/www.tgrthaber.com\/mavikadin\/?p=89902"},"modified":"2024-11-15T15:03:30","modified_gmt":"2024-11-15T12:03:30","slug":"birce-akalay-ile-hakan-kurtastan-yeni-pozlar-hayatimda-oldugun-icin-sansliyim","status":"publish","type":"post","link":"https:\/\/www.tgrthaber.com\/mavikadin\/birce-akalay-ile-hakan-kurtastan-yeni-pozlar-hayatimda-oldugun-icin-sansliyim\/","title":{"rendered":"Birce Akalay ile Hakan Kurta\u015f&#8217;tan yeni pozlar! &#8220;Hayat\u0131mda oldu\u011fun i\u00e7in \u015fansl\u0131y\u0131m&#8221;"},"content":{"rendered":"<p>Birce Akalay rol ald\u0131\u011f\u0131 &#8220;Bir Cumhuriyet \u015eark\u0131s\u0131&#8221; galas\u0131nda adeta parlad\u0131. \u00dcnl\u00fc oyuncu sosyal medya hesab\u0131nda sevgilisi Hakan Kurta\u015f&#8217;\u0131n kendisine e\u015flik etti\u011fi anlardan foto\u011fraflar payla\u015farak &#8220;Hayat\u0131mda oldu\u011fun i\u00e7in \u015fansl\u0131y\u0131m&#8221; notunu d\u00fc\u015ft\u00fc.<\/p>\n<p>Birce Akalay sevgilisi Hakan Kurta\u015f ile birlikte yeni pozlar\u0131n\u0131 sosyal medya hesab\u0131 Instagram&#8217;dan yay\u0131nlad\u0131.&nbsp;&#8220;Bir Cumhuriyet \u015eark\u0131s\u0131&#8221; galas\u0131ndan payla\u015f\u0131m yapan Birce Akalay Hakan Kurta\u015f &ccedil;iftine yorum ve be\u011feni ya\u011fd\u0131. Galaya Kurta\u015f ile kat\u0131lan Birce Akalay g&uuml;zelli\u011fiyle yine dikkat &ccedil;ekti.&nbsp;<\/p>\n<h3>B\u0130RCE AKALAY HAKAN KURTA\u015e &Ccedil;\u0130FT\u0130NDEN YEN\u0130 POZ<\/h3>\n<p>Siyah bir elbise giyen Birce Akalay&#8217;a Hakan Kurta\u015f da siyah tak\u0131m\u0131yla e\u015flik etti.&nbsp;<\/p>\n<p>Kendisi gibi oyuncu sevgilisi Hakan Kurta\u015f ile bir s&uuml;redir beraber olan Birce Akalay son d&ouml;nemde &#8220;Mezarl\u0131k&#8221;, &#8220;Ku\u015f U&ccedil;u\u015fu&#8221;, &#8220;Bir Cumhuriyet \u015eark\u0131s\u0131&#8221; gibi yap\u0131mlarda boy g&ouml;sterdi.&nbsp;<\/p>\n<p><img decoding=\"async\" src=\"https:\/\/www.tgrthaber.com\/mavikadin\/wp-content\/images\/haberler\/24-10\/21\/haber-iciii-hakan-birce.jpg\" alt=\"\" title=\"\"><\/p>\n<h3>&#8220;HAYATIMDA OLDU\u011eUN \u0130&Ccedil;\u0130N \u015eANSLIYIM&#8221;<\/h3>\n<p>Oyuncu Akalay yapt\u0131\u011f\u0131 payla\u015f\u0131m\u0131na &#8220;Filmimizin galas\u0131nda bizleri yaln\u0131z b\u0131rakmayan t&uuml;m de\u011ferli dostlar\u0131m\u0131za en derin \u015f&uuml;kranlar\u0131m\u0131 sunuyorum. &#8216;Bir Cumhuriyet \u015eark\u0131s\u0131&#8217; bizim i&ccedil;in b&uuml;y&uuml;k bir gurur kayna\u011f\u0131. Ayr\u0131ca her zaman oldu\u011fu gibi itina ile ak\u015fama haz\u0131rlayan ekibime sonsuz te\u015fekk&uuml;r&uuml; bor&ccedil; bilirim. Hayat\u0131mda oldu\u011fun i&ccedil;in ger&ccedil;ekten \u015fansl\u0131y\u0131m&#8221; notunu d&uuml;\u015ft&uuml;.<\/p>\n<p><img decoding=\"async\" src=\"https:\/\/www.tgrthaber.com\/mavikadin\/wp-content\/images\/haberler\/24-10\/21\/haber-iciii-birce.jpg\" alt=\"\" title=\"\"><\/p><\/p>\n","protected":false},"excerpt":{"rendered":"<p>Birce Akalay rol ald\u0131\u011f\u0131 &#8220;Bir Cumhuriyet \u015eark\u0131s\u0131&#8221; galas\u0131nda adeta parlad\u0131. \u00dcnl\u00fc oyuncu sosyal medya hesab\u0131nda sevgilisi Hakan Kurta\u015f&#8217;\u0131n kendisine e\u015flik etti\u011fi anlardan foto\u011fraflar payla\u015farak &#8220;Hayat\u0131mda oldu\u011fun i\u00e7in \u015fansl\u0131y\u0131m&#8221; notunu d\u00fc\u015ft\u00fc. Birce Akalay sevgilisi Hakan Kurta\u015f ile birlikte yeni pozlar\u0131n\u0131 sosyal medya hesab\u0131 Instagram&#8217;dan yay\u0131nlad\u0131.&nbsp;&#8220;Bir Cumhuriyet \u015eark\u0131s\u0131&#8221; galas\u0131ndan payla\u015f\u0131m yapan Birce Akalay Hakan Kurta\u015f &ccedil;iftine yorum [&hellip;]<\/p>\n","protected":false},"author":5,"featured_media":89901,"comment_status":"closed","ping_status":"open","sticky":false,"template":"","format":"standard","meta":{"rank_math_lock_modified_date":false,"footnotes":""},"categories":[76],"tags":[4258,48916,6037,54566],"class_list":["post-89902","post","type-post","status-publish","format-standard","has-post-thumbnail","hentry","category-magazin","tag-birce-akalay","tag-hakan-kurtas","tag-unluler","tag-yeni-pozlar"],"_links":{"self":[{"href":"https:\/\/www.tgrthaber.com\/mavikadin\/wp-json\/wp\/v2\/posts\/89902"}],"collection":[{"href":"https:\/\/www.tgrthaber.com\/mavikadin\/wp-json\/wp\/v2\/posts"}],"about":[{"href":"https:\/\/www.tgrthaber.com\/mavikadin\/wp-json\/wp\/v2\/types\/post"}],"author":[{"embeddable":true,"href":"https:\/\/www.tgrthaber.com\/mavikadin\/wp-json\/wp\/v2\/users\/5"}],"replies":[{"embeddable":true,"href":"https:\/\/www.tgrthaber.com\/mavikadin\/wp-json\/wp\/v2\/comments?post=89902"}],"version-history":[{"count":1,"href":"https:\/\/www.tgrthaber.com\/mavikadin\/wp-json\/wp\/v2\/posts\/89902\/revisions"}],"predecessor-version":[{"id":89903,"href":"https:\/\/www.tgrthaber.com\/mavikadin\/wp-json\/wp\/v2\/posts\/89902\/revisions\/89903"}],"wp:featuredmedia":[{"embeddable":true,"href":"https:\/\/www.tgrthaber.com\/mavikadin\/wp-json\/wp\/v2\/media\/89901"}],"wp:attachment":[{"href":"https:\/\/www.tgrthaber.com\/mavikadin\/wp-json\/wp\/v2\/media?parent=89902"}],"wp:term":[{"taxonomy":"category","embeddable":true,"href":"https:\/\/www.tgrthaber.com\/mavikadin\/wp-json\/wp\/v2\/categories?post=89902"},{"taxonomy":"post_tag","embeddable":true,"href":"https:\/\/www.tgrthaber.com\/mavikadin\/wp-json\/wp\/v2\/tags?post=89902"}],"curies":[{"name":"wp","href":"https:\/\/api.w.org\/{rel}","templated":true}]}}