{"id":89911,"date":"2024-10-21T14:20:00","date_gmt":"2024-10-21T11:20:00","guid":{"rendered":"https:\/\/www.tgrthaber.com\/mavikadin\/?p=89911"},"modified":"2024-11-15T15:03:46","modified_gmt":"2024-11-15T12:03:46","slug":"gulse-birsele-tepkiler-dinmiyor-reynmenden-cok-konusulacak-tepki-geldi","status":"publish","type":"post","link":"https:\/\/www.tgrthaber.com\/mavikadin\/gulse-birsele-tepkiler-dinmiyor-reynmenden-cok-konusulacak-tepki-geldi\/","title":{"rendered":"G\u00fclse Birsel&#8217;e tepkiler dinmiyor! Reynmen&#8217;den \u00e7ok konu\u015fulacak tepki geldi&#8230;"},"content":{"rendered":"<p>Reynmen ad\u0131yla bilinen Yusuf Akta\u015f da G\u00fclse Birsel&#8217;e tepki g\u00f6steren \u00fcnl\u00fclerden oldu. Sosyal medyada Vural \u00c7elik ile ilgili yapt\u0131\u011f\u0131 a\u00e7\u0131klamayla tepkileri toplayan g\u00fclse Birsel payla\u015f\u0131m\u0131n\u0131 silmi\u015fti ancak \u00fcnl\u00fcler de dahil herkes G\u00fclse Birsel&#8217;e k\u0131zmaya devam ediyor.<\/p>\n<p>Vural &Ccedil;elik&#8217;in ani &ouml;l&uuml;m&uuml;n&uuml;n ard\u0131ndan bir&ccedil;ok &uuml;nl&uuml; dostu ve arkada\u015f\u0131 mesajlar\u0131n\u0131 i&ccedil;eren payla\u015f\u0131mlar yapt\u0131. Ancak birisi &ouml;yle bir g&uuml;ndem yapt\u0131 ki herkes hem k\u0131zd\u0131 hem de tepki g&ouml;sterdi. Senelerde Avrupa Yakas\u0131 dizisinde birlikte rol ald\u0131\u011f\u0131 arkada\u015f\u0131 Vural &Ccedil;elik&#8217;in arkas\u0131ndan yazd\u0131klar\u0131yla g&uuml;ndem olan G&uuml;lse Birsel&#8217;e bir tepki de Reynmen&#8217;den geldi.&nbsp;<\/p>\n<h3>G&Uuml;LSE B\u0130RSEL&#8217;E TEPK\u0130 REYNMEN&#8217;DEN GELD\u0130&nbsp;<\/h3>\n<p>&Uuml;nl&uuml; d&uuml;nyas\u0131na bomba gibi d&uuml;\u015fen kay\u0131p haberi Vural &Ccedil;elik&#8217;in &ouml;l&uuml;m&uuml; herkesi \u015fok etti. Ancak herkes daha cenazesi kalkmadan G&uuml;lse Birsel&#8217;in &ouml;lm&uuml;\u015f bir arkada\u015f\u0131n\u0131n arkas\u0131ndan yazd\u0131klar\u0131yla ikinci \u015foku ya\u015fad\u0131. G&uuml;lse Birsel payla\u015f\u0131m\u0131nda Vural &Ccedil;elik ile neden konu\u015fmad\u0131klar\u0131n\u0131 ve 16 y\u0131ld\u0131r k&uuml;s olduklar\u0131n\u0131 a&ccedil;\u0131klamak istemedi\u011fini belirterek &#8216;Setin al\u0131ngan &ccedil;ocu\u011fuydu, her \u015feye hemen al\u0131n\u0131rd\u0131 ve g&ouml;nl&uuml;n&uuml; yapmaya &ccedil;al\u0131\u015f\u0131rd\u0131k&#8230;&#8217; ifadelerine yer verdi.&nbsp;<\/p>\n<p><img decoding=\"async\" src=\"https:\/\/www.tgrthaber.com\/mavikadin\/wp-content\/images\/haberler\/24-10\/21\/ekran-goruntusu-2024-10-21-141718.png\" alt=\"\" title=\"\"><\/p>\n<p>Bu s&ouml;zler ve daha fazlas\u0131 payla\u015f\u0131m\u0131 okuyan herkesin b&uuml;y&uuml;k tepkisini &ccedil;ekti. &Uuml;nl&uuml; d&uuml;nyas\u0131ndan da bir&ccedil;ok isim G&uuml;lse Birsel&#8217;in bu payla\u015f\u0131m\u0131na tepki g&ouml;stererek &#8216;&Ouml;l&ccedil;m&uuml;\u015f bir insan\u0131n arkas\u0131ndan sadece ba\u015f sa\u011fl\u0131\u011f\u0131 dilenir&#8217; \u015feklinde yorumda bulundu. K&ouml;t&uuml; ve a&ccedil;\u0131lmamas\u0131 gereken konular\u0131 konu\u015fmaya ne gerek var? yorumlar\u0131 da G&uuml;lse Birsel&#8217;e tepki olarak yaz\u0131ld\u0131.&nbsp;<\/p>\n<p>&nbsp;<\/p>\n<p>Bir tepki de sosyal medya fenomeni olan ve \u015fark\u0131 &ccedil;\u0131kartarak m&uuml;zik listelerini alt &uuml;st eden Reynmen lakapl\u0131 Yusuf Akta\u015f&#8217;tan geldi.&nbsp;<\/p>\n<p><img decoding=\"async\" src=\"https:\/\/www.tgrthaber.com\/mavikadin\/wp-content\/images\/haberler\/24-10\/21\/ekran-goruntusu-2024-10-21-141637.png\" alt=\"\" title=\"\"><\/p>\n<p>G&uuml;lse Birsel&#8217;in payla\u015f\u0131m\u0131na tepki g&ouml;steren Reynmen &#8216; He yetmedi bir de devam\u0131 yorumlarda m\u0131? Adam\u0131 yatt\u0131\u011f\u0131 yerden kald\u0131r\u0131p iki de tokat at ya &ouml;yle olmam\u0131\u015f. Ne garipsiniz ya&#8230;&#8217; \u015feklinde yazd\u0131.&nbsp;<\/p>\n<p>&nbsp;<\/p>\n<h3>&#8216;BEN\u0130M Y&Uuml;Z&Uuml;MDEN HAYATINI KAYBETM\u0130\u015e G\u0130B\u0130&#8217;<\/h3>\n<p>&nbsp;<\/p>\n<p>Birsen Altunta\u015f&#8217;a a&ccedil;\u0131klamada bulunan G&uuml;lse Birsel yapt\u0131\u011f\u0131 payla\u015f\u0131m\u0131n yanl\u0131\u015f anla\u015f\u0131ld\u0131\u011f\u0131n\u0131 s&ouml;yledi. &ldquo;G&uuml;nlerdir benim y&uuml;z&uuml;mden hayat\u0131n\u0131 kaybetti gibi davran\u0131l\u0131yor. \u0130\u015flerini engelledi, yok sahip &ccedil;\u0131kmad\u0131 \u015fu bu&hellip; 16 y\u0131ld\u0131r neden k&uuml;s oldu\u011fumun sebeplerini a&ccedil;\u0131klamak durumunda hissettim. Ben m&uuml;mk&uuml;n oldu\u011fu kadar e\u011flendi\u011fimiz zamanlar\u0131 anlat\u0131p ke\u015fke kar\u015f\u0131la\u015facak vakit olsayd\u0131 dedim ama onun da sadece ilk k\u0131sm\u0131 koyulmu\u015f. Veya par&ccedil;a par&ccedil;a al\u0131nm\u0131\u015f. Sosyal medya inan\u0131lmaz bir yer&rdquo; a&ccedil;\u0131klamas\u0131nda bulundu.&nbsp;<\/p><\/p>\n","protected":false},"excerpt":{"rendered":"<p>Reynmen ad\u0131yla bilinen Yusuf Akta\u015f da G\u00fclse Birsel&#8217;e tepki g\u00f6steren \u00fcnl\u00fclerden oldu. Sosyal medyada Vural \u00c7elik ile ilgili yapt\u0131\u011f\u0131 a\u00e7\u0131klamayla tepkileri toplayan g\u00fclse Birsel payla\u015f\u0131m\u0131n\u0131 silmi\u015fti ancak \u00fcnl\u00fcler de dahil herkes G\u00fclse Birsel&#8217;e k\u0131zmaya devam ediyor. Vural &Ccedil;elik&#8217;in ani &ouml;l&uuml;m&uuml;n&uuml;n ard\u0131ndan bir&ccedil;ok &uuml;nl&uuml; dostu ve arkada\u015f\u0131 mesajlar\u0131n\u0131 i&ccedil;eren payla\u015f\u0131mlar yapt\u0131. Ancak birisi &ouml;yle bir g&uuml;ndem [&hellip;]<\/p>\n","protected":false},"author":24,"featured_media":89910,"comment_status":"closed","ping_status":"open","sticky":false,"template":"","format":"standard","meta":{"rank_math_lock_modified_date":false,"footnotes":""},"categories":[76],"tags":[3392,5796,3169,48039,3393],"class_list":["post-89911","post","type-post","status-publish","format-standard","has-post-thumbnail","hentry","category-magazin","tag-gulse-birsel","tag-reynmen","tag-sosyal-medya","tag-unlu-tepkileri","tag-vural-celik"],"_links":{"self":[{"href":"https:\/\/www.tgrthaber.com\/mavikadin\/wp-json\/wp\/v2\/posts\/89911"}],"collection":[{"href":"https:\/\/www.tgrthaber.com\/mavikadin\/wp-json\/wp\/v2\/posts"}],"about":[{"href":"https:\/\/www.tgrthaber.com\/mavikadin\/wp-json\/wp\/v2\/types\/post"}],"author":[{"embeddable":true,"href":"https:\/\/www.tgrthaber.com\/mavikadin\/wp-json\/wp\/v2\/users\/24"}],"replies":[{"embeddable":true,"href":"https:\/\/www.tgrthaber.com\/mavikadin\/wp-json\/wp\/v2\/comments?post=89911"}],"version-history":[{"count":1,"href":"https:\/\/www.tgrthaber.com\/mavikadin\/wp-json\/wp\/v2\/posts\/89911\/revisions"}],"predecessor-version":[{"id":89912,"href":"https:\/\/www.tgrthaber.com\/mavikadin\/wp-json\/wp\/v2\/posts\/89911\/revisions\/89912"}],"wp:featuredmedia":[{"embeddable":true,"href":"https:\/\/www.tgrthaber.com\/mavikadin\/wp-json\/wp\/v2\/media\/89910"}],"wp:attachment":[{"href":"https:\/\/www.tgrthaber.com\/mavikadin\/wp-json\/wp\/v2\/media?parent=89911"}],"wp:term":[{"taxonomy":"category","embeddable":true,"href":"https:\/\/www.tgrthaber.com\/mavikadin\/wp-json\/wp\/v2\/categories?post=89911"},{"taxonomy":"post_tag","embeddable":true,"href":"https:\/\/www.tgrthaber.com\/mavikadin\/wp-json\/wp\/v2\/tags?post=89911"}],"curies":[{"name":"wp","href":"https:\/\/api.w.org\/{rel}","templated":true}]}}