{"id":89917,"date":"2024-10-21T15:26:00","date_gmt":"2024-10-21T12:26:00","guid":{"rendered":"https:\/\/www.tgrthaber.com\/mavikadin\/?p=89917"},"modified":"2024-11-15T15:03:58","modified_gmt":"2024-11-15T12:03:58","slug":"masterchefe-veda-eden-nevzattan-ilk-paylasim-geldi-sozleri-gundem-oldu","status":"publish","type":"post","link":"https:\/\/www.tgrthaber.com\/mavikadin\/masterchefe-veda-eden-nevzattan-ilk-paylasim-geldi-sozleri-gundem-oldu\/","title":{"rendered":"MasterChef&#8217;e veda eden Nevzat&#8217;tan ilk payla\u015f\u0131m geldi! S\u00f6zleri g\u00fcndem oldu"},"content":{"rendered":"<p>MasterChef T\u00fcrkiye&#8217;nin sevilen yar\u0131\u015fmac\u0131lar\u0131ndan Nevzat G\u00fcray G\u00fcrol, d\u00fcn ak\u015fam yay\u0131nlanan b\u00f6l\u00fcmde yar\u0131\u015fmaya veda eden isim oldu. Elenmesinin ard\u0131ndan sosyal medyada yapt\u0131\u011f\u0131 ilk payla\u015f\u0131m\u0131yla g\u00fcndem olan G\u00fcrol, takip\u00e7ilerinin ilgisini \u00e7ekti.<\/p>\n<p>MasterChef T&uuml;rkiye&rsquo;de eleme heyecan\u0131 ya\u015fand\u0131. Hafta boyunca eleme potas\u0131na girmemek i&ccedil;in b&uuml;y&uuml;k bir m&uuml;cadele g&ouml;steren yar\u0131\u015fmac\u0131lar, d&uuml;n ak\u015fam yap\u0131lan eleme gecesinde ter d&ouml;kt&uuml;.&nbsp;<\/p>\n<p>Ge&ccedil;ti\u011fimiz hafta yar\u0131\u015fmaya veda eden isim Z&uuml;beyde olmu\u015ftu. Bu hafta ise yar\u0131\u015fman\u0131n dikkat &ccedil;eken isimlerinden Nevzat G&uuml;ray G&uuml;rol, eleme potas\u0131na d&uuml;\u015ft&uuml; ve Ak\u0131n&#8217;la son ikiye kalarak hayallerine veda eden isim oldu.<\/p>\n<h3><strong>VEDANIN ADINDAN \u0130LK PAYLA\u015eIM GELD\u0130<\/strong><\/h3>\n<p>Yar\u0131\u015fman\u0131n en ba\u015f\u0131ndan beri dikkat &ccedil;eken tav\u0131rlar\u0131 ve a&ccedil;\u0131klamalar\u0131yla tan\u0131nan Nevzat G&uuml;ray G&uuml;rol, elenmesinin ard\u0131ndan sosyal medya hesab\u0131ndan bir payla\u015f\u0131m yapt\u0131.<\/p>\n<p><img loading=\"lazy\" decoding=\"async\" src=\"https:\/\/www.tgrthaber.com\/mavikadin\/wp-content\/images\/haberler\/24-10\/21\/masterchefte-elenen-isim-cok-konusuldu-paylasimi-olay-oldu-17295083201188_3.jpg\" width=\"843\" height=\"912\" alt=\"\" title=\"\"><\/p>\n<p>G&uuml;rol, duygusal bir veda mesaj\u0131 ile takip&ccedil;ilerine seslenerek, &#8220;R&uuml;ya gibi bir ser&uuml;venin sonuna geldik. Ama her son bir ba\u015flang\u0131&ccedil;t\u0131r. Bu yolculukta muazzam tecr&uuml;beler kazand\u0131m. Siz de\u011ferli takip&ccedil;ilerim ve sevenlerim bana bu yolda destek oldu\u011funuz i&ccedil;in hepinize minnettar\u0131m. \u0130Y\u0130L\u0130K \u0130Y\u0130D\u0130R&hellip;&#8221; ifadelerini kulland\u0131.<\/p>\n<h3><strong>SOSYAL MEDYADA G&Uuml;NDEM OLDU<\/strong><\/h3>\n<p>G&uuml;rol&rsquo;un bu s&ouml;zleri k\u0131sa s&uuml;rede sosyal medyada geni\u015f yank\u0131 uyand\u0131rd\u0131.<\/p>\n<p><img loading=\"lazy\" decoding=\"async\" src=\"https:\/\/www.tgrthaber.com\/mavikadin\/wp-content\/images\/haberler\/24-10\/21\/haftanin-mavi-ve-kirmizi-takim-kaptanlari-belli-oldu-masterchefturkiye-masterchef-acunmedya-tv8-danilozanna-chefmehmetyalcinkaya-somersivrioglu.jpg\" width=\"812\" height=\"541\" alt=\"\" title=\"\"><\/p>\n<p>Takip&ccedil;ileri, ona destek mesajlar\u0131 g&ouml;nderirken, pek &ccedil;ok ki\u015fi de bu vedan\u0131n ard\u0131ndan yeni projelerde yer alaca\u011f\u0131na dair umutlar\u0131n\u0131 yorumlarda dile getirdi.<\/p><\/p>\n","protected":false},"excerpt":{"rendered":"<p>MasterChef T\u00fcrkiye&#8217;nin sevilen yar\u0131\u015fmac\u0131lar\u0131ndan Nevzat G\u00fcray G\u00fcrol, d\u00fcn ak\u015fam yay\u0131nlanan b\u00f6l\u00fcmde yar\u0131\u015fmaya veda eden isim oldu. Elenmesinin ard\u0131ndan sosyal medyada yapt\u0131\u011f\u0131 ilk payla\u015f\u0131m\u0131yla g\u00fcndem olan G\u00fcrol, takip\u00e7ilerinin ilgisini \u00e7ekti. MasterChef T&uuml;rkiye&rsquo;de eleme heyecan\u0131 ya\u015fand\u0131. Hafta boyunca eleme potas\u0131na girmemek i&ccedil;in b&uuml;y&uuml;k bir m&uuml;cadele g&ouml;steren yar\u0131\u015fmac\u0131lar, d&uuml;n ak\u015fam yap\u0131lan eleme gecesinde ter d&ouml;kt&uuml;.&nbsp; Ge&ccedil;ti\u011fimiz hafta yar\u0131\u015fmaya [&hellip;]<\/p>\n","protected":false},"author":7,"featured_media":89916,"comment_status":"closed","ping_status":"open","sticky":false,"template":"","format":"standard","meta":{"rank_math_lock_modified_date":false,"footnotes":""},"categories":[76],"tags":[1447,1120,58660,55254,58661,58662],"class_list":["post-89917","post","type-post","status-publish","format-standard","has-post-thumbnail","hentry","category-magazin","tag-gundem","tag-masterchef","tag-masterchef-nevzat","tag-masterchef-veda","tag-nevzat-gurol","tag-yarisma-elendi"],"_links":{"self":[{"href":"https:\/\/www.tgrthaber.com\/mavikadin\/wp-json\/wp\/v2\/posts\/89917"}],"collection":[{"href":"https:\/\/www.tgrthaber.com\/mavikadin\/wp-json\/wp\/v2\/posts"}],"about":[{"href":"https:\/\/www.tgrthaber.com\/mavikadin\/wp-json\/wp\/v2\/types\/post"}],"author":[{"embeddable":true,"href":"https:\/\/www.tgrthaber.com\/mavikadin\/wp-json\/wp\/v2\/users\/7"}],"replies":[{"embeddable":true,"href":"https:\/\/www.tgrthaber.com\/mavikadin\/wp-json\/wp\/v2\/comments?post=89917"}],"version-history":[{"count":1,"href":"https:\/\/www.tgrthaber.com\/mavikadin\/wp-json\/wp\/v2\/posts\/89917\/revisions"}],"predecessor-version":[{"id":89918,"href":"https:\/\/www.tgrthaber.com\/mavikadin\/wp-json\/wp\/v2\/posts\/89917\/revisions\/89918"}],"wp:featuredmedia":[{"embeddable":true,"href":"https:\/\/www.tgrthaber.com\/mavikadin\/wp-json\/wp\/v2\/media\/89916"}],"wp:attachment":[{"href":"https:\/\/www.tgrthaber.com\/mavikadin\/wp-json\/wp\/v2\/media?parent=89917"}],"wp:term":[{"taxonomy":"category","embeddable":true,"href":"https:\/\/www.tgrthaber.com\/mavikadin\/wp-json\/wp\/v2\/categories?post=89917"},{"taxonomy":"post_tag","embeddable":true,"href":"https:\/\/www.tgrthaber.com\/mavikadin\/wp-json\/wp\/v2\/tags?post=89917"}],"curies":[{"name":"wp","href":"https:\/\/api.w.org\/{rel}","templated":true}]}}