{"id":89965,"date":"2024-10-21T22:48:38","date_gmt":"2024-10-21T19:48:38","guid":{"rendered":"https:\/\/www.tgrthaber.com\/mavikadin\/?p=89965"},"modified":"2024-11-15T15:05:16","modified_gmt":"2024-11-15T12:05:16","slug":"umut-akyurekin-yasakli-madde-bagimlisi-olan-kizi-melek-bal-hastaneye-kaldirildi","status":"publish","type":"post","link":"https:\/\/www.tgrthaber.com\/mavikadin\/umut-akyurekin-yasakli-madde-bagimlisi-olan-kizi-melek-bal-hastaneye-kaldirildi\/","title":{"rendered":"Umut Aky\u00fcrek&#8217;in yasakl\u0131 madde ba\u011f\u0131ml\u0131s\u0131 olan k\u0131z\u0131 Melek Bal hastaneye kald\u0131r\u0131ld\u0131"},"content":{"rendered":"<p>Sanat\u00e7\u0131 Umut Aky\u00fcrek, k\u0131z\u0131 Melek Bal\u2019\u0131n yasa d\u0131\u015f\u0131 madde kullan\u0131m\u0131 nedeniyle kendisini bir odaya kapatt\u0131\u011f\u0131n\u0131 duyurmu\u015ftu. \u00dcnl\u00fc sanat\u00e7\u0131n\u0131n k\u0131z\u0131ndan yeni haber geldi. Aky\u00fcrek&#8217;in k\u0131z\u0131, hastaneye sevk edildi.<\/p>\n<p>T&uuml;rk Sanat M&uuml;zi\u011fi sanat&ccedil;\u0131s\u0131 Umut Aky&uuml;rek, sosyal medya hesab\u0131ndan payla\u015ft\u0131\u011f\u0131 bir video ile dikkatleri &uuml;zerine toplad\u0131. Aky&uuml;rek, videoda k\u0131z\u0131 Melek Bal&rsquo;\u0131n ciddi bir psikolojik kriz ya\u015fad\u0131\u011f\u0131n\u0131 ifade ederek, k\u0131z\u0131n\u0131n hem kendisine hem de &ccedil;evresindekilere zarar verme ihtimalinden endi\u015fe duydu\u011funu belirtti. Aky&uuml;rek, k\u0131z\u0131n\u0131n daha &ouml;nce e\u015fine b\u0131&ccedil;akla sald\u0131rd\u0131\u011f\u0131n\u0131 ve kendisini de iki kez darp etti\u011fini a&ccedil;\u0131klad\u0131.<\/p>\n<h3>UMUT AKY&Uuml;REK&#8217;\u0130N EVLAT FERYADI<\/h3>\n<p>&#8220;\u015eu an kendimi bir odaya kilitledim, iki g&uuml;nd&uuml;r ortada yoktu. &Ccedil;ok a\u011f\u0131r bir kriz ge&ccedil;iriyor&#8221; diyen Aky&uuml;rek, k\u0131z\u0131n\u0131n durumunun giderek daha da k&ouml;t&uuml;le\u015fti\u011fini dile getirdi. Olaylar s\u0131ras\u0131nda polis &ccedil;a\u011f\u0131rmak zorunda kald\u0131\u011f\u0131n\u0131 ifade eden sanat&ccedil;\u0131, daha &ouml;nce de bir&ccedil;ok kez polisi arad\u0131klar\u0131n\u0131 ancak bir sonu&ccedil; elde edemediklerini belirtti. Aky&uuml;rek, &#8220;Polisler gelip konu\u015fmaya &ccedil;al\u0131\u015f\u0131yor, en fazla nezarette ifade al\u0131n\u0131yor ama bu durumla ilgili kal\u0131c\u0131 bir &ccedil;&ouml;z&uuml;m sa\u011flanm\u0131yor&#8221; dedi.<\/p>\n<p><img decoding=\"async\" src=\"https:\/\/www.tgrthaber.com\/mavikadin\/wp-content\/images\/haberler\/24-10\/22\/adana_da_depreme_yakalanan_umut_akyurek_in_cigliklari_oteli_inletti-3.jpg\" alt=\"\" title=\"\"><\/p>\n<h3>UMUT AKY&Uuml;REK&#8217;\u0130N KIZI MELEK BAL HASTANEYE KALDIRILDI<\/h3>\n<p>Melek Bal, kelep&ccedil;eli haldeki g&ouml;r&uuml;nt&uuml;s&uuml;n&uuml; sosyal medyada payla\u015fm\u0131\u015ft\u0131. Bal&#8217;\u0131n foto\u011frafta kendine zarar verdi\u011fi anla\u015f\u0131ld\u0131. Kollar\u0131nda derin kesikler bulunan Bal, polis m&uuml;dahalesinin ard\u0131ndan hastaneye g&ouml;t&uuml;r&uuml;lerek tedavi alt\u0131na al\u0131nd\u0131.<\/p>\n<p><img decoding=\"async\" src=\"https:\/\/www.tgrthaber.com\/mavikadin\/wp-content\/images\/haberler\/24-10\/22\/umut_akyurek-2.jpg\" alt=\"\" title=\"\"><\/p>\n<h3>UMUT AKY&Uuml;REK&#8217;\u0130N KIZI MELEK BAL&#8217;IN SON DURUMU<\/h3>\n<p>K\u0131zlar\u0131 i&ccedil;in ge&ccedil;ti\u011fimiz g&uuml;n yard\u0131m &ccedil;a\u011fr\u0131s\u0131nda bulunan \u015fark\u0131c\u0131, &#8220;Hastanede ama \u015fu an bu bir &ccedil;&ouml;z&uuml;m de\u011fil. Rehabilitasyon merkezine ihtiyac\u0131 var, bunu ara\u015ft\u0131r\u0131yoruz. 1-2 yerle ileti\u015fime ge&ccedil;tik. \u015eu an psikiyatri hastalar\u0131yla birlikte yat\u0131yor. Ne yaz\u0131k ki devlet hastanesinde rehabilitasyon merkezi bulunmuyor&#8230;&#8221; ifadelerini kulland\u0131.<\/p>\n<p>K\u0131z\u0131n\u0131n tedavi olmay\u0131 istedi\u011fini vurgulayan &uuml;nl&uuml; sanat&ccedil;\u0131, &#8220;Elbette istiyor. V&uuml;cudunda kimyasal maddenin etkisi var, zor bir durum. Alkol, sigara ve internet ba\u011f\u0131ml\u0131l\u0131\u011f\u0131 gibi&#8230; Allah&rsquo;\u0131n izniyle k\u0131z\u0131m\u0131z\u0131 bu durumdan kurtaraca\u011f\u0131z&#8221; dedi.<\/p><\/p>\n","protected":false},"excerpt":{"rendered":"<p>Sanat\u00e7\u0131 Umut Aky\u00fcrek, k\u0131z\u0131 Melek Bal\u2019\u0131n yasa d\u0131\u015f\u0131 madde kullan\u0131m\u0131 nedeniyle kendisini bir odaya kapatt\u0131\u011f\u0131n\u0131 duyurmu\u015ftu. \u00dcnl\u00fc sanat\u00e7\u0131n\u0131n k\u0131z\u0131ndan yeni haber geldi. Aky\u00fcrek&#8217;in k\u0131z\u0131, hastaneye sevk edildi. T&uuml;rk Sanat M&uuml;zi\u011fi sanat&ccedil;\u0131s\u0131 Umut Aky&uuml;rek, sosyal medya hesab\u0131ndan payla\u015ft\u0131\u011f\u0131 bir video ile dikkatleri &uuml;zerine toplad\u0131. Aky&uuml;rek, videoda k\u0131z\u0131 Melek Bal&rsquo;\u0131n ciddi bir psikolojik kriz ya\u015fad\u0131\u011f\u0131n\u0131 ifade ederek, [&hellip;]<\/p>\n","protected":false},"author":2,"featured_media":89964,"comment_status":"closed","ping_status":"open","sticky":false,"template":"","format":"standard","meta":{"rank_math_lock_modified_date":false,"footnotes":""},"categories":[76],"tags":[14637,43423,2416,277,2417],"class_list":["post-89965","post","type-post","status-publish","format-standard","has-post-thumbnail","hentry","category-magazin","tag-bagimlilik","tag-hastanede","tag-melek-bal","tag-tedavi","tag-umut-akyurek"],"_links":{"self":[{"href":"https:\/\/www.tgrthaber.com\/mavikadin\/wp-json\/wp\/v2\/posts\/89965"}],"collection":[{"href":"https:\/\/www.tgrthaber.com\/mavikadin\/wp-json\/wp\/v2\/posts"}],"about":[{"href":"https:\/\/www.tgrthaber.com\/mavikadin\/wp-json\/wp\/v2\/types\/post"}],"author":[{"embeddable":true,"href":"https:\/\/www.tgrthaber.com\/mavikadin\/wp-json\/wp\/v2\/users\/2"}],"replies":[{"embeddable":true,"href":"https:\/\/www.tgrthaber.com\/mavikadin\/wp-json\/wp\/v2\/comments?post=89965"}],"version-history":[{"count":1,"href":"https:\/\/www.tgrthaber.com\/mavikadin\/wp-json\/wp\/v2\/posts\/89965\/revisions"}],"predecessor-version":[{"id":89966,"href":"https:\/\/www.tgrthaber.com\/mavikadin\/wp-json\/wp\/v2\/posts\/89965\/revisions\/89966"}],"wp:featuredmedia":[{"embeddable":true,"href":"https:\/\/www.tgrthaber.com\/mavikadin\/wp-json\/wp\/v2\/media\/89964"}],"wp:attachment":[{"href":"https:\/\/www.tgrthaber.com\/mavikadin\/wp-json\/wp\/v2\/media?parent=89965"}],"wp:term":[{"taxonomy":"category","embeddable":true,"href":"https:\/\/www.tgrthaber.com\/mavikadin\/wp-json\/wp\/v2\/categories?post=89965"},{"taxonomy":"post_tag","embeddable":true,"href":"https:\/\/www.tgrthaber.com\/mavikadin\/wp-json\/wp\/v2\/tags?post=89965"}],"curies":[{"name":"wp","href":"https:\/\/api.w.org\/{rel}","templated":true}]}}