{"id":89971,"date":"2024-10-21T23:18:03","date_gmt":"2024-10-21T20:18:03","guid":{"rendered":"https:\/\/www.tgrthaber.com\/mavikadin\/?p=89971"},"modified":"2024-11-15T15:05:27","modified_gmt":"2024-11-15T12:05:27","slug":"defne-samyeli-ile-gerard-butler-yan-yana-sergide-karsilasip-birlikte-poz-verdiler","status":"publish","type":"post","link":"https:\/\/www.tgrthaber.com\/mavikadin\/defne-samyeli-ile-gerard-butler-yan-yana-sergide-karsilasip-birlikte-poz-verdiler\/","title":{"rendered":"Defne Samyeli ile Gerard Butler yan yana! Sergide kar\u015f\u0131la\u015f\u0131p birlikte poz verdiler"},"content":{"rendered":"<p>\u00d6zel hayat\u0131 ve sosyal medya payla\u015f\u0131mlar\u0131yla s\u0131k s\u0131k g\u00fcndeme gelen 52 ya\u015f\u0131ndaki \u015fark\u0131c\u0131 ve oyuncu Defne Samyeli, Sedef Gali\u2019nin New York\u2019ta d\u00fczenlenen sergisinde d\u00fcnyaca \u00fcnl\u00fc \u0130sko\u00e7 akt\u00f6r Gerard Butler ile bir araya geldi. O anlar\u0131 foto\u011fraflayan Samyeli\u2019nin payla\u015f\u0131m\u0131, takip\u00e7ilerinden b\u00fcy\u00fck be\u011feni toplad\u0131.<\/p>\n<p>Ya\u015f\u0131na ra\u011fmen etkileyici g&uuml;zelli\u011fiyle dikkat &ccedil;eken 52 ya\u015f\u0131ndaki Defne Samyeli, &ouml;zel ya\u015fam\u0131 ve sosyal medya payla\u015f\u0131mlar\u0131yla s&uuml;rekli g&uuml;ndemde kalmay\u0131 ba\u015far\u0131yor. Son olarak s\u0131f\u0131r&nbsp; beden a&ccedil;\u0131klamas\u0131yla ad\u0131ndan s&ouml;z ettiren &uuml;nl&uuml; isim, \u015fimdi de ba\u015fka bir konu ile g&uuml;ndem oldu. Defne Samyeli, Gerard Butler ile bir araya geldi.<\/p>\n<h3>DEFNE SAMYEL\u0130 \u0130LE D&Uuml;NYACA &Uuml;NL&Uuml; AKT&Ouml;RDEN YAN YANA POZ<\/h3>\n<p>Oyunculuk kariyerinin yan\u0131 s\u0131ra m&uuml;zik &ccedil;al\u0131\u015fmalar\u0131na da devam eden Defne Samyeli, sanat&ccedil;\u0131 Sedef Gali&rsquo;nin sergisi i&ccedil;in New York&rsquo;a gitti. Samyeli, sergide \u0130sko&ccedil; akt&ouml;r Gerard Butler ile kar\u015f\u0131la\u015ft\u0131. &Uuml;nl&uuml; isim, bu an\u0131 birlikte &ccedil;ektirdikleri foto\u011frafla tarihe ge&ccedil;irdi.<\/p>\n<p><img decoding=\"async\" src=\"https:\/\/www.tgrthaber.com\/mavikadin\/wp-content\/images\/haberler\/24-10\/22\/basliksiz-6.jpg\" alt=\"\" title=\"\"><\/p>\n<h3>SAM\u0130M\u0130 POZLAR VERD\u0130<\/h3>\n<p>Sosyal medya hesab\u0131ndan da payla\u015f\u0131mlar yapan Defne Samyeli, haf\u0131zalarda &#8216;300 Spartal\u0131&#8217; filminde oynad\u0131\u011f\u0131 &#8216;Kral Leonidas&#8217; rol&uuml;yle yer eden ve pek &ccedil;ok &uuml;nl&uuml; projede boy g&ouml;steren Gerard Butler ile samimi kareler payla\u015ft\u0131. Eski spiker yeni \u015fark\u0131c\u0131 Samyeli, sergi sonras\u0131nda 55 ya\u015f\u0131ndaki akt&ouml;r Gerard Butler ile uzun s&uuml;re sohbet etti.<\/p>\n<p><img decoding=\"async\" src=\"https:\/\/www.tgrthaber.com\/mavikadin\/wp-content\/images\/haberler\/24-10\/22\/basliksissz-5.jpg\" alt=\"\" title=\"\"><\/p>\n<p><img decoding=\"async\" src=\"https:\/\/www.tgrthaber.com\/mavikadin\/wp-content\/images\/haberler\/24-10\/22\/basliksiz-7dd.jpg\" alt=\"\" title=\"\"><\/p><\/p>\n","protected":false},"excerpt":{"rendered":"<p>\u00d6zel hayat\u0131 ve sosyal medya payla\u015f\u0131mlar\u0131yla s\u0131k s\u0131k g\u00fcndeme gelen 52 ya\u015f\u0131ndaki \u015fark\u0131c\u0131 ve oyuncu Defne Samyeli, Sedef Gali\u2019nin New York\u2019ta d\u00fczenlenen sergisinde d\u00fcnyaca \u00fcnl\u00fc \u0130sko\u00e7 akt\u00f6r Gerard Butler ile bir araya geldi. O anlar\u0131 foto\u011fraflayan Samyeli\u2019nin payla\u015f\u0131m\u0131, takip\u00e7ilerinden b\u00fcy\u00fck be\u011feni toplad\u0131. Ya\u015f\u0131na ra\u011fmen etkileyici g&uuml;zelli\u011fiyle dikkat &ccedil;eken 52 ya\u015f\u0131ndaki Defne Samyeli, &ouml;zel ya\u015fam\u0131 ve [&hellip;]<\/p>\n","protected":false},"author":2,"featured_media":89970,"comment_status":"closed","ping_status":"open","sticky":false,"template":"","format":"standard","meta":{"rank_math_lock_modified_date":false,"footnotes":""},"categories":[76],"tags":[15580,53227,12238,38564],"class_list":["post-89971","post","type-post","status-publish","format-standard","has-post-thumbnail","hentry","category-magazin","tag-defne-samyeli","tag-gerard-butler","tag-sergi","tag-unlu"],"_links":{"self":[{"href":"https:\/\/www.tgrthaber.com\/mavikadin\/wp-json\/wp\/v2\/posts\/89971"}],"collection":[{"href":"https:\/\/www.tgrthaber.com\/mavikadin\/wp-json\/wp\/v2\/posts"}],"about":[{"href":"https:\/\/www.tgrthaber.com\/mavikadin\/wp-json\/wp\/v2\/types\/post"}],"author":[{"embeddable":true,"href":"https:\/\/www.tgrthaber.com\/mavikadin\/wp-json\/wp\/v2\/users\/2"}],"replies":[{"embeddable":true,"href":"https:\/\/www.tgrthaber.com\/mavikadin\/wp-json\/wp\/v2\/comments?post=89971"}],"version-history":[{"count":1,"href":"https:\/\/www.tgrthaber.com\/mavikadin\/wp-json\/wp\/v2\/posts\/89971\/revisions"}],"predecessor-version":[{"id":89972,"href":"https:\/\/www.tgrthaber.com\/mavikadin\/wp-json\/wp\/v2\/posts\/89971\/revisions\/89972"}],"wp:featuredmedia":[{"embeddable":true,"href":"https:\/\/www.tgrthaber.com\/mavikadin\/wp-json\/wp\/v2\/media\/89970"}],"wp:attachment":[{"href":"https:\/\/www.tgrthaber.com\/mavikadin\/wp-json\/wp\/v2\/media?parent=89971"}],"wp:term":[{"taxonomy":"category","embeddable":true,"href":"https:\/\/www.tgrthaber.com\/mavikadin\/wp-json\/wp\/v2\/categories?post=89971"},{"taxonomy":"post_tag","embeddable":true,"href":"https:\/\/www.tgrthaber.com\/mavikadin\/wp-json\/wp\/v2\/tags?post=89971"}],"curies":[{"name":"wp","href":"https:\/\/api.w.org\/{rel}","templated":true}]}}