{"id":90010,"date":"2024-10-22T13:51:00","date_gmt":"2024-10-22T10:51:00","guid":{"rendered":"https:\/\/www.tgrthaber.com\/mavikadin\/?p=90010"},"modified":"2024-11-15T15:06:43","modified_gmt":"2024-11-15T12:06:43","slug":"kizilcik-serbeti-kivilcimin-gercek-aski-evrim-alasya-ile-kerem-alisik-ask-yasiyor","status":"publish","type":"post","link":"https:\/\/www.tgrthaber.com\/mavikadin\/kizilcik-serbeti-kivilcimin-gercek-aski-evrim-alasya-ile-kerem-alisik-ask-yasiyor\/","title":{"rendered":"K\u0131z\u0131lc\u0131k \u015eerbeti K\u0131v\u0131lc\u0131m\u2019\u0131n ger\u00e7ek a\u015fk\u0131\u2026 Evrim Alasya ile Kerem Al\u0131\u015f\u0131k a\u015fk ya\u015f\u0131yor"},"content":{"rendered":"<p>K\u0131z\u0131lc\u0131k \u015eerbeti dizisinin K\u0131v\u0131lc\u0131m&#8217;\u0131 Evrim Alasya ile Kerem Al\u0131\u015f\u0131k aras\u0131nda a\u015fk ya\u015fand\u0131\u011f\u0131 iddia ediliyor. Televizyonlar\u0131n en \u00e7ok izlenen dizisi K\u0131z\u0131lc\u0131k \u015eerbeti&#8217;nin K\u0131v\u0131lc\u0131m&#8217;\u0131 ger\u00e7ek hayattaki a\u015fk\u0131n\u0131 buldu mu?<\/p>\n<p>K\u0131z\u0131lc\u0131k \u015eerbeti dizisinin K\u0131v\u0131lc\u0131m karakteri g&uuml;ndeme Kerem Al\u0131\u015f\u0131k ile ya\u015fad\u0131\u011f\u0131 a\u015fk iddias\u0131yla geldi. Evrim Alasya&#8217;n\u0131n ger&ccedil;ek hayattaki a\u015fk\u0131 &ccedil;ok merak edilirken Kerem Al\u0131\u015f\u0131k ile a\u015fk ya\u015fad\u0131\u011f\u0131 iddialar\u0131 do\u011fru mu hayranlar\u0131 bunu merak ediyor.&nbsp;<\/p>\n<h3>EVR\u0130M ALASYA KEREM ALI\u015eIK \u0130LE A\u015eK MI YA\u015eIYOR?<\/h3>\n<p>K\u0131z\u0131lc\u0131k \u015eerbeti dizisiyle b&uuml;y&uuml;k bir hayran kitlesine ula\u015fan Evrim Alasya b&uuml;y&uuml;k bir a\u015fk iddias\u0131yla g&uuml;ndemde. \u0130kilinin a\u015fk ya\u015fad\u0131\u011f\u0131 iddias\u0131na hayranlar\u0131 &ccedil;ok \u015fa\u015f\u0131rd\u0131.&nbsp;<\/p>\n<p><img decoding=\"async\" src=\"https:\/\/www.tgrthaber.com\/mavikadin\/wp-content\/images\/haberler\/24-10\/22\/ekran-goruntusu-2024-10-22-134814.png\" alt=\"\" title=\"\"><\/p>\n<p>A\u015fk Biter Mi? adl\u0131 tiyatroda sahneye &ccedil;\u0131kan ikilinin aras\u0131nda yeni bir ili\u015fki ba\u015flad\u0131\u011f\u0131 konu\u015fuluyor.&nbsp;<\/p>\n<p>Birsen Altunta\u015f&#8217;\u0131n haberine g&ouml;re tiyatro oyununda iki sevgiliyi canland\u0131ran ikili ger&ccedil;ekte de beraber.&nbsp;<\/p>\n<p>Rol arkada\u015fl\u0131\u011f\u0131 a\u015fka d&ouml;n&uuml;\u015fen ikilinin Londra tatilinden d&ouml;nerken havaliman\u0131nda el ele g&ouml;r&uuml;ld&uuml;\u011f&uuml; s&ouml;yleniyor.&nbsp;<\/p>\n<p><img decoding=\"async\" src=\"https:\/\/www.tgrthaber.com\/mavikadin\/wp-content\/images\/haberler\/24-10\/22\/ekran-goruntusu-2024-10-22-134838.png\" alt=\"\" title=\"\"><\/p>\n<h3>EVR\u0130M ALASYA K\u0130MD\u0130R?<\/h3>\n<p>Evrim Alasya as\u0131l ismiyle M&uuml;jde Evrim Alasya 9 Eyl&uuml;l &Uuml;niversitesi Tiyatro B&ouml;l&uuml;m&uuml; mezunu. 2 A\u011fustos 1979 do\u011fumlu olan Evrim Alasya bir&ccedil;ok dizi ve filmde yer alm\u0131\u015ft\u0131r. As\u0131l &ccedil;\u0131k\u0131\u015f\u0131n\u0131 ise Muhte\u015fem Y&uuml;zy\u0131l dizisiyle ya\u015fayan g&uuml;zel oyuncu son d&ouml;nemlerde K\u0131z\u0131lc\u0131k \u015eerbeti dizisiyle g&uuml;ndeme gelmi\u015fti. Dizideki K\u0131v\u0131lc\u0131m karakteri &ccedil;ok konu\u015fulan oyuncu tiyatroda rol arkada\u015f\u0131 olan Kerem Al\u0131\u015f\u0131k ile a\u015fk ya\u015f\u0131yor.&nbsp;<\/p>\n<p><img decoding=\"async\" src=\"https:\/\/www.tgrthaber.com\/mavikadin\/wp-content\/images\/haberler\/24-10\/22\/ekran-goruntusu-2024-10-22-134904.png\" alt=\"\" title=\"\"><\/p>\n<h3>KEREM ALI\u015eIK K\u0130MD\u0130R?<\/h3>\n<p>Kerem Al\u0131\u015f\u0131k as\u0131l ismiyle \u0130smail Kerem Al\u0131\u015f\u0131k&#8217;t\u0131r. Sadri Al\u0131\u015f\u0131k&#8217;\u0131n o\u011flu olan Kerem Al\u0131\u015f\u0131k 5 Haziran 1960 do\u011fumlu. 64 ya\u015f\u0131nda ve g&uuml;n&uuml;m&uuml;ze kadar bir&ccedil;ok tiyatro, dizi filmde rol ald\u0131.&nbsp;<\/p>\n<p>Ayn\u0131 tiyatro oyununda rol ald\u0131\u011f\u0131 arkada\u015f\u0131 Evrim Alasya ile a\u015fk ya\u015fad\u0131\u011f\u0131 iddia ediliyor. \u0130kili aras\u0131nda 19 ya\u015f fark var.&nbsp;<\/p><\/p>\n","protected":false},"excerpt":{"rendered":"<p>K\u0131z\u0131lc\u0131k \u015eerbeti dizisinin K\u0131v\u0131lc\u0131m&#8217;\u0131 Evrim Alasya ile Kerem Al\u0131\u015f\u0131k aras\u0131nda a\u015fk ya\u015fand\u0131\u011f\u0131 iddia ediliyor. Televizyonlar\u0131n en \u00e7ok izlenen dizisi K\u0131z\u0131lc\u0131k \u015eerbeti&#8217;nin K\u0131v\u0131lc\u0131m&#8217;\u0131 ger\u00e7ek hayattaki a\u015fk\u0131n\u0131 buldu mu? K\u0131z\u0131lc\u0131k \u015eerbeti dizisinin K\u0131v\u0131lc\u0131m karakteri g&uuml;ndeme Kerem Al\u0131\u015f\u0131k ile ya\u015fad\u0131\u011f\u0131 a\u015fk iddias\u0131yla geldi. Evrim Alasya&#8217;n\u0131n ger&ccedil;ek hayattaki a\u015fk\u0131 &ccedil;ok merak edilirken Kerem Al\u0131\u015f\u0131k ile a\u015fk ya\u015fad\u0131\u011f\u0131 iddialar\u0131 do\u011fru [&hellip;]<\/p>\n","protected":false},"author":24,"featured_media":90009,"comment_status":"closed","ping_status":"open","sticky":false,"template":"","format":"standard","meta":{"rank_math_lock_modified_date":false,"footnotes":""},"categories":[76],"tags":[40337,2492,2491,157],"class_list":["post-90010","post","type-post","status-publish","format-standard","has-post-thumbnail","hentry","category-magazin","tag-ask","tag-evrim-alasya","tag-kerem-alisik","tag-kizilcik-serbeti"],"_links":{"self":[{"href":"https:\/\/www.tgrthaber.com\/mavikadin\/wp-json\/wp\/v2\/posts\/90010"}],"collection":[{"href":"https:\/\/www.tgrthaber.com\/mavikadin\/wp-json\/wp\/v2\/posts"}],"about":[{"href":"https:\/\/www.tgrthaber.com\/mavikadin\/wp-json\/wp\/v2\/types\/post"}],"author":[{"embeddable":true,"href":"https:\/\/www.tgrthaber.com\/mavikadin\/wp-json\/wp\/v2\/users\/24"}],"replies":[{"embeddable":true,"href":"https:\/\/www.tgrthaber.com\/mavikadin\/wp-json\/wp\/v2\/comments?post=90010"}],"version-history":[{"count":1,"href":"https:\/\/www.tgrthaber.com\/mavikadin\/wp-json\/wp\/v2\/posts\/90010\/revisions"}],"predecessor-version":[{"id":90011,"href":"https:\/\/www.tgrthaber.com\/mavikadin\/wp-json\/wp\/v2\/posts\/90010\/revisions\/90011"}],"wp:featuredmedia":[{"embeddable":true,"href":"https:\/\/www.tgrthaber.com\/mavikadin\/wp-json\/wp\/v2\/media\/90009"}],"wp:attachment":[{"href":"https:\/\/www.tgrthaber.com\/mavikadin\/wp-json\/wp\/v2\/media?parent=90010"}],"wp:term":[{"taxonomy":"category","embeddable":true,"href":"https:\/\/www.tgrthaber.com\/mavikadin\/wp-json\/wp\/v2\/categories?post=90010"},{"taxonomy":"post_tag","embeddable":true,"href":"https:\/\/www.tgrthaber.com\/mavikadin\/wp-json\/wp\/v2\/tags?post=90010"}],"curies":[{"name":"wp","href":"https:\/\/api.w.org\/{rel}","templated":true}]}}