{"id":90013,"date":"2024-10-22T14:05:06","date_gmt":"2024-10-22T11:05:06","guid":{"rendered":"https:\/\/www.tgrthaber.com\/mavikadin\/?p=90013"},"modified":"2024-11-15T15:06:48","modified_gmt":"2024-11-15T12:06:48","slug":"banu-alkan-17-yas-kucuk-esinden-bosanma-karari-aldi","status":"publish","type":"post","link":"https:\/\/www.tgrthaber.com\/mavikadin\/banu-alkan-17-yas-kucuk-esinden-bosanma-karari-aldi\/","title":{"rendered":"Banu Alkan 17 ya\u015f k\u00fc\u00e7\u00fck e\u015finden bo\u015fanma karar\u0131 ald\u0131!"},"content":{"rendered":"<p>Banu Alkan, ge\u00e7en aylarda evliliklerini duyurmu\u015f ve d\u00fc\u011f\u00fcnlerini ileri bir tarihe erteleyeceklerini s\u00f6ylemi\u015fti. Ancak \u015fimdi beklenmedik bir geli\u015fme ya\u015fand\u0131 ve \u00e7iftin ayr\u0131laca\u011f\u0131 iddia ediliyor. Banu Alkan ile Kemal Y\u0131ld\u0131z aras\u0131ndaki bo\u015fanma haberleriyle ilgili detaylar\u2026<\/p>\n<p>Ye\u015fil&ccedil;am&#8217;\u0131n unutulmaz y\u0131ld\u0131z\u0131 Banu Alkan, son d&ouml;nemde ad\u0131ndan s\u0131k&ccedil;a s&ouml;z ettiriyor. Son olarak D&uuml;nya G&uuml;zellerim Tatilde program\u0131nda kamera kar\u015f\u0131s\u0131na ge&ccedil;en ve&nbsp; gen&ccedil; sevgilisi Kemal Y\u0131ld\u0131z ile evlilik karar\u0131 alan Banu Alkan, hayranlar\u0131n\u0131 \u015fa\u015f\u0131rtmay\u0131 ba\u015fard\u0131. Ancak ne yaz\u0131k ki, mutlulu\u011fu beklenmedik bir \u015fekilde yar\u0131m kald\u0131.<\/p>\n<h3>D&Uuml;\u011e&Uuml;N YAPACAKLARDI<\/h3>\n<p>Afrodit&#8217;in romantik s&uuml;rpriziyle gelen haberler, hayranlar\u0131n\u0131 heyecanland\u0131rm\u0131\u015ft\u0131. Banu Alkan, sevgilisiyle evlendiklerini duyurarak herkesi \u015fa\u015f\u0131rtm\u0131\u015ft\u0131. Alkan, verdi\u011fi r&ouml;portajda d&uuml;\u011f&uuml;n planlar\u0131 hakk\u0131nda da ipu&ccedil;lar\u0131 vererek, Paris&#8217;e gitmek istediklerini belirtti.<\/p>\n<p><img decoding=\"async\" src=\"https:\/\/www.tgrthaber.com\/mavikadin\/wp-content\/images\/haberler\/24-10\/22\/yeni-proje-7.jpg\" alt=\"\" title=\"\"><\/p>\n<h3>AFROD\u0130T BO\u015eANMA KARARI ALDI<\/h3>\n<p>&Uuml;nl&uuml; oyuncu Banu Alkan&#8217;\u0131n e\u015fiyle az g&ouml;r&uuml;nt&uuml; vermesi ve bo\u015fanma karar\u0131 almas\u0131 magazin d&uuml;nyas\u0131nda b&uuml;y&uuml;k yank\u0131 uyand\u0131rd\u0131. Akif Yaman&#8217;\u0131n haberine g&ouml;re, 17 ya\u015f gen&ccedil; olan e\u015fiyle neden ayr\u0131lma karar\u0131 ald\u0131\u011f\u0131 hen&uuml;z netlik kazanmam\u0131\u015f olsa da, Alkan&#8217;\u0131n bu ad\u0131m\u0131 atmas\u0131 pek &ccedil;ok ki\u015fiyi \u015fa\u015f\u0131rtt\u0131.<\/p><\/p>\n","protected":false},"excerpt":{"rendered":"<p>Banu Alkan, ge\u00e7en aylarda evliliklerini duyurmu\u015f ve d\u00fc\u011f\u00fcnlerini ileri bir tarihe erteleyeceklerini s\u00f6ylemi\u015fti. Ancak \u015fimdi beklenmedik bir geli\u015fme ya\u015fand\u0131 ve \u00e7iftin ayr\u0131laca\u011f\u0131 iddia ediliyor. Banu Alkan ile Kemal Y\u0131ld\u0131z aras\u0131ndaki bo\u015fanma haberleriyle ilgili detaylar\u2026 Ye\u015fil&ccedil;am&#8217;\u0131n unutulmaz y\u0131ld\u0131z\u0131 Banu Alkan, son d&ouml;nemde ad\u0131ndan s\u0131k&ccedil;a s&ouml;z ettiriyor. Son olarak D&uuml;nya G&uuml;zellerim Tatilde program\u0131nda kamera kar\u015f\u0131s\u0131na ge&ccedil;en ve&nbsp; [&hellip;]<\/p>\n","protected":false},"author":10,"featured_media":90012,"comment_status":"closed","ping_status":"open","sticky":false,"template":"","format":"standard","meta":{"rank_math_lock_modified_date":false,"footnotes":""},"categories":[76],"tags":[1315,3698,154,48627],"class_list":["post-90013","post","type-post","status-publish","format-standard","has-post-thumbnail","hentry","category-magazin","tag-ayrilik","tag-banu-alkan","tag-bosanma","tag-kemal-yildiz"],"_links":{"self":[{"href":"https:\/\/www.tgrthaber.com\/mavikadin\/wp-json\/wp\/v2\/posts\/90013"}],"collection":[{"href":"https:\/\/www.tgrthaber.com\/mavikadin\/wp-json\/wp\/v2\/posts"}],"about":[{"href":"https:\/\/www.tgrthaber.com\/mavikadin\/wp-json\/wp\/v2\/types\/post"}],"author":[{"embeddable":true,"href":"https:\/\/www.tgrthaber.com\/mavikadin\/wp-json\/wp\/v2\/users\/10"}],"replies":[{"embeddable":true,"href":"https:\/\/www.tgrthaber.com\/mavikadin\/wp-json\/wp\/v2\/comments?post=90013"}],"version-history":[{"count":1,"href":"https:\/\/www.tgrthaber.com\/mavikadin\/wp-json\/wp\/v2\/posts\/90013\/revisions"}],"predecessor-version":[{"id":90014,"href":"https:\/\/www.tgrthaber.com\/mavikadin\/wp-json\/wp\/v2\/posts\/90013\/revisions\/90014"}],"wp:featuredmedia":[{"embeddable":true,"href":"https:\/\/www.tgrthaber.com\/mavikadin\/wp-json\/wp\/v2\/media\/90012"}],"wp:attachment":[{"href":"https:\/\/www.tgrthaber.com\/mavikadin\/wp-json\/wp\/v2\/media?parent=90013"}],"wp:term":[{"taxonomy":"category","embeddable":true,"href":"https:\/\/www.tgrthaber.com\/mavikadin\/wp-json\/wp\/v2\/categories?post=90013"},{"taxonomy":"post_tag","embeddable":true,"href":"https:\/\/www.tgrthaber.com\/mavikadin\/wp-json\/wp\/v2\/tags?post=90013"}],"curies":[{"name":"wp","href":"https:\/\/api.w.org\/{rel}","templated":true}]}}