{"id":90034,"date":"2024-10-22T16:36:00","date_gmt":"2024-10-22T13:36:00","guid":{"rendered":"https:\/\/www.tgrthaber.com\/mavikadin\/?p=90034"},"modified":"2024-11-15T15:07:26","modified_gmt":"2024-11-15T12:07:26","slug":"berguzar-korel-ve-mehmet-gunsur-cannesdan-yeni-pozlar-paylasti","status":"publish","type":"post","link":"https:\/\/www.tgrthaber.com\/mavikadin\/berguzar-korel-ve-mehmet-gunsur-cannesdan-yeni-pozlar-paylasti\/","title":{"rendered":"Berg\u00fczar Korel ve Mehmet G\u00fcns\u00fcr Cannes&#8217;dan yeni pozlar payla\u015ft\u0131"},"content":{"rendered":"<p>Berg\u00fczar Korel ve Mehmet G\u00fcns\u00fcr bug\u00fcn 40.s\u0131 d\u00fczenlenen Cannes&#8217;daki dev fuar Mipcom&#8217;dan yeni kareler payla\u015ft\u0131. Sevilen isimlere sosyal medyada ilgi olduk\u00e7a b\u00fcy\u00fck oldu.<\/p>\n<p>Cannes&#8217;daki dev fuar Mipcom&#8217;a Kanal D International BKM&#8217;nin yap\u0131mc\u0131l\u0131\u011f\u0131n\u0131 &uuml;stlendi\u011fi &#8216;\u0130nci Taneleri&#8217; ve &#8216;Annem Ankara&#8217; dizilerinin oyuncular\u0131yla &ccedil;\u0131karma yapmaya haz\u0131rlan\u0131yor.&nbsp;<\/p>\n<p>Cannes&#8217;daki dev fuar Mipcom&#8217;dan yeni kareler payla\u015fan Berg&uuml;zar Korel ve Mehmet G&uuml;ns&uuml;r sosyal medyada be\u011feni ya\u011fmuruna tutuldu.<\/p>\n<h3>BERG&Uuml;ZAR KOREL VE MEHMET G&Uuml;NS&Uuml;R &nbsp;CANNES&#8217;DA<\/h3>\n<p>Televizyon d&uuml;nyas\u0131n\u0131n i&ccedil;erik &uuml;reticilerinin bir araya geldi\u011fi fuar\u0131n 40.&#8217;s\u0131 bug&uuml;n yap\u0131l\u0131yor. Berg&uuml;zar Korel ve Mehmet G&uuml;ns&uuml;r &#8216;Annem Ankara&#8217; i&ccedil;in bir araya geliyor. &nbsp;<\/p>\n<p><img decoding=\"async\" src=\"https:\/\/www.tgrthaber.com\/mavikadin\/wp-content\/images\/haberler\/24-10\/22\/haber-iciii-bergu.jpg\" alt=\"\" title=\"\"><\/p>\n<h3>KANAL D &nbsp;D\u0130Z\u0130LER\u0130YLE B&Uuml;Y&Uuml;K &Ccedil;IKI\u015e YAPACAK&nbsp;<\/h3>\n<p>Mipcom&#8217;a Kanal D International BKM imzal\u0131 \u0130nci Taneleri ve Annem Ankara dizileriyle Meet Our Stars (Y\u0131ld\u0131zlarla Bulu\u015fmalar) etkinli\u011fi ile b&uuml;y&uuml;k bir &ccedil;\u0131k\u0131\u015f yapacak.<\/p>\n<p>\u0130nci Taneleri&#8217;nin oyuncular\u0131ndan Y\u0131lmaz Erdo\u011fan, Hazar Erg&uuml;&ccedil;l&uuml;, Kubilay Aka ve Selma Erge&ccedil;&rsquo;in yan\u0131 s\u0131ra Annem Ankara&rsquo;n\u0131n oyuncular\u0131 Berg&uuml;zar Korel ve Mehmet G&uuml;ns&uuml;r de &#8220;Y\u0131ld\u0131zlarla Bulu\u015fmalar&#8221; etkinli\u011finde &nbsp;&ouml;nde gelen medya ve televizyon y&ouml;neticileriyle bulu\u015facak.&nbsp;<\/p>\n<p><img decoding=\"async\" src=\"https:\/\/www.tgrthaber.com\/mavikadin\/wp-content\/images\/haberler\/24-10\/22\/haber-iciii-bergu-3.jpg\" alt=\"\" title=\"\"><\/p>\n<h3>ANNEM ANKARA D&Uuml;NYA PR&Ouml;M\u0130YER\u0130N\u0130 YAPACAK<\/h3>\n<p>Kanal D&#8217;nin merakla beklenen dizisi Annem Ankara &nbsp;MIPCOM 2024&rsquo;te d&uuml;nya pr&ouml;miyerini yapacak. K&ouml;t&uuml; an\u0131lara ve ac\u0131lara ra\u011fmen hayata tutunup meydan okuyan g&uuml;&ccedil;l&uuml; bir kad\u0131n\u0131n hikayesinin anlat\u0131ld\u0131\u011f\u0131 Annem Ankara g&uuml;&ccedil;l&uuml; bir kad\u0131n\u0131n hikayesini ele al\u0131yor.<\/p>\n<p>Annem Ankara etkileyici konusu ile d&uuml;nya izleyicileriyle bulu\u015fmak i&ccedil;in sahneye &ccedil;\u0131kacak. Di\u011fer yandan Kanal D International, MIPCOM&rsquo;da \u0130nci Taneleri, Annem Ankara ve Yalan gibi ad\u0131ndan s&ouml;z ettiren yap\u0131mlar\u0131n\u0131 uluslararas\u0131 medya gruplar\u0131na sunacak.&nbsp;<\/p>\n<\/p>\n<p>&nbsp;&nbsp;<\/p>\n","protected":false},"excerpt":{"rendered":"<p>Berg\u00fczar Korel ve Mehmet G\u00fcns\u00fcr bug\u00fcn 40.s\u0131 d\u00fczenlenen Cannes&#8217;daki dev fuar Mipcom&#8217;dan yeni kareler payla\u015ft\u0131. Sevilen isimlere sosyal medyada ilgi olduk\u00e7a b\u00fcy\u00fck oldu. Cannes&#8217;daki dev fuar Mipcom&#8217;a Kanal D International BKM&#8217;nin yap\u0131mc\u0131l\u0131\u011f\u0131n\u0131 &uuml;stlendi\u011fi &#8216;\u0130nci Taneleri&#8217; ve &#8216;Annem Ankara&#8217; dizilerinin oyuncular\u0131yla &ccedil;\u0131karma yapmaya haz\u0131rlan\u0131yor.&nbsp; Cannes&#8217;daki dev fuar Mipcom&#8217;dan yeni kareler payla\u015fan Berg&uuml;zar Korel ve Mehmet G&uuml;ns&uuml;r [&hellip;]<\/p>\n","protected":false},"author":5,"featured_media":90033,"comment_status":"closed","ping_status":"open","sticky":false,"template":"","format":"standard","meta":{"rank_math_lock_modified_date":false,"footnotes":""},"categories":[76],"tags":[2459,2461,21497,2460,46239],"class_list":["post-90034","post","type-post","status-publish","format-standard","has-post-thumbnail","hentry","category-magazin","tag-annem-ankara","tag-berguzar-korel","tag-cannes","tag-mehmet-gunsur","tag-mipcom"],"_links":{"self":[{"href":"https:\/\/www.tgrthaber.com\/mavikadin\/wp-json\/wp\/v2\/posts\/90034"}],"collection":[{"href":"https:\/\/www.tgrthaber.com\/mavikadin\/wp-json\/wp\/v2\/posts"}],"about":[{"href":"https:\/\/www.tgrthaber.com\/mavikadin\/wp-json\/wp\/v2\/types\/post"}],"author":[{"embeddable":true,"href":"https:\/\/www.tgrthaber.com\/mavikadin\/wp-json\/wp\/v2\/users\/5"}],"replies":[{"embeddable":true,"href":"https:\/\/www.tgrthaber.com\/mavikadin\/wp-json\/wp\/v2\/comments?post=90034"}],"version-history":[{"count":1,"href":"https:\/\/www.tgrthaber.com\/mavikadin\/wp-json\/wp\/v2\/posts\/90034\/revisions"}],"predecessor-version":[{"id":90035,"href":"https:\/\/www.tgrthaber.com\/mavikadin\/wp-json\/wp\/v2\/posts\/90034\/revisions\/90035"}],"wp:featuredmedia":[{"embeddable":true,"href":"https:\/\/www.tgrthaber.com\/mavikadin\/wp-json\/wp\/v2\/media\/90033"}],"wp:attachment":[{"href":"https:\/\/www.tgrthaber.com\/mavikadin\/wp-json\/wp\/v2\/media?parent=90034"}],"wp:term":[{"taxonomy":"category","embeddable":true,"href":"https:\/\/www.tgrthaber.com\/mavikadin\/wp-json\/wp\/v2\/categories?post=90034"},{"taxonomy":"post_tag","embeddable":true,"href":"https:\/\/www.tgrthaber.com\/mavikadin\/wp-json\/wp\/v2\/tags?post=90034"}],"curies":[{"name":"wp","href":"https:\/\/api.w.org\/{rel}","templated":true}]}}