{"id":90789,"date":"2024-10-28T10:34:00","date_gmt":"2024-10-28T07:34:00","guid":{"rendered":"https:\/\/www.tgrthaber.com\/mavikadin\/?p=90789"},"modified":"2024-11-15T15:31:12","modified_gmt":"2024-11-15T12:31:12","slug":"unlu-markanin-61-bin-liralik-ayakkabisi-gundeme-oturdu-cami-onune-koysan-calmazlar","status":"publish","type":"post","link":"https:\/\/www.tgrthaber.com\/mavikadin\/unlu-markanin-61-bin-liralik-ayakkabisi-gundeme-oturdu-cami-onune-koysan-calmazlar\/","title":{"rendered":"\u00dcnl\u00fc markan\u0131n 61 bin liral\u0131k ayakkab\u0131s\u0131 g\u00fcndeme oturdu! &#8220;Cami \u00f6n\u00fcne koysan \u00e7almazlar&#8221;"},"content":{"rendered":"<p>Bir markan\u0131n internet sat\u0131\u015f sitesinde 61 bin liraya yer alan ayakkab\u0131s\u0131 sosyal medyada g\u00fcndem oldu. Sosyal medya kullan\u0131c\u0131lar\u0131 farkl\u0131 tasar\u0131mdaki bu ayakkab\u0131ya akla gelmeyecek yorumlarda bulundu. Bir kullan\u0131c\u0131 &#8220;Cami \u00f6n\u00fcne koysan \u00e7almazlar&#8221;  derken bir di\u011feri ise &#8216;Bu foto\u011fraf\u0131 \u00e7ekenler biz ne yap\u0131yoruz dedi mi?&#8217; \u015feklinde yorumda bulundu.<\/p>\n<p>&Uuml;nl&uuml; bir markan\u0131n internet sitesinde s\u0131ra d\u0131\u015f\u0131 tasar\u0131m\u0131yla herkesin dikkatini &ccedil;eken bir ayakkab\u0131 g&ouml;r&uuml;ld&uuml;. Herkes tasar\u0131m\u0131 bir \u015feye benzetmeye &ccedil;al\u0131\u015f\u0131rken neden eski p&uuml;sk&uuml; tasar\u0131mda bir ayakkab\u0131n\u0131n sitede yer ald\u0131\u011f\u0131n\u0131 anlayamad\u0131.&nbsp;<\/p>\n<h3>61 B\u0130N TL&#8217;YE SATILIYOR<\/h3>\n<p>Sanal al\u0131\u015fveri\u015f art\u0131k g&uuml;n&uuml;m&uuml;z&uuml;n vazge&ccedil;ilmezi. B&uuml;y&uuml;k k&uuml;&ccedil;&uuml;k b&uuml;t&uuml;n markalar\u0131n internet sitelerinde tasar\u0131mlar\u0131 ve &uuml;r&uuml;nleri sergileniyor. Kullan\u0131c\u0131lar\u0131n ilgisini &ccedil;eken &uuml;r&uuml;nler sanal al\u0131\u015fveri\u015fle sat\u0131\u015fa sunuluyor.&nbsp;<\/p>\n<p><img decoding=\"async\" src=\"https:\/\/www.tgrthaber.com\/mavikadin\/wp-content\/images\/haberler\/24-10\/28\/ekran-goruntusu-2024-10-28-101539.png\" alt=\"\" title=\"\"><\/p>\n<p>B&uuml;y&uuml;k ve &uuml;nl&uuml; bir markan\u0131n internet sitesindeki bir ayakkab\u0131da &ccedil;ok dikkat &ccedil;ekti. Herkesin tasar\u0131m\u0131 &ccedil;&ouml;zmeye &ccedil;al\u0131\u015ft\u0131\u011f\u0131 ayakkab\u0131 6 bin liraya sat\u0131\u015fa konuldu ancak ayakkab\u0131 eski p&uuml;sk&uuml; g&ouml;r g&ouml;r&uuml;n&uuml;m sahip olmas\u0131 sebebiyle sosyal medyada &ccedil;ok konu\u015fuluyor.<\/p>\n<p><img decoding=\"async\" src=\"https:\/\/www.tgrthaber.com\/mavikadin\/wp-content\/images\/haberler\/24-10\/28\/ekran-goruntusu-2024-10-28-101548.png\" alt=\"\" title=\"\"><\/p>\n<p>Herkesin neden bu b&uuml;y&uuml;k markan\u0131n internet sitesine b&ouml;yle eski p&uuml;sk&uuml; tasar\u0131ma sahip bir ayakkab\u0131 koydu\u011funu kimse anlayamad\u0131.&nbsp;<\/p>\n<p><img decoding=\"async\" src=\"https:\/\/www.tgrthaber.com\/mavikadin\/wp-content\/images\/haberler\/24-10\/28\/ekran-goruntusu-2024-10-28-101556.png\" alt=\"\" title=\"\"><\/p>\n<p>Ayakkab\u0131 t&uuml;m sosyal medya platformlar\u0131nda adeta dalga konusu oldu. Bir kullan\u0131c\u0131 &#8220;Cami &ouml;n&uuml;ne koysan &ccedil;almazlar&#8221;&nbsp; &nbsp;derken di\u011feri ise &#8216;Bu foto\u011fraf\u0131 &ccedil;ekenler biz ne yap\u0131yoruz dedi mi?&#8217;&nbsp; sorusunu sordu.<\/p>\n<p><img decoding=\"async\" src=\"https:\/\/www.tgrthaber.com\/mavikadin\/wp-content\/images\/haberler\/24-10\/28\/ekran-goruntusu-2024-10-28-101603.png\" alt=\"\" title=\"\"><\/p>\n<p>Herkesin ayakkab\u0131n\u0131n tasar\u0131m\u0131n\u0131 anlamaya &ccedil;al\u0131\u015farak mizah yapmas\u0131 ise g&uuml;ld&uuml;rd&uuml;.&nbsp;<\/p><\/p>\n","protected":false},"excerpt":{"rendered":"<p>Bir markan\u0131n internet sat\u0131\u015f sitesinde 61 bin liraya yer alan ayakkab\u0131s\u0131 sosyal medyada g\u00fcndem oldu. Sosyal medya kullan\u0131c\u0131lar\u0131 farkl\u0131 tasar\u0131mdaki bu ayakkab\u0131ya akla gelmeyecek yorumlarda bulundu. Bir kullan\u0131c\u0131 &#8220;Cami \u00f6n\u00fcne koysan \u00e7almazlar&#8221; derken bir di\u011feri ise &#8216;Bu foto\u011fraf\u0131 \u00e7ekenler biz ne yap\u0131yoruz dedi mi?&#8217; \u015feklinde yorumda bulundu. &Uuml;nl&uuml; bir markan\u0131n internet sitesinde s\u0131ra d\u0131\u015f\u0131 tasar\u0131m\u0131yla [&hellip;]<\/p>\n","protected":false},"author":24,"featured_media":90788,"comment_status":"closed","ping_status":"open","sticky":false,"template":"","format":"standard","meta":{"rank_math_lock_modified_date":false,"footnotes":""},"categories":[78],"tags":[4184,40304,3169,227],"class_list":["post-90789","post","type-post","status-publish","format-standard","has-post-thumbnail","hentry","category-yasam","tag-ayakkabi","tag-marka","tag-sosyal-medya","tag-trend"],"_links":{"self":[{"href":"https:\/\/www.tgrthaber.com\/mavikadin\/wp-json\/wp\/v2\/posts\/90789"}],"collection":[{"href":"https:\/\/www.tgrthaber.com\/mavikadin\/wp-json\/wp\/v2\/posts"}],"about":[{"href":"https:\/\/www.tgrthaber.com\/mavikadin\/wp-json\/wp\/v2\/types\/post"}],"author":[{"embeddable":true,"href":"https:\/\/www.tgrthaber.com\/mavikadin\/wp-json\/wp\/v2\/users\/24"}],"replies":[{"embeddable":true,"href":"https:\/\/www.tgrthaber.com\/mavikadin\/wp-json\/wp\/v2\/comments?post=90789"}],"version-history":[{"count":1,"href":"https:\/\/www.tgrthaber.com\/mavikadin\/wp-json\/wp\/v2\/posts\/90789\/revisions"}],"predecessor-version":[{"id":90790,"href":"https:\/\/www.tgrthaber.com\/mavikadin\/wp-json\/wp\/v2\/posts\/90789\/revisions\/90790"}],"wp:featuredmedia":[{"embeddable":true,"href":"https:\/\/www.tgrthaber.com\/mavikadin\/wp-json\/wp\/v2\/media\/90788"}],"wp:attachment":[{"href":"https:\/\/www.tgrthaber.com\/mavikadin\/wp-json\/wp\/v2\/media?parent=90789"}],"wp:term":[{"taxonomy":"category","embeddable":true,"href":"https:\/\/www.tgrthaber.com\/mavikadin\/wp-json\/wp\/v2\/categories?post=90789"},{"taxonomy":"post_tag","embeddable":true,"href":"https:\/\/www.tgrthaber.com\/mavikadin\/wp-json\/wp\/v2\/tags?post=90789"}],"curies":[{"name":"wp","href":"https:\/\/api.w.org\/{rel}","templated":true}]}}