{"id":90798,"date":"2024-10-28T11:43:00","date_gmt":"2024-10-28T08:43:00","guid":{"rendered":"https:\/\/www.tgrthaber.com\/mavikadin\/?p=90798"},"modified":"2024-11-15T15:31:30","modified_gmt":"2024-11-15T12:31:30","slug":"ankara-buyuk-sehir-belediyesi-29-ekimde-ebru-gundes-ve-mert-demir-konserleri-verecek","status":"publish","type":"post","link":"https:\/\/www.tgrthaber.com\/mavikadin\/ankara-buyuk-sehir-belediyesi-29-ekimde-ebru-gundes-ve-mert-demir-konserleri-verecek\/","title":{"rendered":"Ankara B\u00fcy\u00fck \u015eehir Belediyesi 29 Ekim&#8217;de Ebru G\u00fcnde\u015f ve Mert Demir konserleri verecek&#8230;"},"content":{"rendered":"<p>TUSA\u015e&#8217;a yap\u0131lan hain ter\u00f6r sald\u0131r\u0131s\u0131 sonras\u0131 Ankara B\u00fcy\u00fck \u015eehir Belediyesi Cumhuriyet Bayram\u0131 etkinliklerini iptal etti\u011fini a\u00e7\u0131klam\u0131\u015ft\u0131. Y\u00f6netim yeni bir duyuru ile konserlerin yap\u0131laca\u011f\u0131n\u0131 ve kutlamalar\u0131n yap\u0131laca\u011f\u0131 saati payla\u015ft\u0131&#8230;<\/p>\n<p>Ankara B&uuml;y&uuml;k \u015eehir Belediyesi Ankara&#8217;da bulunan TUSA\u015e&#8217;A y&ouml;nelik hain ter&ouml;r sald\u0131r\u0131s\u0131 sonras\u0131 \u015fehitlerimiz oldu\u011fu i&ccedil;in Cumhuriyet Bayram\u0131 konserlerini iptal etti\u011fini duyurmu\u015ftu. Ancak y&ouml;netim yeni bir duyuru ile Ebru G&uuml;nde\u015f ve Mert Demir konserlerini yapaca\u011f\u0131n\u0131 belirtti.&nbsp;<\/p>\n<h3>29 EK\u0130M CUMHUR\u0130YET BAYRAMI ANKARA&#8217;DA KONSERLERLE KUTLANACAK<\/h3>\n<p>29 Ekim Cumhuriyet Bayram\u0131 kutlamalar\u0131 kapsam\u0131nda Ebru G&uuml;nde\u015f ve Mert Demir konser verecek. Ankara&#8217;daki hain ter&ouml;r sald\u0131r\u0131s\u0131 sebebiyle Ankara B&uuml;y&uuml;k \u015eehir Belediyesi konserleri iptal etti\u011fini duyurmu\u015ftu ancak yeni bir karar ile konserlerin yap\u0131laca\u011f\u0131n\u0131 ve de\u011fi\u015fiklik olmad\u0131\u011f\u0131n\u0131 belirtti.&nbsp;<\/p>\n<p><img decoding=\"async\" src=\"https:\/\/www.tgrthaber.com\/mavikadin\/wp-content\/images\/haberler\/24-10\/28\/ekran-goruntusu-2024-10-28-120934.png\" alt=\"\" title=\"\"><\/p>\n<p>BU plan do\u011frultusunda Mert Demir 28 Ekim, Ebru G&uuml;nde\u015f ise 29 Ekim g&uuml;n&uuml; konser verecek. Atat&uuml;rk Orman &Ccedil;iftli\u011fi&#8217;nde yap\u0131lacak olan konserlerle Cumhuriyet&#8217;in 101. y\u0131l\u0131 kutlanacak.&nbsp;<\/p>\n<p><img decoding=\"async\" src=\"https:\/\/www.tgrthaber.com\/mavikadin\/wp-content\/images\/haberler\/24-10\/28\/ekran-goruntusu-2024-10-28-113831.png\" alt=\"\" title=\"\"><\/p>\n<p>K&uuml;lt&uuml;r ve Sosyal \u0130\u015fler Daire Ba\u015fkanl\u0131\u011f\u0131 taraf\u0131ndan organize edilen etkinliklerde, kentin ana arterleri T&uuml;rk bayraklar\u0131 ve Mustafa Kemal Atat&uuml;rk&rsquo;&uuml;n posterleriyle donat\u0131ld\u0131. Kutlamalar, konserlerden film g&ouml;sterimlerine, s&ouml;yle\u015filerden orkestra performanslara kadar bir hafta boyunca &ccedil;e\u015fitli etkinliklerle devam edecek ve 29 Ekim&rsquo;de Ebru G&uuml;nde\u015f konseriyle ta&ccedil;land\u0131r\u0131lacak.<\/p>\n<p><img decoding=\"async\" src=\"https:\/\/www.tgrthaber.com\/mavikadin\/wp-content\/images\/haberler\/24-10\/28\/ekran-goruntusu-2024-10-28-113917.png\" alt=\"\" title=\"\"><\/p>\n<p>&nbsp;Her iki konser de Atat&uuml;rk Orman &Ccedil;iftli\u011fi&rsquo;nde saat 19.30&rsquo;da ba\u015flayacak. Bayram co\u015fkusunu hep birlikte ya\u015famak isteyenler i&ccedil;in Zafer &Ccedil;ar\u015f\u0131s\u0131 ile Atat&uuml;rk Orman &Ccedil;iftli\u011fi aras\u0131nda, saat 15.00&rsquo;ten gece yar\u0131s\u0131na kadar &uuml;cretsiz ring seferleri d&uuml;zenlenecek.<\/p>\n","protected":false},"excerpt":{"rendered":"<p>TUSA\u015e&#8217;a yap\u0131lan hain ter\u00f6r sald\u0131r\u0131s\u0131 sonras\u0131 Ankara B\u00fcy\u00fck \u015eehir Belediyesi Cumhuriyet Bayram\u0131 etkinliklerini iptal etti\u011fini a\u00e7\u0131klam\u0131\u015ft\u0131. Y\u00f6netim yeni bir duyuru ile konserlerin yap\u0131laca\u011f\u0131n\u0131 ve kutlamalar\u0131n yap\u0131laca\u011f\u0131 saati payla\u015ft\u0131&#8230; Ankara B&uuml;y&uuml;k \u015eehir Belediyesi Ankara&#8217;da bulunan TUSA\u015e&#8217;A y&ouml;nelik hain ter&ouml;r sald\u0131r\u0131s\u0131 sonras\u0131 \u015fehitlerimiz oldu\u011fu i&ccedil;in Cumhuriyet Bayram\u0131 konserlerini iptal etti\u011fini duyurmu\u015ftu. Ancak y&ouml;netim yeni bir duyuru ile [&hellip;]<\/p>\n","protected":false},"author":24,"featured_media":90797,"comment_status":"closed","ping_status":"open","sticky":false,"template":"","format":"standard","meta":{"rank_math_lock_modified_date":false,"footnotes":""},"categories":[78],"tags":[58638,51999,58639,3084,3278],"class_list":["post-90798","post","type-post","status-publish","format-standard","has-post-thumbnail","hentry","category-yasam","tag-29-ekim","tag-ankara-konser","tag-cumhuriyet-bayrami","tag-ebru-gundes","tag-mert-demir"],"_links":{"self":[{"href":"https:\/\/www.tgrthaber.com\/mavikadin\/wp-json\/wp\/v2\/posts\/90798"}],"collection":[{"href":"https:\/\/www.tgrthaber.com\/mavikadin\/wp-json\/wp\/v2\/posts"}],"about":[{"href":"https:\/\/www.tgrthaber.com\/mavikadin\/wp-json\/wp\/v2\/types\/post"}],"author":[{"embeddable":true,"href":"https:\/\/www.tgrthaber.com\/mavikadin\/wp-json\/wp\/v2\/users\/24"}],"replies":[{"embeddable":true,"href":"https:\/\/www.tgrthaber.com\/mavikadin\/wp-json\/wp\/v2\/comments?post=90798"}],"version-history":[{"count":1,"href":"https:\/\/www.tgrthaber.com\/mavikadin\/wp-json\/wp\/v2\/posts\/90798\/revisions"}],"predecessor-version":[{"id":90799,"href":"https:\/\/www.tgrthaber.com\/mavikadin\/wp-json\/wp\/v2\/posts\/90798\/revisions\/90799"}],"wp:featuredmedia":[{"embeddable":true,"href":"https:\/\/www.tgrthaber.com\/mavikadin\/wp-json\/wp\/v2\/media\/90797"}],"wp:attachment":[{"href":"https:\/\/www.tgrthaber.com\/mavikadin\/wp-json\/wp\/v2\/media?parent=90798"}],"wp:term":[{"taxonomy":"category","embeddable":true,"href":"https:\/\/www.tgrthaber.com\/mavikadin\/wp-json\/wp\/v2\/categories?post=90798"},{"taxonomy":"post_tag","embeddable":true,"href":"https:\/\/www.tgrthaber.com\/mavikadin\/wp-json\/wp\/v2\/tags?post=90798"}],"curies":[{"name":"wp","href":"https:\/\/api.w.org\/{rel}","templated":true}]}}