{"id":90834,"date":"2024-10-28T21:49:57","date_gmt":"2024-10-28T18:49:57","guid":{"rendered":"https:\/\/www.tgrthaber.com\/mavikadin\/?p=90834"},"modified":"2024-11-15T15:32:49","modified_gmt":"2024-11-15T12:32:49","slug":"kismetse-olurun-unlu-ismi-ayca-ekin-begen-evlendi-kocasini-sir-gibi-sakladi","status":"publish","type":"post","link":"https:\/\/www.tgrthaber.com\/mavikadin\/kismetse-olurun-unlu-ismi-ayca-ekin-begen-evlendi-kocasini-sir-gibi-sakladi\/","title":{"rendered":"K\u0131smetse Olur&#8217;un \u00fcnl\u00fc ismi Ay\u00e7a Ekin Be\u011fen evlendi! Kocas\u0131n\u0131 s\u0131r gibi saklad\u0131"},"content":{"rendered":"<p>2016 y\u0131l\u0131nda yay\u0131mlanan &#8216;K\u0131smetse Olur&#8217; program\u0131n\u0131n dikkat \u00e7eken isimlerinden biri de Ay\u00e7a Ekin Be\u011fen\u2019di. S\u0131k s\u0131k de\u011fi\u015fimiyle g\u00fcndeme gelen isim, d\u00fcnyaevine girdi. Be\u011fen, d\u00fc\u011f\u00fcn g\u00fcn\u00fcne ait foto\u011fraflar\u0131n\u0131 sosyal medya hesab\u0131nda payla\u015ft\u0131.<\/p>\n<p>Kanal D&#8217;nin bir d&ouml;nem yo\u011fun ilgi g&ouml;ren evlilik program\u0131 &#8216;K\u0131smetse Olur&#8217;da tan\u0131nan Ay&ccedil;a Ekin Be\u011fen, s\u0131k s\u0131k yapt\u0131rd\u0131\u011f\u0131 estetik m&uuml;dahalelerle g&uuml;ndemde yer al\u0131yordu. Sosyal medya hesaplar\u0131n\u0131 aktif olarak kullanan eski gelin aday\u0131, evlilik i&ccedil;in nikah masas\u0131na oturdu.<\/p>\n<h3>SOSYAL MEDYADAN PAYLA\u015eTI<\/h3>\n<p>K\u0131smetse Olur program\u0131n\u0131n kat\u0131l\u0131mc\u0131lar\u0131 birer birer bekarl\u0131\u011fa veda ediyor. Ayb&uuml;ke &Ccedil;angal&rsquo;\u0131n evlenme teklifi almas\u0131n\u0131n ard\u0131ndan, bu kez de Ay&ccedil;a Ekin Be\u011fen nikah masas\u0131na oturdu.&nbsp;Uzun zamand\u0131r g&ouml;zlerden uzak bir ili\u015fki ya\u015fad\u0131\u011f\u0131 gizemli partneriyle d&uuml;nyaevine giren &uuml;nl&uuml; isim, gelinlikli foto\u011fraflar\u0131n\u0131 sosyal medya hesab\u0131nda takip&ccedil;ilerinin be\u011fenisine sundu.<\/p>\n<p><img decoding=\"async\" src=\"https:\/\/www.tgrthaber.com\/mavikadin\/wp-content\/images\/haberler\/24-10\/28\/basliksiz-1-1730141813.jpg\" alt=\"\" title=\"\"><\/p>\n<h3>AY&Ccedil;A EK\u0130N BE\u011eEN&#8217;\u0130N G\u0130ZEML\u0130 E\u015e\u0130<\/h3>\n<p>Yak\u0131n dostlar\u0131 ve ailesinin kat\u0131ld\u0131\u011f\u0131 bir t&ouml;renle d&uuml;nyaevine giren Ay&ccedil;a Ekin Be\u011fen, kutlama i&ccedil;in ard\u0131ndan bir mekana ge&ccedil;ti. S&uuml;rpriz evlilik karar\u0131 alan &uuml;nl&uuml;n&uuml;n e\u015finin kim oldu\u011fu ise hayranlar\u0131 aras\u0131nda merak konusu oldu. Be\u011fen, e\u015fi hakk\u0131nda ser verip s\u0131r vermedi.<\/p>\n<p><img decoding=\"async\" src=\"https:\/\/www.tgrthaber.com\/mavikadin\/wp-content\/images\/haberler\/24-10\/28\/basliksiz-2.jpg\" alt=\"\" title=\"\"><\/p>\n<p><img decoding=\"async\" src=\"https:\/\/www.tgrthaber.com\/mavikadin\/wp-content\/images\/haberler\/24-10\/28\/basliksiz-3-1730141824.jpg\" alt=\"\" title=\"\"><\/p>\n<p><img decoding=\"async\" src=\"https:\/\/www.tgrthaber.com\/mavikadin\/wp-content\/images\/haberler\/24-10\/28\/basliksiz-4.jpg\" alt=\"\" title=\"\"><\/p>\n<p><img decoding=\"async\" src=\"https:\/\/www.tgrthaber.com\/mavikadin\/wp-content\/images\/haberler\/24-10\/28\/basliksiz-5.jpg\" alt=\"\" title=\"\"><\/p>\n<p><img decoding=\"async\" src=\"https:\/\/www.tgrthaber.com\/mavikadin\/wp-content\/images\/haberler\/24-10\/28\/basliksiz-6.jpg\" alt=\"\" title=\"\"><\/p>\n<p>#vd-2500#<\/p><\/p>\n","protected":false},"excerpt":{"rendered":"<p>2016 y\u0131l\u0131nda yay\u0131mlanan &#8216;K\u0131smetse Olur&#8217; program\u0131n\u0131n dikkat \u00e7eken isimlerinden biri de Ay\u00e7a Ekin Be\u011fen\u2019di. S\u0131k s\u0131k de\u011fi\u015fimiyle g\u00fcndeme gelen isim, d\u00fcnyaevine girdi. Be\u011fen, d\u00fc\u011f\u00fcn g\u00fcn\u00fcne ait foto\u011fraflar\u0131n\u0131 sosyal medya hesab\u0131nda payla\u015ft\u0131. Kanal D&#8217;nin bir d&ouml;nem yo\u011fun ilgi g&ouml;ren evlilik program\u0131 &#8216;K\u0131smetse Olur&#8217;da tan\u0131nan Ay&ccedil;a Ekin Be\u011fen, s\u0131k s\u0131k yapt\u0131rd\u0131\u011f\u0131 estetik m&uuml;dahalelerle g&uuml;ndemde yer al\u0131yordu. Sosyal [&hellip;]<\/p>\n","protected":false},"author":2,"featured_media":90833,"comment_status":"closed","ping_status":"open","sticky":false,"template":"","format":"standard","meta":{"rank_math_lock_modified_date":false,"footnotes":""},"categories":[76],"tags":[59117,2473,2814,6037],"class_list":["post-90834","post","type-post","status-publish","format-standard","has-post-thumbnail","hentry","category-magazin","tag-ayca-ekin-begen","tag-evlilik","tag-kismetse-olur","tag-unluler"],"_links":{"self":[{"href":"https:\/\/www.tgrthaber.com\/mavikadin\/wp-json\/wp\/v2\/posts\/90834"}],"collection":[{"href":"https:\/\/www.tgrthaber.com\/mavikadin\/wp-json\/wp\/v2\/posts"}],"about":[{"href":"https:\/\/www.tgrthaber.com\/mavikadin\/wp-json\/wp\/v2\/types\/post"}],"author":[{"embeddable":true,"href":"https:\/\/www.tgrthaber.com\/mavikadin\/wp-json\/wp\/v2\/users\/2"}],"replies":[{"embeddable":true,"href":"https:\/\/www.tgrthaber.com\/mavikadin\/wp-json\/wp\/v2\/comments?post=90834"}],"version-history":[{"count":1,"href":"https:\/\/www.tgrthaber.com\/mavikadin\/wp-json\/wp\/v2\/posts\/90834\/revisions"}],"predecessor-version":[{"id":90835,"href":"https:\/\/www.tgrthaber.com\/mavikadin\/wp-json\/wp\/v2\/posts\/90834\/revisions\/90835"}],"wp:featuredmedia":[{"embeddable":true,"href":"https:\/\/www.tgrthaber.com\/mavikadin\/wp-json\/wp\/v2\/media\/90833"}],"wp:attachment":[{"href":"https:\/\/www.tgrthaber.com\/mavikadin\/wp-json\/wp\/v2\/media?parent=90834"}],"wp:term":[{"taxonomy":"category","embeddable":true,"href":"https:\/\/www.tgrthaber.com\/mavikadin\/wp-json\/wp\/v2\/categories?post=90834"},{"taxonomy":"post_tag","embeddable":true,"href":"https:\/\/www.tgrthaber.com\/mavikadin\/wp-json\/wp\/v2\/tags?post=90834"}],"curies":[{"name":"wp","href":"https:\/\/api.w.org\/{rel}","templated":true}]}}