{"id":90897,"date":"2024-10-29T14:45:55","date_gmt":"2024-10-29T11:45:55","guid":{"rendered":"https:\/\/www.tgrthaber.com\/mavikadin\/?p=90897"},"modified":"2024-11-15T15:34:52","modified_gmt":"2024-11-15T12:34:52","slug":"hadise-ve-sevval-sama-bir-elestiri-de-ziynet-saliden-geldi-o-gunu-ticarete-donusturmemek-lazim","status":"publish","type":"post","link":"https:\/\/www.tgrthaber.com\/mavikadin\/hadise-ve-sevval-sama-bir-elestiri-de-ziynet-saliden-geldi-o-gunu-ticarete-donusturmemek-lazim\/","title":{"rendered":"Hadise ve \u015eevval Sam&#8217;a bir ele\u015ftiri de Ziynet Sali&#8217;den geldi: O g\u00fcn\u00fc ticarete d\u00f6n\u00fc\u015ft\u00fcrmemek laz\u0131m"},"content":{"rendered":"<p>K\u0131br\u0131s&#8217;ta sahne alan Ziynet Sali, 29 Ekim Cumhuriyet Bayram\u0131&#8217;nda sahne alacak sanat\u00e7\u0131lar\u0131n, \u00f6zellikle \u015eevval Sam ve Hadise&#8217;nin belediyelerden ald\u0131\u011f\u0131 y\u00fcksek \u00fccretleri ele\u015ftirdi.<\/p>\n<p>Ziynet Sali, K\u0131br\u0131s&#8217;taki konserinde 29 Ekim Cumhuriyet Bayram\u0131&#8217;nda sahne alacak sanat&ccedil;\u0131lar\u0131n ald\u0131\u011f\u0131 y&uuml;ksek &uuml;cretleri ele\u015ftirdi. Konser &ouml;ncesinde bas\u0131n mensuplar\u0131yla bir araya gelen Sali, \u015eevval Sam ve Hadise&#8217;nin belediyelerden alaca\u011f\u0131 &uuml;cretler hakk\u0131nda konu\u015ftu.<\/p>\n<p>\u0130ddialara g&ouml;re, \u015eevval Sam, Konak Belediyesi ile 5 milyon TL kar\u015f\u0131l\u0131\u011f\u0131nda anla\u015ft\u0131, Hadise ise 6 milyon TL kar\u015f\u0131l\u0131\u011f\u0131nda sahne alacak. Bu durum, Berna La&ccedil;in&rsquo;in de tepkisini &ccedil;ekmi\u015fti. La&ccedil;in, sosyal medya &uuml;zerinden yapt\u0131\u011f\u0131 a&ccedil;\u0131klamada, &ldquo;29 Ekim i&ccedil;in para isteyen \u015fark\u0131c\u0131y\u0131 da &ccedil;\u0131karmay\u0131n ey belediyeler. Bu &uuml;lkenin Cumhuriyet Bayram\u0131&rsquo;nda sahne almak ticari bir i\u015f olmamal\u0131. Ay\u0131pt\u0131r!&rdquo; dedi.<\/p>\n<p>#vd-2503#<\/p>\n<h3>Z\u0130YNET SAL\u0130&#8217;DEN BERNA LA&Ccedil;\u0130N&#8217;E DESTEK<\/h3>\n<p>Ziynet Sali, K\u0131br\u0131s&rsquo;taki konserinde bu konunun g&uuml;ndeme gelmesi &uuml;zerine Berna La&ccedil;in&#8217;e destek verdi. Sali, &#8220;Bir tane Cumhuriyet Bayram\u0131m\u0131z var. O g&uuml;n&uuml; ticarete d&ouml;n&uuml;\u015ft&uuml;rmemek laz\u0131m. B&ouml;yle bir g&uuml;nde para konu\u015fuluyor. Sanat&ccedil;\u0131lar\u0131n &uuml;cretleri tart\u0131\u015f\u0131l\u0131yor, maneviyat sorgulan\u0131yor. Bu durum beni de d&uuml;\u015f&uuml;nd&uuml;rd&uuml;&#8221; ifadelerini kulland\u0131.<\/p>\n<p>&nbsp;<\/p>\n<p><img loading=\"lazy\" decoding=\"async\" src=\"https:\/\/www.tgrthaber.com\/mavikadin\/wp-content\/images\/haberler\/24-10\/29\/ekran-goruntusu-2024-10-29-144715.png\" width=\"793\" height=\"847\" alt=\"\" title=\"\"><\/p>\n<h3>DAHA &Ouml;NCE DE TARKAN VE G&Uuml;L\u015eEN&#8217;E SERVET &Ouml;DENM\u0130\u015eT\u0130<\/h3>\n<p>CHP&rsquo;li belediyelerin e\u011flence etkinliklerine ay\u0131rd\u0131\u011f\u0131 b&uuml;t&ccedil;eler son zamanlarda halk\u0131n tepkisini &ccedil;ekiyor. G&uuml;l\u015fen ve Tarkan i&ccedil;in ayr\u0131lan y&uuml;ksek b&uuml;t&ccedil;elerin ard\u0131ndan, \u015eevval Sam&#8217;\u0131n alaca\u011f\u0131 &uuml;cret de b&uuml;y&uuml;k tart\u0131\u015fmalara yol a&ccedil;t\u0131.<\/p>\n<p>\u0130zmir&rsquo;deki CHP&rsquo;li Konak Belediyesi&rsquo;nin 29 Ekim Cumhuriyet Bayram\u0131 etkinlikleri i&ccedil;in \u015eevval Sam&rsquo;a 5 milyon lira &ouml;deme yapaca\u011f\u0131 iddialar\u0131 kamuoyunda tepkilere neden oldu.<\/p>\n<p>Bu tart\u0131\u015fmalar s&uuml;rerken, CHP&rsquo;li \u0130stanbul B&uuml;y&uuml;k\u015fehir Belediyesi de 29 Ekim kutlamalar\u0131 i&ccedil;in b&uuml;t&ccedil;esini geni\u015fletti. Ekrem \u0130mamo\u011flu liderli\u011findeki \u0130BB&#8217;nin, Yenikap\u0131 Etkinlik Alan\u0131&rsquo;nda d&uuml;zenlenecek Hadise konseri i&ccedil;in 6 milyon lira ay\u0131rd\u0131\u011f\u0131 iddia edildi.<\/p>\n<p>&nbsp;<\/p>\n<p><img loading=\"lazy\" decoding=\"async\" src=\"https:\/\/www.tgrthaber.com\/mavikadin\/wp-content\/images\/haberler\/24-10\/29\/gulsen_hakkinda_iddianame_hazirlandi_3_yila_kadar_hapsi_isteniyor-17.jpg\" width=\"825\" height=\"1031\" alt=\"\" title=\"\"><\/p>\n<p>\u0130zmir B&uuml;y&uuml;k\u015fehir Belediyesi, ge&ccedil;mi\u015fte de benzer harcamalar yapm\u0131\u015ft\u0131. \u0130zmir&rsquo;in kurtulu\u015f y\u0131ld&ouml;n&uuml;m&uuml;nde sadece 1,5 saat s&uuml;ren Tarkan konserine 23,5 milyon lira, y\u0131lba\u015f\u0131 gecesindeki G&uuml;l\u015fen konserine ise 10,2 milyon lira harcam\u0131\u015ft\u0131. Bu t&uuml;r y&uuml;ksek harcamalar, kamuoyunda ciddi bir tepki ile kar\u015f\u0131lanm\u0131\u015ft\u0131.<\/p><\/p>\n","protected":false},"excerpt":{"rendered":"<p>K\u0131br\u0131s&#8217;ta sahne alan Ziynet Sali, 29 Ekim Cumhuriyet Bayram\u0131&#8217;nda sahne alacak sanat\u00e7\u0131lar\u0131n, \u00f6zellikle \u015eevval Sam ve Hadise&#8217;nin belediyelerden ald\u0131\u011f\u0131 y\u00fcksek \u00fccretleri ele\u015ftirdi. Ziynet Sali, K\u0131br\u0131s&#8217;taki konserinde 29 Ekim Cumhuriyet Bayram\u0131&#8217;nda sahne alacak sanat&ccedil;\u0131lar\u0131n ald\u0131\u011f\u0131 y&uuml;ksek &uuml;cretleri ele\u015ftirdi. Konser &ouml;ncesinde bas\u0131n mensuplar\u0131yla bir araya gelen Sali, \u015eevval Sam ve Hadise&#8217;nin belediyelerden alaca\u011f\u0131 &uuml;cretler hakk\u0131nda konu\u015ftu. \u0130ddialara [&hellip;]<\/p>\n","protected":false},"author":4,"featured_media":90896,"comment_status":"closed","ping_status":"open","sticky":false,"template":"","format":"standard","meta":{"rank_math_lock_modified_date":false,"footnotes":""},"categories":[76],"tags":[58639,77,2343,45044,21941],"class_list":["post-90897","post","type-post","status-publish","format-standard","has-post-thumbnail","hentry","category-magazin","tag-cumhuriyet-bayrami","tag-hadise","tag-sevval-sam","tag-ucret-tartismasi","tag-ziynet-sali"],"_links":{"self":[{"href":"https:\/\/www.tgrthaber.com\/mavikadin\/wp-json\/wp\/v2\/posts\/90897"}],"collection":[{"href":"https:\/\/www.tgrthaber.com\/mavikadin\/wp-json\/wp\/v2\/posts"}],"about":[{"href":"https:\/\/www.tgrthaber.com\/mavikadin\/wp-json\/wp\/v2\/types\/post"}],"author":[{"embeddable":true,"href":"https:\/\/www.tgrthaber.com\/mavikadin\/wp-json\/wp\/v2\/users\/4"}],"replies":[{"embeddable":true,"href":"https:\/\/www.tgrthaber.com\/mavikadin\/wp-json\/wp\/v2\/comments?post=90897"}],"version-history":[{"count":1,"href":"https:\/\/www.tgrthaber.com\/mavikadin\/wp-json\/wp\/v2\/posts\/90897\/revisions"}],"predecessor-version":[{"id":90898,"href":"https:\/\/www.tgrthaber.com\/mavikadin\/wp-json\/wp\/v2\/posts\/90897\/revisions\/90898"}],"wp:featuredmedia":[{"embeddable":true,"href":"https:\/\/www.tgrthaber.com\/mavikadin\/wp-json\/wp\/v2\/media\/90896"}],"wp:attachment":[{"href":"https:\/\/www.tgrthaber.com\/mavikadin\/wp-json\/wp\/v2\/media?parent=90897"}],"wp:term":[{"taxonomy":"category","embeddable":true,"href":"https:\/\/www.tgrthaber.com\/mavikadin\/wp-json\/wp\/v2\/categories?post=90897"},{"taxonomy":"post_tag","embeddable":true,"href":"https:\/\/www.tgrthaber.com\/mavikadin\/wp-json\/wp\/v2\/tags?post=90897"}],"curies":[{"name":"wp","href":"https:\/\/api.w.org\/{rel}","templated":true}]}}