{"id":91014,"date":"2024-10-30T14:45:00","date_gmt":"2024-10-30T11:45:00","guid":{"rendered":"https:\/\/www.tgrthaber.com\/mavikadin\/?p=91014"},"modified":"2025-01-24T15:59:03","modified_gmt":"2025-01-24T12:59:03","slug":"meltem-miraloglu-kimdir-nasil-unlu-oldu-kac-yasindadir","status":"publish","type":"post","link":"https:\/\/www.tgrthaber.com\/mavikadin\/meltem-miraloglu-kimdir-nasil-unlu-oldu-kac-yasindadir\/","title":{"rendered":"Meltem Miralo\u011flu kimdir? Nas\u0131l \u00fcnl\u00fc oldu, ka\u00e7 ya\u015f\u0131ndad\u0131r?"},"content":{"rendered":"<p>Amerika&#8217;da rehin tutuldu\u011funu iddia eden Meltem Miralo\u011flu \u015fimdi de intihar haberiyle g\u00fcndem oldu. Kariyeri d\u0131\u015f\u0131nda yapt\u0131\u011f\u0131 evlili\u011fi de \u00e7ok konu\u015fulan \u00fcnl\u00fc isim g\u00fcndemden d\u00fc\u015fmek bilmiyor. Peki Meltem Miralo\u011flu kimdir? Nas\u0131l \u00fcnl\u00fc oldu, ka\u00e7 ya\u015f\u0131ndad\u0131r?<\/p>\n<p>Meltem Miralo\u011flu Amerika&#8217;da kendinden 48 ya\u015f b\u00fcy\u00fck Amerikal\u0131 Patrick Grady ile 2019 y\u0131l\u0131nda evlenerek g\u00fcndeme bomba gibi d\u00fc\u015fm\u00fc\u015ft\u00fc. Son olarak rehin tutuldu\u011funu video ile duyuran \u00fcnl\u00fc isim \u015fimdi de intihar haberiyle g\u00fcndem oldu. Peki Meltem Miralo\u011flu kimdir? Nas\u0131l \u00fcnl\u00fc oldu, ka\u00e7 ya\u015f\u0131ndad\u0131r?<\/p>\n<h3>MELTEM M\u0130RALO\u011eLU K\u0130MD\u0130R? NASIL \u00dcNL\u00dc OLDU, KA\u00c7 YA\u015eINDADIR?<\/h3>\n<p>Diyarbak\u0131r&#8217;da 13 Ocak 1987 y\u0131l\u0131nda do\u011fan Meltem Miralo\u011flu \u00a02 ya\u015f\u0131ndayken ailesi ile \u0130stanbul&#8217;a ta\u015f\u0131nd\u0131.<\/p>\n<p>\u00c7ocuklu\u011fundan beri oyuncu olmak isteyen Meltem Miralo\u011flu M\u00fcjdat Gezen G\u00fczel Sanatlar Akademisi&#8217;nden mezun oldu. Meltem Miralo\u011flu ilk olarak &#8220;Hayat\u0131 \u00c7al\u0131nan \u00c7ocuklar Sosyal Sorumluluk Projesi&#8221; reklam filminde oynad\u0131.<\/p>\n<p><img loading=\"lazy\" decoding=\"async\" class=\"alignnone wp-image-125352\" src=\"https:\/\/www.tgrthaber.com\/mavikadin\/wp-content\/uploads\/0x0-meltem-miraloglu-hakkinda-yeni-iddia-meltem-miraloglunu-amerika-sinir-disi-mi-etti-1729592194754.jpeg\" alt=\"\" width=\"1208\" height=\"680\" title=\"\" srcset=\"https:\/\/www.tgrthaber.com\/mavikadin\/wp-content\/uploads\/0x0-meltem-miraloglu-hakkinda-yeni-iddia-meltem-miraloglunu-amerika-sinir-disi-mi-etti-1729592194754.jpeg 752w, https:\/\/www.tgrthaber.com\/mavikadin\/wp-content\/uploads\/0x0-meltem-miraloglu-hakkinda-yeni-iddia-meltem-miraloglunu-amerika-sinir-disi-mi-etti-1729592194754-300x169.jpeg 300w\" sizes=\"(max-width: 1208px) 100vw, 1208px\" \/><\/p>\n<hr \/>\n<p>K\u0131l\u0131\u00e7 G\u00fcn\u00fc, Bir Bulut Olsam dizilerinde rol alan Miralo\u011flu Mahsun K\u0131rm\u0131z\u0131g\u00fcl&#8217;\u00fcn &#8220;Hayat Devam Ediyor&#8221; adl\u0131 dizisinde k\u00fc\u00e7\u00fck gelin &#8216;Hayat&#8217; rol\u00fcn\u00fc \u00fcstlendi.<\/p>\n<p>Bu diziyle ad\u0131n\u0131 duyuran \u00fcnl\u00fc isim &#8220;Ad\u0131n\u0131 Kalbime Yazd\u0131m&#8221; adl\u0131 dizide &#8220;Dicle&#8221; karakterini oynad\u0131. 2016&#8217;da korku ve dram filmiyle izleyici kar\u015f\u0131s\u0131na \u00e7\u0131kan \u00fcnl\u00fc isim \u00a0A\u015f\u0131k Veysel&#8217;in hayat\u0131n\u0131n anlat\u0131ld\u0131\u011f\u0131 yap\u0131mda yer ald\u0131.<\/p>\n<p>Bilal Babao\u011flu&#8217;nun y\u00f6netti\u011fi filmde Emirhan Kartal ile birlikte ba\u015frol\u00fc payla\u015ft\u0131. Miralo\u011flu, efsane ozan\u0131n kar\u0131s\u0131 Esma&#8217;y\u0131 oynad\u0131.<\/p>\n<p><img loading=\"lazy\" decoding=\"async\" class=\"alignnone wp-image-125355\" src=\"https:\/\/www.tgrthaber.com\/mavikadin\/wp-content\/uploads\/haber-iciii-meltem.jpg\" alt=\"\" width=\"1208\" height=\"1074\" title=\"\" srcset=\"https:\/\/www.tgrthaber.com\/mavikadin\/wp-content\/uploads\/haber-iciii-meltem.jpg 810w, https:\/\/www.tgrthaber.com\/mavikadin\/wp-content\/uploads\/haber-iciii-meltem-300x267.jpg 300w, https:\/\/www.tgrthaber.com\/mavikadin\/wp-content\/uploads\/haber-iciii-meltem-768x683.jpg 768w\" sizes=\"(max-width: 1208px) 100vw, 1208px\" \/><\/p>\n<hr \/>\n<h3>MELTEM M\u0130RALO\u011eLU: REH\u0130N TUTULUYORUM<\/h3>\n<p>K\u0131sa bir s\u00fcre \u00f6nce Amerika&#8217;da rehin tutuldu\u011funa dair bir video payla\u015fan Miralo\u011flu \u015fu s\u00f6zleri s\u00f6yledi:<br \/>\n&#8220;Ben Meltem Miralo\u011flu. G\u00fcneydo\u011fu Anadolu B\u00f6lgesi Diyarbak\u0131r\u2019da do\u011fdum. \u00c7ocuklu\u011fumdan beri ayr\u0131lmaz bir b\u00fct\u00fcn olan tiyatro, sinema, dizi \u00fc\u00e7genine emek vermekteyim. Ba\u015frol\u00fcn\u00fc oynad\u0131\u011f\u0131m dizi sinema karakteriyle 13 \u00fclkede her hafta milyonlar taraf\u0131ndan s\u00fcrekli izlenme rekorlar\u0131 k\u0131rarak sanat d\u00fcnyas\u0131nda kendime yer buldum. Ben bu konu\u015fmay\u0131 bas\u0131na r\u00f6portajdan ziyade t\u00fcm televizyonlara su\u00e7 duyurusunda bulundu\u011fum i\u00e7in yapt\u0131\u011f\u0131m\u0131 belirtmek isterim. Amac\u0131m t\u00fcm bu videolar\u0131m\u0131n \u0130ngilizce altyaz\u0131 yap\u0131larak bir b\u00fct\u00fcn halinde Immigration Federal Supreme Court \u0130nsan Haklar\u0131 hakimine ula\u015ft\u0131r\u0131lmas\u0131d\u0131r. Taraf\u0131ma avukat sa\u011flanmas\u0131 ve haklar\u0131m\u0131 savunmak istiyorum. Kimliklerim \u00e7al\u0131narak rehin tutuldu\u011fum Amerika\u2019da T\u00fcrkiye\u2019ye giri\u015fim engelleniyor. Amerikan vatanda\u015fl\u0131\u011f\u0131m\u0131 al\u0131p \u00f6zg\u00fcrl\u00fc\u011f\u00fcme kavu\u015fmak istiyorum.&#8221;<\/p>\n<p><img loading=\"lazy\" decoding=\"async\" class=\"alignnone wp-image-125356\" src=\"https:\/\/www.tgrthaber.com\/mavikadin\/wp-content\/uploads\/haber-iciii-meltem-2.jpg\" alt=\"\" width=\"1208\" height=\"1074\" title=\"\" srcset=\"https:\/\/www.tgrthaber.com\/mavikadin\/wp-content\/uploads\/haber-iciii-meltem-2.jpg 810w, https:\/\/www.tgrthaber.com\/mavikadin\/wp-content\/uploads\/haber-iciii-meltem-2-300x267.jpg 300w, https:\/\/www.tgrthaber.com\/mavikadin\/wp-content\/uploads\/haber-iciii-meltem-2-768x683.jpg 768w\" sizes=\"(max-width: 1208px) 100vw, 1208px\" \/><\/p>\n<hr \/>\n<h3>MELTEM M\u0130RALO\u011eLU \u00d6ZEL HAYATI<\/h3>\n<p>\u00dcnl\u00fc isim 2016 y\u0131l\u0131nda oyuncu ve y\u00f6netmen Tayfur Ayd\u0131n&#8217;la evlenerek 2017&#8217;de bo\u015fand\u0131. Daha sonra ise kendinden 48 ya\u015f b\u00fcy\u00fck Amerikal\u0131 Patrick Grady ile 2019&#8217;da yeniden d\u00fcnyaevine girdi.<\/p>\n<p>&nbsp;<\/p>\n<h3>M\u0130RALO\u011eLU&#8217;NUN SON DURUMU<\/h3>\n<p>Patrick Grady ile bo\u015fanmas\u0131n\u0131n ard\u0131ndan New Jersey eyaletine yerle\u015fti\u011fini s\u00f6yleyen magazin yazar\u0131 Onur Akay, Miralo\u011flu&#8217;nun son durumuna dair \u015fu iddialar\u0131 payla\u015ft\u0131:<\/p>\n<p>&#8220;Meltem Miralo\u011flu, kendisinden 48 ya\u015f b\u00fcy\u00fck ABD&#8217;li Patrick Grady ile bo\u015fand\u0131ktan sonra, Amerika\u2019da \u00e7ok zor g\u00fcnler ge\u00e7iriyor. ABD\u2019nin New Jersey eyaletinin Cherry Hill il\u00e7esine yerle\u015fen Meltem, New Jersey eyaletinin Delran il\u00e7esinde de bir markette \u00e7al\u0131\u015fmaya ba\u015flad\u0131&#8230;&#8221;<\/p>\n<p><img loading=\"lazy\" decoding=\"async\" class=\"alignnone wp-image-125357\" src=\"https:\/\/www.tgrthaber.com\/mavikadin\/wp-content\/uploads\/meltem-miraloglu-3-bgc8.webp\" alt=\"\" width=\"1208\" height=\"1257\" title=\"\" srcset=\"https:\/\/www.tgrthaber.com\/mavikadin\/wp-content\/uploads\/meltem-miraloglu-3-bgc8.webp 670w, https:\/\/www.tgrthaber.com\/mavikadin\/wp-content\/uploads\/meltem-miraloglu-3-bgc8-288x300.webp 288w\" sizes=\"(max-width: 1208px) 100vw, 1208px\" \/><\/p>\n<hr \/>\n<p>&#8220;Orada ya\u015fayan ve ona yard\u0131m etmek isteyen T\u00fcrkler, gitti\u011fi her yerde ve girdi\u011fi her i\u015fte b\u00fcy\u00fck sorunlar yaratt\u0131\u011f\u0131n\u0131, kimsenin s\u00f6z\u00fcn\u00fc dinlemedi\u011fini, akli dengesinin kesinlikle yerinde olmad\u0131\u011f\u0131n\u0131 dile getiriyorlar. Temizlik i\u015fleri ve T\u00fcrk yemekleri yaparak ge\u00e7inmeye \u00e7al\u0131\u015fan Meltem\u2019in, maddi durumunun da \u00e7ok s\u0131k\u0131nt\u0131l\u0131 oldu\u011funu \u00f6\u011frendim&#8230;&#8221;<\/p>\n<p>&#8220;ABD\u2019de ka\u00e7ak olarak ya\u015fayan Meltem Miralo\u011flu, paras\u0131zl\u0131ktan dolay\u0131 otostop \u00e7ekerek seyahat ediyormu\u015f.&#8221;<\/p>\n","protected":false},"excerpt":{"rendered":"<p>Amerika&#8217;da rehin tutuldu\u011funu iddia eden Meltem Miralo\u011flu \u015fimdi de intihar haberiyle g\u00fcndem oldu. Kariyeri d\u0131\u015f\u0131nda yapt\u0131\u011f\u0131 evlili\u011fi de \u00e7ok konu\u015fulan \u00fcnl\u00fc isim g\u00fcndemden d\u00fc\u015fmek bilmiyor. Peki Meltem Miralo\u011flu kimdir? Nas\u0131l \u00fcnl\u00fc oldu, ka\u00e7 ya\u015f\u0131ndad\u0131r? Meltem Miralo\u011flu Amerika&#8217;da kendinden 48 ya\u015f b\u00fcy\u00fck Amerikal\u0131 Patrick Grady ile 2019 y\u0131l\u0131nda evlenerek g\u00fcndeme bomba gibi d\u00fc\u015fm\u00fc\u015ft\u00fc. Son olarak rehin [&hellip;]<\/p>\n","protected":false},"author":5,"featured_media":91013,"comment_status":"closed","ping_status":"open","sticky":false,"template":"","format":"standard","meta":{"rank_math_lock_modified_date":false,"footnotes":""},"categories":[491],"tags":[1447,43105,8978],"class_list":["post-91014","post","type-post","status-publish","format-standard","has-post-thumbnail","hentry","category-biyografi","tag-gundem","tag-kriz","tag-meltem-miraloglu"],"_links":{"self":[{"href":"https:\/\/www.tgrthaber.com\/mavikadin\/wp-json\/wp\/v2\/posts\/91014"}],"collection":[{"href":"https:\/\/www.tgrthaber.com\/mavikadin\/wp-json\/wp\/v2\/posts"}],"about":[{"href":"https:\/\/www.tgrthaber.com\/mavikadin\/wp-json\/wp\/v2\/types\/post"}],"author":[{"embeddable":true,"href":"https:\/\/www.tgrthaber.com\/mavikadin\/wp-json\/wp\/v2\/users\/5"}],"replies":[{"embeddable":true,"href":"https:\/\/www.tgrthaber.com\/mavikadin\/wp-json\/wp\/v2\/comments?post=91014"}],"version-history":[{"count":3,"href":"https:\/\/www.tgrthaber.com\/mavikadin\/wp-json\/wp\/v2\/posts\/91014\/revisions"}],"predecessor-version":[{"id":125358,"href":"https:\/\/www.tgrthaber.com\/mavikadin\/wp-json\/wp\/v2\/posts\/91014\/revisions\/125358"}],"wp:featuredmedia":[{"embeddable":true,"href":"https:\/\/www.tgrthaber.com\/mavikadin\/wp-json\/wp\/v2\/media\/91013"}],"wp:attachment":[{"href":"https:\/\/www.tgrthaber.com\/mavikadin\/wp-json\/wp\/v2\/media?parent=91014"}],"wp:term":[{"taxonomy":"category","embeddable":true,"href":"https:\/\/www.tgrthaber.com\/mavikadin\/wp-json\/wp\/v2\/categories?post=91014"},{"taxonomy":"post_tag","embeddable":true,"href":"https:\/\/www.tgrthaber.com\/mavikadin\/wp-json\/wp\/v2\/tags?post=91014"}],"curies":[{"name":"wp","href":"https:\/\/api.w.org\/{rel}","templated":true}]}}