{"id":91083,"date":"2024-10-30T21:46:44","date_gmt":"2024-10-30T18:46:44","guid":{"rendered":"https:\/\/www.tgrthaber.com\/mavikadin\/?p=91083"},"modified":"2024-11-15T15:41:09","modified_gmt":"2024-11-15T12:41:09","slug":"hande-erceli-ovdu-serenay-sarikayayi-fena-elestirdi-demet-akalindan-cok-konusulacak-kiyafet-yorumu","status":"publish","type":"post","link":"https:\/\/www.tgrthaber.com\/mavikadin\/hande-erceli-ovdu-serenay-sarikayayi-fena-elestirdi-demet-akalindan-cok-konusulacak-kiyafet-yorumu\/","title":{"rendered":"Hande Er\u00e7el&#8217;i \u00f6vd\u00fc Serenay Sar\u0131kaya&#8217;y\u0131 fena ele\u015ftirdi: Demet Akal\u0131n&#8217;dan \u00e7ok konu\u015fulacak k\u0131yafet yorumu"},"content":{"rendered":"<p>Sosyal medyada New York\u2019ta d\u00fczenlenen Amerikan T\u00fcrk Cemiyeti galas\u0131nda \u00f6d\u00fcl alan Serenay Sar\u0131kaya ve Hande Er\u00e7el\u2019in r\u00fczgar\u0131 esiyor. Magazin g\u00fcndemine damga vuran ikiliyi es ge\u00e7meyen Demet Akal\u0131n&#8217;\u0131n, Hande&#8217;yi \u00f6vg\u00fcyle anarken Serenay&#8217;a sert ele\u015ftirilerde bulunmas\u0131 da g\u00f6zlerden ka\u00e7mad\u0131.<\/p>\n<p>New York&#8217;ta &ouml;nceki ak\u015fam ger&ccedil;ekle\u015ftirilen Amerikan T&uuml;rk Cemiyeti galas\u0131, magazin d&uuml;nyas\u0131nda geni\u015f yank\u0131 uyand\u0131rd\u0131. Geceye damga vuran Serenay Sar\u0131kaya ve Hande Er&ccedil;el, birbiriyle k\u0131yasland\u0131. Demet Akal\u0131n&#8217;dan bu k\u0131yaslamaya yorum gecikmedi.<\/p>\n<h3>GECEYE B\u0130RB\u0130R\u0130NDEN &Uuml;NL&Uuml; \u0130S\u0130MLER KATILDI<\/h3>\n<p>Suzan Sabanc\u0131&rsquo;n\u0131n sunumunu yapt\u0131\u011f\u0131, sekt&ouml;r&uuml;n &ouml;nde gelen yap\u0131mc\u0131lar\u0131 Kerem &Ccedil;atay ve Timur Savc\u0131 gibi isimlerin de yer ald\u0131\u011f\u0131 g&ouml;rkemli etkinlikte, Serenay Sar\u0131kaya ve Hande Er&ccedil;el de &ouml;d&uuml;le de\u011fer bulundu.&nbsp;\u0130lk kez bir araya gelerek g&uuml;ndem olu\u015fturan ikilinin k\u0131yafet tercihleri de inceleme alt\u0131na al\u0131nd\u0131.<\/p>\n<p><img decoding=\"async\" src=\"https:\/\/www.tgrthaber.com\/mavikadin\/wp-content\/images\/haberler\/24-10\/30\/s-a74141e0e2f5f442088618411ceb9baee30ff0d6.jpg\" alt=\"\" title=\"\"><\/p>\n<h3>DEMET AKALIN SERENAY SARIKAYA&#8217;YI ELE\u015eT\u0130RD\u0130<\/h3>\n<p>&Ouml;zel gecede beyaz bir elbise tercih eden Hande Er&ccedil;el, y\u0131rtma&ccedil;l\u0131 k\u0131yafetiyle dikkat &ccedil;ekerken, Serenay Sar\u0131kaya ise siyah renkli, mayo kesimli bir k\u0131yafetle sahne ald\u0131. &#8220;Serenay m\u0131 daha \u015f\u0131k yoksa Hande mi?&#8221; sorusuyla ilgili tart\u0131\u015fmalar s&uuml;rerken, Demet Akal\u0131n da konuya dahil oldu.&nbsp;Hande Er&ccedil;el&#8217;i &ouml;vg&uuml;lere bo\u011fan Demet Akal\u0131n&#8217;\u0131n, Serenay Sar\u0131kaya&#8217;n\u0131n ad\u0131n\u0131 bile anmadan &#8220;diskoya gider gibi mi giyinseydi&#8221; \u015feklinde ele\u015ftirmesi dikkat &ccedil;ekiciydi.<\/p>\n<p><img decoding=\"async\" src=\"https:\/\/www.tgrthaber.com\/mavikadin\/wp-content\/images\/haberler\/24-10\/30\/gbbacwcwiaakhbt-1730314319.jpeg\" alt=\"\" title=\"\"><\/p>\n<h3>HANDE ER&Ccedil;EL&#8217;\u0130N ABLASINDAN SA\u011eDUYULU YORUM<\/h3>\n<p>Demet Akal\u0131n&#8217;\u0131n yan\u0131 s\u0131ra Hande Er&ccedil;el&#8217;in ablas\u0131 Gamze Er&ccedil;el de &#8220;timelessmagg&#8221; sayfas\u0131ndaki payla\u015f\u0131m\u0131n alt\u0131na &#8220;\u0130kisi de &ccedil;ok g&uuml;zel&#8221; yorumunu yapt\u0131.<\/p>\n<p><img decoding=\"async\" src=\"https:\/\/www.tgrthaber.com\/mavikadin\/wp-content\/images\/haberler\/24-10\/30\/s-30b54fcf9c8a91a5741ad28fb130781cb80ace5d.jpg\" alt=\"\" title=\"\"><\/p>\n<p><img decoding=\"async\" src=\"https:\/\/www.tgrthaber.com\/mavikadin\/wp-content\/images\/haberler\/24-10\/30\/s-5a76e6b8e2887c5e6f94311e237df6aa163038e3.jpg\" alt=\"\" title=\"\"><\/p><\/p>\n","protected":false},"excerpt":{"rendered":"<p>Sosyal medyada New York\u2019ta d\u00fczenlenen Amerikan T\u00fcrk Cemiyeti galas\u0131nda \u00f6d\u00fcl alan Serenay Sar\u0131kaya ve Hande Er\u00e7el\u2019in r\u00fczgar\u0131 esiyor. Magazin g\u00fcndemine damga vuran ikiliyi es ge\u00e7meyen Demet Akal\u0131n&#8217;\u0131n, Hande&#8217;yi \u00f6vg\u00fcyle anarken Serenay&#8217;a sert ele\u015ftirilerde bulunmas\u0131 da g\u00f6zlerden ka\u00e7mad\u0131. New York&#8217;ta &ouml;nceki ak\u015fam ger&ccedil;ekle\u015ftirilen Amerikan T&uuml;rk Cemiyeti galas\u0131, magazin d&uuml;nyas\u0131nda geni\u015f yank\u0131 uyand\u0131rd\u0131. Geceye damga vuran Serenay [&hellip;]<\/p>\n","protected":false},"author":2,"featured_media":91082,"comment_status":"closed","ping_status":"open","sticky":false,"template":"","format":"standard","meta":{"rank_math_lock_modified_date":false,"footnotes":""},"categories":[76],"tags":[130,59103,2391,51022,2688],"class_list":["post-91083","post","type-post","status-publish","format-standard","has-post-thumbnail","hentry","category-magazin","tag-demet-akalin","tag-demet-akalin-yorumu","tag-hande-ercel","tag-kiyafet-elestirisi","tag-serenay-sarikaya"],"_links":{"self":[{"href":"https:\/\/www.tgrthaber.com\/mavikadin\/wp-json\/wp\/v2\/posts\/91083"}],"collection":[{"href":"https:\/\/www.tgrthaber.com\/mavikadin\/wp-json\/wp\/v2\/posts"}],"about":[{"href":"https:\/\/www.tgrthaber.com\/mavikadin\/wp-json\/wp\/v2\/types\/post"}],"author":[{"embeddable":true,"href":"https:\/\/www.tgrthaber.com\/mavikadin\/wp-json\/wp\/v2\/users\/2"}],"replies":[{"embeddable":true,"href":"https:\/\/www.tgrthaber.com\/mavikadin\/wp-json\/wp\/v2\/comments?post=91083"}],"version-history":[{"count":1,"href":"https:\/\/www.tgrthaber.com\/mavikadin\/wp-json\/wp\/v2\/posts\/91083\/revisions"}],"predecessor-version":[{"id":91084,"href":"https:\/\/www.tgrthaber.com\/mavikadin\/wp-json\/wp\/v2\/posts\/91083\/revisions\/91084"}],"wp:featuredmedia":[{"embeddable":true,"href":"https:\/\/www.tgrthaber.com\/mavikadin\/wp-json\/wp\/v2\/media\/91082"}],"wp:attachment":[{"href":"https:\/\/www.tgrthaber.com\/mavikadin\/wp-json\/wp\/v2\/media?parent=91083"}],"wp:term":[{"taxonomy":"category","embeddable":true,"href":"https:\/\/www.tgrthaber.com\/mavikadin\/wp-json\/wp\/v2\/categories?post=91083"},{"taxonomy":"post_tag","embeddable":true,"href":"https:\/\/www.tgrthaber.com\/mavikadin\/wp-json\/wp\/v2\/tags?post=91083"}],"curies":[{"name":"wp","href":"https:\/\/api.w.org\/{rel}","templated":true}]}}