{"id":91113,"date":"2024-10-31T01:49:05","date_gmt":"2024-10-30T22:49:05","guid":{"rendered":"https:\/\/www.tgrthaber.com\/mavikadin\/?p=91113"},"modified":"2025-08-10T13:45:05","modified_gmt":"2025-08-10T10:45:05","slug":"hande-ataizinin-kendisinden-20-yas-kucuk-sevgilisi-dinc-aydogdu-kimdir","status":"publish","type":"post","link":"https:\/\/www.tgrthaber.com\/mavikadin\/hande-ataizinin-kendisinden-20-yas-kucuk-sevgilisi-dinc-aydogdu-kimdir\/","title":{"rendered":"Hande Ataizi&#8217;nin kendisinden 20 ya\u015f k\u00fc\u00e7\u00fck sevgilisi Din\u00e7 Aydo\u011fdu kimdir?"},"content":{"rendered":"<p>\u00dcnl\u00fc oyuncu Hande Ataizi&#8217;nin kendisinden 20 ya\u015f k\u00fc\u00e7\u00fck gen\u00e7 sevgilisi Din\u00e7 Aydo\u011fdu, g\u00fcndem olmaya devam ediyor. Uzun bir s\u00fcredir mutlu beraberliklerini devam ettiren \u00e7ift, son zamanlarda tatil planlar\u0131yla dikkat \u00e7ekiyor. Hande Ataizi&#8217;nin sevgilisi Din\u00e7 Aydo\u011fdu&#8217;nun da kim oldu\u011fu merakla ara\u015ft\u0131r\u0131l\u0131yor. Peki Hande Ataizi&#8217;nin sevgilisi Din\u00e7 Aydo\u011fdu kimdir? Din\u00e7 Aydo\u011fdu ka\u00e7 ya\u015f\u0131nda? Din\u00e7 Aydo\u011fdu ne i\u015f yap\u0131yor? Din\u00e7 Aydo\u011fdu nereli? Din\u00e7 Aydo\u011fdu hakk\u0131nda merak edilenleri sizin i\u00e7in ara\u015ft\u0131rd\u0131k. \u0130\u015fte Din\u00e7 Aydo\u011fdu hakk\u0131nda bilinmeyenler&#8230;<\/p>\n<h3>D\u0130N\u00c7 AYDO\u011eDU K\u0130MD\u0130R?<\/h3>\n<p>Hande Ataizi&#8217;nin sevgilisi Din\u00e7 Aydo\u011fdu, son zamanlarda magazin d\u00fcnyas\u0131n\u0131n g\u00fcndeminde s\u0131k\u00e7a ad\u0131n\u0131 duyuran\u00a0 isimlerden biri olmaya devam ediyor. Son olarak Ataizi ile Bodrum&#8217;da tatilin keyfini s\u00fcren Din\u00e7 Aydo\u011fdu, \u00fcnl\u00fc oyuncunun o\u011flu Leo ile de ilginlenmeyi ihmal etmiyor.<\/p>\n<p><img loading=\"lazy\" decoding=\"async\" class=\"alignnone wp-image-219577\" src=\"https:\/\/www.tgrthaber.com\/mavikadin\/wp-content\/uploads\/Dinc-Aydogdu-kimdir3-1024x576.jpg\" alt=\"Din\u00e7 Aydo\u011fdu kimdir\" width=\"1208\" height=\"680\" title=\"\" srcset=\"https:\/\/www.tgrthaber.com\/mavikadin\/wp-content\/uploads\/Dinc-Aydogdu-kimdir3-1024x576.jpg 1024w, https:\/\/www.tgrthaber.com\/mavikadin\/wp-content\/uploads\/Dinc-Aydogdu-kimdir3-300x169.jpg 300w, https:\/\/www.tgrthaber.com\/mavikadin\/wp-content\/uploads\/Dinc-Aydogdu-kimdir3-768x432.jpg 768w, https:\/\/www.tgrthaber.com\/mavikadin\/wp-content\/uploads\/Dinc-Aydogdu-kimdir3.jpg 1208w\" sizes=\"(max-width: 1208px) 100vw, 1208px\" \/><\/p>\n<hr \/>\n<p>Kendisinden 20 ya\u015f b\u00fcy\u00fck biriyle birlikte oldu\u011fu haberleriyle g\u00fcndeme gelen Aydo\u011fdu&#8217;nun \u00f6zel hayat\u0131 b\u00fcy\u00fck bir merakla ara\u015ft\u0131r\u0131l\u0131yor. Aydo\u011fdu&#8217;nun ya\u015f\u0131 ve mesle\u011fi en merak edilenler aras\u0131nda yer al\u0131yor. \u0130kili aras\u0131ndaki 20 ya\u015f fark da s\u0131k\u00e7a konu\u015fuluyor.<\/p>\n<p><img loading=\"lazy\" decoding=\"async\" class=\"alignnone wp-image-219578\" src=\"https:\/\/www.tgrthaber.com\/mavikadin\/wp-content\/uploads\/Dinc-Aydogdu-kimdir1-1024x576.jpg\" alt=\"Din\u00e7 Aydo\u011fdu kimdir\" width=\"1208\" height=\"680\" title=\"\" srcset=\"https:\/\/www.tgrthaber.com\/mavikadin\/wp-content\/uploads\/Dinc-Aydogdu-kimdir1-1024x576.jpg 1024w, https:\/\/www.tgrthaber.com\/mavikadin\/wp-content\/uploads\/Dinc-Aydogdu-kimdir1-300x169.jpg 300w, https:\/\/www.tgrthaber.com\/mavikadin\/wp-content\/uploads\/Dinc-Aydogdu-kimdir1-768x432.jpg 768w, https:\/\/www.tgrthaber.com\/mavikadin\/wp-content\/uploads\/Dinc-Aydogdu-kimdir1.jpg 1208w\" sizes=\"(max-width: 1208px) 100vw, 1208px\" \/><\/p>\n<hr \/>\n<p>&nbsp;<\/p>\n<h3>D\u0130N\u00c7 AYDO\u011eDU KA\u00c7 YA\u015eINDA?<\/h3>\n<p>50 ya\u015f\u0131nda olan \u00fcnl\u00fc oyuncu Hande Ataizi&#8217;nin sevgilisi Din\u00e7 Aydo\u011fdu, 2025 y\u0131l\u0131 itibar\u0131yla 31 ya\u015f\u0131ndad\u0131r. 1994 do\u011fumlu Din\u00e7 Aydo\u011fdu, oyunculuk yolunda emin ad\u0131mlarla ilerlemeye \u00e7al\u0131\u015f\u0131yor.<\/p>\n<p><img loading=\"lazy\" decoding=\"async\" class=\"alignnone wp-image-219579\" src=\"https:\/\/www.tgrthaber.com\/mavikadin\/wp-content\/uploads\/Dinc-Aydogdu-kimdir6-1024x576.jpg\" alt=\"Din\u00e7 Aydo\u011fdu kimdir\" width=\"1208\" height=\"680\" title=\"\" srcset=\"https:\/\/www.tgrthaber.com\/mavikadin\/wp-content\/uploads\/Dinc-Aydogdu-kimdir6-1024x576.jpg 1024w, https:\/\/www.tgrthaber.com\/mavikadin\/wp-content\/uploads\/Dinc-Aydogdu-kimdir6-300x169.jpg 300w, https:\/\/www.tgrthaber.com\/mavikadin\/wp-content\/uploads\/Dinc-Aydogdu-kimdir6-768x432.jpg 768w, https:\/\/www.tgrthaber.com\/mavikadin\/wp-content\/uploads\/Dinc-Aydogdu-kimdir6.jpg 1208w\" sizes=\"(max-width: 1208px) 100vw, 1208px\" \/><\/p>\n<hr \/>\n<p>Marmara Spor Akademisi Antren\u00f6rl\u00fck B\u00f6l\u00fcm\u00fc&#8217;nden mezun olan Din\u00e7 Aydo\u011fdu, oyunculuk ve sanat alan\u0131ndaki becerilerini Craft oyunculuk at\u00f6lyesi ve M\u00fcjdat Gezen Sanat Merkezi&#8217;nde ald\u0131\u011f\u0131 e\u011fitimle geli\u015ftirmi\u015ftir.<\/p>\n<p><img loading=\"lazy\" decoding=\"async\" class=\"alignnone wp-image-219580\" src=\"https:\/\/www.tgrthaber.com\/mavikadin\/wp-content\/uploads\/Dinc-Aydogdu-kimdir8-1024x576.jpg\" alt=\"Din\u00e7 Aydo\u011fdu kimdir\" width=\"1208\" height=\"680\" title=\"\" srcset=\"https:\/\/www.tgrthaber.com\/mavikadin\/wp-content\/uploads\/Dinc-Aydogdu-kimdir8-1024x576.jpg 1024w, https:\/\/www.tgrthaber.com\/mavikadin\/wp-content\/uploads\/Dinc-Aydogdu-kimdir8-300x169.jpg 300w, https:\/\/www.tgrthaber.com\/mavikadin\/wp-content\/uploads\/Dinc-Aydogdu-kimdir8-768x432.jpg 768w, https:\/\/www.tgrthaber.com\/mavikadin\/wp-content\/uploads\/Dinc-Aydogdu-kimdir8.jpg 1208w\" sizes=\"(max-width: 1208px) 100vw, 1208px\" \/><\/p>\n<hr \/>\n<p>K\u0131sa metrajl\u0131 projelerde de yer alan Din\u00e7 Aydo\u011fdu, &#8216;Kelebe\u011fin \u00d6mr\u00fc&#8217; ve &#8216;Mevsim K\u0131\u015ftan \u00d6te&#8217; adl\u0131 yap\u0131mlarda rol \u00fcstlenmi\u015ftir. Tiyatro sahnesinde de deneyimi bulunan Aydo\u011fdu, &#8216;Leonce ve Lena&#8217; ile &#8216;Don&#8217;un Bir G\u00fcn\u00fc&#8217; isimli oyunlarda seyirci kar\u015f\u0131s\u0131na \u00e7\u0131km\u0131\u015ft\u0131r.<\/p>\n<p><img loading=\"lazy\" decoding=\"async\" class=\"alignnone wp-image-219586\" src=\"https:\/\/www.tgrthaber.com\/mavikadin\/wp-content\/uploads\/Dinc-Aydogdu-kimdir2-1024x576.jpg\" alt=\"Din\u00e7 Aydo\u011fdu kimdir\" width=\"1208\" height=\"680\" title=\"\" srcset=\"https:\/\/www.tgrthaber.com\/mavikadin\/wp-content\/uploads\/Dinc-Aydogdu-kimdir2-1024x576.jpg 1024w, https:\/\/www.tgrthaber.com\/mavikadin\/wp-content\/uploads\/Dinc-Aydogdu-kimdir2-300x169.jpg 300w, https:\/\/www.tgrthaber.com\/mavikadin\/wp-content\/uploads\/Dinc-Aydogdu-kimdir2-768x432.jpg 768w, https:\/\/www.tgrthaber.com\/mavikadin\/wp-content\/uploads\/Dinc-Aydogdu-kimdir2.jpg 1208w\" sizes=\"(max-width: 1208px) 100vw, 1208px\" \/><\/p>\n<hr \/>\n<h3>D\u0130N\u00c7 AYDO\u011eDU NE \u0130\u015e YAPIYOR?<\/h3>\n<p>\u0130\u015f d\u00fcnyas\u0131ndaki ba\u015far\u0131lar\u0131 ve giri\u015fimci karakteriyle \u00f6ne \u00e7\u0131kan Din\u00e7 Aydo\u011fdu, oyunculuk kariyerinin yan\u0131 s\u0131ra ayn\u0131 zamanda atletik bir yap\u0131ya da sahiptir. Spor yaparken s\u0131k\u00e7a g\u00f6r\u00fcnt\u00fclenen Aydo\u011fdu, sa\u011fl\u0131kl\u0131 hayat tarz\u0131yla dikkatleri \u00fczerine \u00e7ekiyor.<\/p>\n<p><img loading=\"lazy\" decoding=\"async\" class=\"alignnone wp-image-219588\" src=\"https:\/\/www.tgrthaber.com\/mavikadin\/wp-content\/uploads\/Dinc-Aydogdu-kimdir5-1024x576.jpg\" alt=\"Din\u00e7 Aydo\u011fdu kimdir\" width=\"1208\" height=\"680\" title=\"\" srcset=\"https:\/\/www.tgrthaber.com\/mavikadin\/wp-content\/uploads\/Dinc-Aydogdu-kimdir5-1024x576.jpg 1024w, https:\/\/www.tgrthaber.com\/mavikadin\/wp-content\/uploads\/Dinc-Aydogdu-kimdir5-300x169.jpg 300w, https:\/\/www.tgrthaber.com\/mavikadin\/wp-content\/uploads\/Dinc-Aydogdu-kimdir5-768x432.jpg 768w, https:\/\/www.tgrthaber.com\/mavikadin\/wp-content\/uploads\/Dinc-Aydogdu-kimdir5.jpg 1208w\" sizes=\"(max-width: 1208px) 100vw, 1208px\" \/><\/p>\n<hr \/>\n<p>&nbsp;<\/p>\n<h3>D\u0130N\u00c7 AYDO\u011eDU NEREL\u0130?<\/h3>\n<p>Din\u00e7 Aydo\u011fdu\u2019nun k\u00f6kenine dair kesin bir bilgi olmamakla birlikte, \u0130stanbul\u2019da ikamet etti\u011fi ve mesle\u011fini burada y\u00fcr\u00fctt\u00fc\u011f\u00fc bilinmektedir. Sosyal medyada yapt\u0131\u011f\u0131 payla\u015f\u0131mlarda, \u0130stanbul\u2019un farkl\u0131 b\u00f6lgelerinde zaman ge\u00e7irdi\u011fi s\u0131k\u00e7a dikkat \u00e7ekmektedir.<\/p>\n<p><img loading=\"lazy\" decoding=\"async\" class=\"alignnone wp-image-219591\" src=\"https:\/\/www.tgrthaber.com\/mavikadin\/wp-content\/uploads\/Dinc-Aydogdu-kimdir1-1-1024x576.jpg\" alt=\"Din\u00e7 Aydo\u011fdu kimdir\" width=\"1208\" height=\"680\" title=\"\" srcset=\"https:\/\/www.tgrthaber.com\/mavikadin\/wp-content\/uploads\/Dinc-Aydogdu-kimdir1-1-1024x576.jpg 1024w, https:\/\/www.tgrthaber.com\/mavikadin\/wp-content\/uploads\/Dinc-Aydogdu-kimdir1-1-300x169.jpg 300w, https:\/\/www.tgrthaber.com\/mavikadin\/wp-content\/uploads\/Dinc-Aydogdu-kimdir1-1-768x432.jpg 768w, https:\/\/www.tgrthaber.com\/mavikadin\/wp-content\/uploads\/Dinc-Aydogdu-kimdir1-1.jpg 1208w\" sizes=\"(max-width: 1208px) 100vw, 1208px\" \/><\/p>\n<p>&nbsp;<\/p>\n","protected":false},"excerpt":{"rendered":"<p>\u00dcnl\u00fc oyuncu Hande Ataizi kendisinden 20 ya\u015f k\u00fc\u00e7\u00fck sevgilisi Din\u00e7 Aydo\u011fdu ile mutlu beraberli\u011fine devam ediyor. Uzun s\u00fcredir birlikteliklerini devam ettiren \u00e7ift, tatilden tatile ko\u015fmay\u0131 da ihmal etmiyor. Din\u00e7 Aydo\u011fdu&#8217;nun kim oldu\u011fu da merakla ara\u015ft\u0131r\u0131l\u0131yor. Peki, Din\u00e7 Aydo\u011fdu kimdir? \u0130\u015fte detaylar&#8230;<\/p>\n","protected":false},"author":26,"featured_media":219575,"comment_status":"closed","ping_status":"open","sticky":false,"template":"","format":"standard","meta":{"rank_math_lock_modified_date":false,"footnotes":""},"categories":[491],"tags":[3374,16521,31217,31216,3404,31218],"class_list":["post-91113","post","type-post","status-publish","format-standard","has-post-thumbnail","hentry","category-biyografi","tag-biyografi","tag-biyografi-haberleri","tag-dinc-aydogdu","tag-dinc-aydogdu-kimdir","tag-hande-ataizi","tag-hande-ataizi-sevgilisi"],"_links":{"self":[{"href":"https:\/\/www.tgrthaber.com\/mavikadin\/wp-json\/wp\/v2\/posts\/91113"}],"collection":[{"href":"https:\/\/www.tgrthaber.com\/mavikadin\/wp-json\/wp\/v2\/posts"}],"about":[{"href":"https:\/\/www.tgrthaber.com\/mavikadin\/wp-json\/wp\/v2\/types\/post"}],"author":[{"embeddable":true,"href":"https:\/\/www.tgrthaber.com\/mavikadin\/wp-json\/wp\/v2\/users\/26"}],"replies":[{"embeddable":true,"href":"https:\/\/www.tgrthaber.com\/mavikadin\/wp-json\/wp\/v2\/comments?post=91113"}],"version-history":[{"count":3,"href":"https:\/\/www.tgrthaber.com\/mavikadin\/wp-json\/wp\/v2\/posts\/91113\/revisions"}],"predecessor-version":[{"id":219592,"href":"https:\/\/www.tgrthaber.com\/mavikadin\/wp-json\/wp\/v2\/posts\/91113\/revisions\/219592"}],"wp:featuredmedia":[{"embeddable":true,"href":"https:\/\/www.tgrthaber.com\/mavikadin\/wp-json\/wp\/v2\/media\/219575"}],"wp:attachment":[{"href":"https:\/\/www.tgrthaber.com\/mavikadin\/wp-json\/wp\/v2\/media?parent=91113"}],"wp:term":[{"taxonomy":"category","embeddable":true,"href":"https:\/\/www.tgrthaber.com\/mavikadin\/wp-json\/wp\/v2\/categories?post=91113"},{"taxonomy":"post_tag","embeddable":true,"href":"https:\/\/www.tgrthaber.com\/mavikadin\/wp-json\/wp\/v2\/tags?post=91113"}],"curies":[{"name":"wp","href":"https:\/\/api.w.org\/{rel}","templated":true}]}}