{"id":91119,"date":"2024-10-31T09:05:00","date_gmt":"2024-10-31T06:05:00","guid":{"rendered":"https:\/\/www.tgrthaber.com\/mavikadin\/?p=91119"},"modified":"2024-11-15T15:42:15","modified_gmt":"2024-11-15T12:42:15","slug":"yesilcamin-sevilen-ismi-serpil-orumcerden-yardim-cagrisi-ayagim-kesilebilir","status":"publish","type":"post","link":"https:\/\/www.tgrthaber.com\/mavikadin\/yesilcamin-sevilen-ismi-serpil-orumcerden-yardim-cagrisi-ayagim-kesilebilir\/","title":{"rendered":"Ye\u015fil\u00e7am&#8217;\u0131n sevilen ismi Serpil \u00d6r\u00fcmcer&#8217;den yard\u0131m \u00e7a\u011fr\u0131s\u0131: Aya\u011f\u0131m kesilebilir"},"content":{"rendered":"<p>Ye\u015fil\u00e7am&#8217;\u0131n sevilen isimlerinden Serpil \u00d6r\u00fcmcer aya\u011f\u0131n\u0131n k\u0131r\u0131ld\u0131\u011f\u0131n\u0131 duyurmu\u015ftu. \u015eimdi de aya\u011f\u0131n\u0131n kesilme riski bulundu\u011funu ifade eden \u00d6r\u00fcmcer sosyal medya hesab\u0131ndan yard\u0131m \u00e7a\u011fr\u0131s\u0131 yapt\u0131.<\/p>\n<p>Ye\u015fil&ccedil;am&#8217;\u0131n unutulmaz isimlerinden Serpil &Ouml;r&uuml;mcer, aya\u011f\u0131n\u0131n k\u0131r\u0131ld\u0131\u011f\u0131n\u0131 belirterek; &#8220;Gitti\u011fim sa\u011fl\u0131k kurumlar\u0131, ameliyat g&uuml;n&uuml;n&uuml; ileri tarihe veriyor. Aya\u011f\u0131m\u0131n kesilme riski varm\u0131\u015f&#8221; \u015feklinde payla\u015f\u0131mda &nbsp;bulunarak yard\u0131m &ccedil;a\u011fr\u0131s\u0131 yapt\u0131.<\/p>\n<h3>SERP\u0130L &Ouml;R&Uuml;MCER&#8217;DEN YARDIM &Ccedil;A\u011eRISI: AYA\u011eIM KES\u0130LEB\u0130L\u0130R<\/h3>\n<p>Serpil &Ouml;r&uuml;mcer; &#8220;Sevgili dostlar\u0131m ve ilgili sa\u011fl\u0131k kurumlar\u0131. Ben y\u0131llar\u0131n sanat&ccedil;\u0131s\u0131 Serpil &Ouml;r&uuml;mcer. Ge&ccedil;irdi\u011fim talihsiz bir kaza sonucu baca\u011f\u0131mda olu\u015fan k\u0131r\u0131klar nedeniyle \u015fu an yata\u011fa ba\u011fl\u0131 durumday\u0131m. Gitti\u011fim sa\u011fl\u0131k kurumlar\u0131 da ileri tarihe ameliyat g&uuml;n&uuml; veriyorlar. Ge&ccedil;ici al&ccedil;\u0131da \u015fu an zor s&uuml;re&ccedil;teyim. &Ouml;zel hastanelerde ameliyat olmam m&uuml;mk&uuml;n de\u011fil. Siz de\u011ferli camiam\u0131n ve devletimin yard\u0131mlar\u0131n\u0131 bekliyorum. &Ccedil;&uuml;nk&uuml; aya\u011f\u0131m\u0131n kesilme riski varm\u0131\u015f. Tekrar te\u015fekk&uuml;rlerimle, acil yard\u0131m bekliyorum&#8221; dedi.<\/p>\n<p><img decoding=\"async\" src=\"https:\/\/www.tgrthaber.com\/mavikadin\/wp-content\/images\/haberler\/24-10\/31\/haber-iciii-serpil.jpg\" alt=\"\" title=\"\"><\/p>\n<h3>G&Uuml;ZELL\u0130K YARI\u015eMASINDA DERECE YAPMI\u015eTI<\/h3>\n<p>1967 y\u0131l\u0131nda g&uuml;zellik yar\u0131\u015fmas\u0131nda derece yapan Serpil &Ouml;r&uuml;mcer o y\u0131llarda ad\u0131ndan s&ouml;z ettirmeyi ba\u015farm\u0131\u015ft\u0131.&nbsp;<br \/>Uzun y\u0131llar maddi zorluklar ya\u015fayan &Ouml;r&uuml;mcer \u015fu s\u0131ralar sa\u011fl\u0131k problemleriyle kar\u015f\u0131 kar\u015f\u0131ya.<\/p>\n<p><img decoding=\"async\" src=\"https:\/\/www.tgrthaber.com\/mavikadin\/wp-content\/images\/haberler\/24-10\/31\/haber-iciii-serpilll.jpg\" alt=\"\" title=\"\"><\/p><\/p>\n","protected":false},"excerpt":{"rendered":"<p>Ye\u015fil\u00e7am&#8217;\u0131n sevilen isimlerinden Serpil \u00d6r\u00fcmcer aya\u011f\u0131n\u0131n k\u0131r\u0131ld\u0131\u011f\u0131n\u0131 duyurmu\u015ftu. \u015eimdi de aya\u011f\u0131n\u0131n kesilme riski bulundu\u011funu ifade eden \u00d6r\u00fcmcer sosyal medya hesab\u0131ndan yard\u0131m \u00e7a\u011fr\u0131s\u0131 yapt\u0131. Ye\u015fil&ccedil;am&#8217;\u0131n unutulmaz isimlerinden Serpil &Ouml;r&uuml;mcer, aya\u011f\u0131n\u0131n k\u0131r\u0131ld\u0131\u011f\u0131n\u0131 belirterek; &#8220;Gitti\u011fim sa\u011fl\u0131k kurumlar\u0131, ameliyat g&uuml;n&uuml;n&uuml; ileri tarihe veriyor. Aya\u011f\u0131m\u0131n kesilme riski varm\u0131\u015f&#8221; \u015feklinde payla\u015f\u0131mda &nbsp;bulunarak yard\u0131m &ccedil;a\u011fr\u0131s\u0131 yapt\u0131. SERP\u0130L &Ouml;R&Uuml;MCER&#8217;DEN YARDIM &Ccedil;A\u011eRISI: AYA\u011eIM KES\u0130LEB\u0130L\u0130R [&hellip;]<\/p>\n","protected":false},"author":5,"featured_media":91118,"comment_status":"closed","ping_status":"open","sticky":false,"template":"","format":"standard","meta":{"rank_math_lock_modified_date":false,"footnotes":""},"categories":[76],"tags":[59242,173,47999,41985,667],"class_list":["post-91119","post","type-post","status-publish","format-standard","has-post-thumbnail","hentry","category-magazin","tag-ayak-kesilmesi","tag-saglik","tag-serpil-orumcer","tag-yardim-cagrisi","tag-yesilcam"],"_links":{"self":[{"href":"https:\/\/www.tgrthaber.com\/mavikadin\/wp-json\/wp\/v2\/posts\/91119"}],"collection":[{"href":"https:\/\/www.tgrthaber.com\/mavikadin\/wp-json\/wp\/v2\/posts"}],"about":[{"href":"https:\/\/www.tgrthaber.com\/mavikadin\/wp-json\/wp\/v2\/types\/post"}],"author":[{"embeddable":true,"href":"https:\/\/www.tgrthaber.com\/mavikadin\/wp-json\/wp\/v2\/users\/5"}],"replies":[{"embeddable":true,"href":"https:\/\/www.tgrthaber.com\/mavikadin\/wp-json\/wp\/v2\/comments?post=91119"}],"version-history":[{"count":1,"href":"https:\/\/www.tgrthaber.com\/mavikadin\/wp-json\/wp\/v2\/posts\/91119\/revisions"}],"predecessor-version":[{"id":91120,"href":"https:\/\/www.tgrthaber.com\/mavikadin\/wp-json\/wp\/v2\/posts\/91119\/revisions\/91120"}],"wp:featuredmedia":[{"embeddable":true,"href":"https:\/\/www.tgrthaber.com\/mavikadin\/wp-json\/wp\/v2\/media\/91118"}],"wp:attachment":[{"href":"https:\/\/www.tgrthaber.com\/mavikadin\/wp-json\/wp\/v2\/media?parent=91119"}],"wp:term":[{"taxonomy":"category","embeddable":true,"href":"https:\/\/www.tgrthaber.com\/mavikadin\/wp-json\/wp\/v2\/categories?post=91119"},{"taxonomy":"post_tag","embeddable":true,"href":"https:\/\/www.tgrthaber.com\/mavikadin\/wp-json\/wp\/v2\/tags?post=91119"}],"curies":[{"name":"wp","href":"https:\/\/api.w.org\/{rel}","templated":true}]}}