{"id":91210,"date":"2024-10-31T20:55:01","date_gmt":"2024-10-31T17:55:01","guid":{"rendered":"https:\/\/www.tgrthaber.com\/mavikadin\/?p=91210"},"modified":"2024-11-15T15:45:22","modified_gmt":"2024-11-15T12:45:22","slug":"serenay-sarikayadan-mert-demir-ile-yeni-romantik-pozlar","status":"publish","type":"post","link":"https:\/\/www.tgrthaber.com\/mavikadin\/serenay-sarikayadan-mert-demir-ile-yeni-romantik-pozlar\/","title":{"rendered":"Serenay Sar\u0131kaya&#8217;dan Mert Demir ile yeni romantik pozlar"},"content":{"rendered":"<p>Serenay Sar\u0131kaya, Instagram hesab\u0131nda sevgilisi Mert Demir ile romantik foto\u011fraflar\u0131n\u0131 pe\u015f pe\u015fe payla\u015ft\u0131. \u00dcnl\u00fc oyuncu, g\u00f6nderisine &#8220;Benden elli ton&#8221; notunu ekledi.<\/p>\n<p>Duru\u015fuyla dikkat &ccedil;eken ve yer ald\u0131\u011f\u0131 her projeyle izleyiciyi ekran ba\u015f\u0131na &ccedil;eken Serenay Sar\u0131kaya, son zamanlarda kariyerinden ziyade &ouml;zel ya\u015fam\u0131yla g&uuml;ndemde. &Uuml;nl&uuml; isim \u015fimdi de dakikalar &ouml;nce sevgilisi Mert Demir ile payla\u015ft\u0131\u011f\u0131 foto\u011fraflarla ad\u0131ndan s&ouml;z ettirdi.<\/p>\n<h3>AYRILDIKLARI \u0130DD\u0130A ED\u0130LM\u0130\u015eT\u0130<\/h3>\n<p>Bir s&uuml;redir tan\u0131nm\u0131\u015f m&uuml;zisyen Mert Demir ile beraberlik ya\u015fayan Serenay Sar\u0131kaya, zaman zaman ili\u015fkisi sebebiyle yo\u011fun ele\u015ftirilere maruz kalsa da t&uuml;m olumsuz yorumlar\u0131 g&ouml;rmezden geliyor.&nbsp;Son haftalarda &ccedil;iftin ayr\u0131ld\u0131\u011f\u0131 ve Mert Demir&#8217;in yeniden bir araya gelmek i&ccedil;in bir sevda \u015fark\u0131s\u0131 yazd\u0131\u011f\u0131 bile &ouml;ne s&uuml;r&uuml;lm&uuml;\u015ft&uuml;.<\/p>\n<p>Sar\u0131kaya ve Demir ikilisini birlikte &ccedil;ok s\u0131k g&ouml;remesek de ili\u015fkilerini sosyal medya hesaplar\u0131nda yapt\u0131klar\u0131 payla\u015f\u0131mlar ve yorumlarla takip edebiliyoruz. Bu kez ise Serenay Sar\u0131kaya&#8217;dan payla\u015f\u0131m geldi.<\/p>\n<p><img decoding=\"async\" src=\"https:\/\/www.tgrthaber.com\/mavikadin\/wp-content\/images\/haberler\/24-10\/31\/fifty-shades-of-me-lastcouplemonths-3.jpg\" alt=\"\" title=\"\"><\/p>\n<h3>SERENAY SARIKAYA&#8217;DAN MERT DEM\u0130RL\u0130 YEN\u0130 PAYLA\u015eIM<\/h3>\n<p>Payla\u015f\u0131m\u0131na &#8220;benden elli ton&#8221; notunu ekleyen Serenay Sar\u0131kaya, kendi foto\u011fraflar\u0131n\u0131 ard\u0131 ard\u0131na s\u0131ralarken aralara sevgilisi Mert Demir ile olan karelerini de eklemeyi unutmad\u0131. Serenay Sar\u0131kaya&rsquo;n\u0131n yeni payla\u015f\u0131m\u0131, sosyal medya takip&ccedil;ileri taraf\u0131ndan hem be\u011feni hem de yorumlarla adeta ilgi oda\u011f\u0131 oldu.<\/p>\n<p><img decoding=\"async\" src=\"https:\/\/www.tgrthaber.com\/mavikadin\/wp-content\/images\/haberler\/24-10\/31\/fifty-shades-of-me-lastcouplemonths-2.jpg\" alt=\"\" title=\"\"><\/p>\n<\/p>\n<p>&nbsp;<\/p>\n","protected":false},"excerpt":{"rendered":"<p>Serenay Sar\u0131kaya, Instagram hesab\u0131nda sevgilisi Mert Demir ile romantik foto\u011fraflar\u0131n\u0131 pe\u015f pe\u015fe payla\u015ft\u0131. \u00dcnl\u00fc oyuncu, g\u00f6nderisine &#8220;Benden elli ton&#8221; notunu ekledi. Duru\u015fuyla dikkat &ccedil;eken ve yer ald\u0131\u011f\u0131 her projeyle izleyiciyi ekran ba\u015f\u0131na &ccedil;eken Serenay Sar\u0131kaya, son zamanlarda kariyerinden ziyade &ouml;zel ya\u015fam\u0131yla g&uuml;ndemde. &Uuml;nl&uuml; isim \u015fimdi de dakikalar &ouml;nce sevgilisi Mert Demir ile payla\u015ft\u0131\u011f\u0131 foto\u011fraflarla ad\u0131ndan [&hellip;]<\/p>\n","protected":false},"author":2,"featured_media":91209,"comment_status":"closed","ping_status":"open","sticky":false,"template":"","format":"standard","meta":{"rank_math_lock_modified_date":false,"footnotes":""},"categories":[76],"tags":[40337,3278,2688,43101],"class_list":["post-91210","post","type-post","status-publish","format-standard","has-post-thumbnail","hentry","category-magazin","tag-ask","tag-mert-demir","tag-serenay-sarikaya","tag-yeni-fotograflar"],"_links":{"self":[{"href":"https:\/\/www.tgrthaber.com\/mavikadin\/wp-json\/wp\/v2\/posts\/91210"}],"collection":[{"href":"https:\/\/www.tgrthaber.com\/mavikadin\/wp-json\/wp\/v2\/posts"}],"about":[{"href":"https:\/\/www.tgrthaber.com\/mavikadin\/wp-json\/wp\/v2\/types\/post"}],"author":[{"embeddable":true,"href":"https:\/\/www.tgrthaber.com\/mavikadin\/wp-json\/wp\/v2\/users\/2"}],"replies":[{"embeddable":true,"href":"https:\/\/www.tgrthaber.com\/mavikadin\/wp-json\/wp\/v2\/comments?post=91210"}],"version-history":[{"count":1,"href":"https:\/\/www.tgrthaber.com\/mavikadin\/wp-json\/wp\/v2\/posts\/91210\/revisions"}],"predecessor-version":[{"id":91211,"href":"https:\/\/www.tgrthaber.com\/mavikadin\/wp-json\/wp\/v2\/posts\/91210\/revisions\/91211"}],"wp:featuredmedia":[{"embeddable":true,"href":"https:\/\/www.tgrthaber.com\/mavikadin\/wp-json\/wp\/v2\/media\/91209"}],"wp:attachment":[{"href":"https:\/\/www.tgrthaber.com\/mavikadin\/wp-json\/wp\/v2\/media?parent=91210"}],"wp:term":[{"taxonomy":"category","embeddable":true,"href":"https:\/\/www.tgrthaber.com\/mavikadin\/wp-json\/wp\/v2\/categories?post=91210"},{"taxonomy":"post_tag","embeddable":true,"href":"https:\/\/www.tgrthaber.com\/mavikadin\/wp-json\/wp\/v2\/tags?post=91210"}],"curies":[{"name":"wp","href":"https:\/\/api.w.org\/{rel}","templated":true}]}}