{"id":91213,"date":"2024-10-31T21:12:35","date_gmt":"2024-10-31T18:12:35","guid":{"rendered":"https:\/\/www.tgrthaber.com\/mavikadin\/?p=91213"},"modified":"2024-11-15T15:45:27","modified_gmt":"2024-11-15T12:45:27","slug":"hayranlarina-mujde-ata-demirer-gazinosunun-tarihleri-aciklandi","status":"publish","type":"post","link":"https:\/\/www.tgrthaber.com\/mavikadin\/hayranlarina-mujde-ata-demirer-gazinosunun-tarihleri-aciklandi\/","title":{"rendered":"Hayranlar\u0131na m\u00fcjde! Ata Demirer Gazinosu&#8217;nun tarihleri a\u00e7\u0131kland\u0131"},"content":{"rendered":"<p>\u00dcnl\u00fc komedyen ve sanat\u00e7\u0131 Ata Demirer, BKM Organizasyonu ile birlikte sahne performanslar\u0131na devam ediyor. \u00dcnl\u00fc komedyenin  sahneye \u00e7\u0131kaca\u011f\u0131 tarih a\u00e7\u0131kland\u0131.<\/p>\n<p class=\"p1\">&Uuml;nl&uuml; komedyen ve sanat&ccedil;\u0131 Ata Demirer, BKM Organizasyonu ile sahne performanslar\u0131na h\u0131z kesmeden devam ediyor. Hayranlar\u0131yla bulu\u015fmak i&ccedil;in sab\u0131rs\u0131zlanan Demirer&rsquo;in sahneye &ccedil;\u0131kaca\u011f\u0131 tarih de nihayet a&ccedil;\u0131kland\u0131. Kendine has mizah anlay\u0131\u015f\u0131 ve etkileyici repertuvar\u0131yla izleyicilere e\u011flenceli anlar ya\u015fatacak olan Demirer, g&ouml;sterilerinde T&uuml;rk sanat m&uuml;zi\u011finden pop m&uuml;zi\u011fine, kahkaha dolu stand-up g&ouml;sterilerine kadar geni\u015f bir yelpazede performans sergileyecek. Peki Ata Demirer Gazinosu tarihi ne zaman? \u0130\u015fte cevab\u0131&#8230;&nbsp;<\/p>\n<h3 class=\"p1\">ATA DEM\u0130RER GAZ\u0130NOSU TAR\u0130HLER\u0130 A&Ccedil;IKLANDI&nbsp;<\/h3>\n<p class=\"p1\">&Uuml;nl&uuml; komedyen ve sanat&ccedil;\u0131 Ata Demirer, BKM Organizasyonu ile birlikte sahne performanslar\u0131na devam ediyor. &#8216;Ata Demirer Gazinosu&#8217;, 8 Kas\u0131m&#8217;dan itibaren hayranlar\u0131yla bir araya gelmeye haz\u0131rlan\u0131yor.<\/p>\n<p class=\"p1\"><img loading=\"lazy\" decoding=\"async\" src=\"https:\/\/www.tgrthaber.com\/mavikadin\/wp-content\/images\/haberler\/24-10\/31\/ekran-resmi-2024-10-31-211806.png\" width=\"650\" height=\"458\" alt=\"\" title=\"\"><\/p>\n<p class=\"p1\">Show, T&uuml;rk sanat m&uuml;zi\u011finden operaya, t&uuml;rk&uuml;lerden pop m&uuml;zi\u011fine ve arabeske kadar geni\u015f bir repertuvara sahip. Ayr\u0131ca, Demirer&rsquo;in kahkaha dolu stand-up g&ouml;sterileriyle izleyicilere unutulmaz bir deneyim sunacak.<\/p>\n<p class=\"p1\"><img decoding=\"async\" src=\"https:\/\/www.tgrthaber.com\/mavikadin\/wp-content\/images\/haberler\/24-10\/31\/ekran-resmi-2024-10-31-211813.png\" alt=\"\" title=\"\"><\/p>\n<p class=\"p1\">Ata Demirer&#8217;e, sahnede usta m&uuml;zisyen Ta\u015fk\u0131n Sabah&#8217;\u0131n y&ouml;netimindeki orkestra e\u015flik edecek. &#8216;Ata Demirer Gazinosu&#8217; 8, 26 ve 27 Kas\u0131m tarihlerinde Zorlu PSM&rsquo;de, 12 ve 13 Aral\u0131k&rsquo;ta Bostanc\u0131 G&ouml;steri Merkezi&rsquo;nde ve 12 \u015eubat 2025&rsquo;te Congresium Ankara&rsquo;da seyircilerin kar\u015f\u0131s\u0131na &ccedil;\u0131kacak.<\/p>\n<p class=\"p1\"><img loading=\"lazy\" decoding=\"async\" src=\"https:\/\/www.tgrthaber.com\/mavikadin\/wp-content\/images\/haberler\/24-10\/31\/ekran-resmi-2024-10-31-211817.png\" width=\"662\" height=\"546\" alt=\"\" title=\"\"><\/p>\n<p class=\"p1\">\n<p class=\"p2\">&nbsp;<\/p>\n<p class=\"p3\">&nbsp;<\/p>\n","protected":false},"excerpt":{"rendered":"<p>\u00dcnl\u00fc komedyen ve sanat\u00e7\u0131 Ata Demirer, BKM Organizasyonu ile birlikte sahne performanslar\u0131na devam ediyor. \u00dcnl\u00fc komedyenin sahneye \u00e7\u0131kaca\u011f\u0131 tarih a\u00e7\u0131kland\u0131. &Uuml;nl&uuml; komedyen ve sanat&ccedil;\u0131 Ata Demirer, BKM Organizasyonu ile sahne performanslar\u0131na h\u0131z kesmeden devam ediyor. Hayranlar\u0131yla bulu\u015fmak i&ccedil;in sab\u0131rs\u0131zlanan Demirer&rsquo;in sahneye &ccedil;\u0131kaca\u011f\u0131 tarih de nihayet a&ccedil;\u0131kland\u0131. Kendine has mizah anlay\u0131\u015f\u0131 ve etkileyici repertuvar\u0131yla izleyicilere e\u011flenceli [&hellip;]<\/p>\n","protected":false},"author":16,"featured_media":91212,"comment_status":"closed","ping_status":"open","sticky":false,"template":"","format":"standard","meta":{"rank_math_lock_modified_date":false,"footnotes":""},"categories":[76],"tags":[4269,45299,18964,42827,1645],"class_list":["post-91213","post","type-post","status-publish","format-standard","has-post-thumbnail","hentry","category-magazin","tag-ata-demirer","tag-bkm","tag-etkinlik","tag-gazino","tag-konser"],"_links":{"self":[{"href":"https:\/\/www.tgrthaber.com\/mavikadin\/wp-json\/wp\/v2\/posts\/91213"}],"collection":[{"href":"https:\/\/www.tgrthaber.com\/mavikadin\/wp-json\/wp\/v2\/posts"}],"about":[{"href":"https:\/\/www.tgrthaber.com\/mavikadin\/wp-json\/wp\/v2\/types\/post"}],"author":[{"embeddable":true,"href":"https:\/\/www.tgrthaber.com\/mavikadin\/wp-json\/wp\/v2\/users\/16"}],"replies":[{"embeddable":true,"href":"https:\/\/www.tgrthaber.com\/mavikadin\/wp-json\/wp\/v2\/comments?post=91213"}],"version-history":[{"count":1,"href":"https:\/\/www.tgrthaber.com\/mavikadin\/wp-json\/wp\/v2\/posts\/91213\/revisions"}],"predecessor-version":[{"id":91214,"href":"https:\/\/www.tgrthaber.com\/mavikadin\/wp-json\/wp\/v2\/posts\/91213\/revisions\/91214"}],"wp:featuredmedia":[{"embeddable":true,"href":"https:\/\/www.tgrthaber.com\/mavikadin\/wp-json\/wp\/v2\/media\/91212"}],"wp:attachment":[{"href":"https:\/\/www.tgrthaber.com\/mavikadin\/wp-json\/wp\/v2\/media?parent=91213"}],"wp:term":[{"taxonomy":"category","embeddable":true,"href":"https:\/\/www.tgrthaber.com\/mavikadin\/wp-json\/wp\/v2\/categories?post=91213"},{"taxonomy":"post_tag","embeddable":true,"href":"https:\/\/www.tgrthaber.com\/mavikadin\/wp-json\/wp\/v2\/tags?post=91213"}],"curies":[{"name":"wp","href":"https:\/\/api.w.org\/{rel}","templated":true}]}}