{"id":91219,"date":"2024-10-31T22:26:00","date_gmt":"2024-10-31T19:26:00","guid":{"rendered":"https:\/\/www.tgrthaber.com\/mavikadin\/?p=91219"},"modified":"2024-11-15T15:45:36","modified_gmt":"2024-11-15T12:45:36","slug":"masterchef-akin-kimdir-nereli-ve-kac-yasinda-iste-masterchef-akin-kiziltas-hakkinda-merak-edilenler","status":"publish","type":"post","link":"https:\/\/www.tgrthaber.com\/mavikadin\/masterchef-akin-kimdir-nereli-ve-kac-yasinda-iste-masterchef-akin-kiziltas-hakkinda-merak-edilenler\/","title":{"rendered":"MasterChef Ak\u0131n kimdir, nereli ve ka\u00e7 ya\u015f\u0131nda? \u0130\u015fte MasterChef Ak\u0131n K\u0131z\u0131lta\u015f hakk\u0131nda merak edilenler&#8230;"},"content":{"rendered":"<p>MasterChef yar\u0131\u015fmac\u0131lar\u0131ndan Ak\u0131n K\u0131z\u0131lta\u015f, 7 Eyl\u00fcl 2024 Cumartesi g\u00fcn\u00fc ekrana gelen b\u00f6l\u00fcmde izleyicilerin ilgisini \u00fczerine \u00e7ekti. Yedeklerden gelip ana kadroya kat\u0131lmay\u0131 ba\u015faran \u00fc\u00e7\u00fcnc\u00fc yar\u0131\u015fmac\u0131 olan gen\u00e7 yetenek, hem j\u00fcri hem de seyirciler taraf\u0131ndan yak\u0131ndan takip ediliyor. Peki, Ak\u0131n K\u0131z\u0131lta\u015f kimdir, nereli ve ka\u00e7 ya\u015f\u0131nda? \u0130\u015fte Ak\u0131n K\u0131z\u0131lta\u015f\u2019\u0131n hayat\u0131na dair t\u00fcm merak edilenler\u2026<\/p>\n<p class=\"p1\">MasterChef T&uuml;rkiye&rsquo;de 7. eleme aday\u0131 olarak dikkat &ccedil;eken Ak\u0131n K\u0131z\u0131lta\u015f, izleyicilerin ilgi oda\u011f\u0131 haline geldi. Mehmet Yal&ccedil;\u0131nkaya, Danilo Zanna ve Somer Sivrio\u011flu&#8217;nun j&uuml;ri koltu\u011funda oturdu\u011fu programda yedeklerden gelip ana kadroya kat\u0131lan &uuml;&ccedil;&uuml;nc&uuml; yar\u0131\u015fmac\u0131 olan Ak\u0131n, dikkat &ccedil;eken isimlerden. \u0130\u015fte MasterChef yar\u0131\u015fmac\u0131s\u0131 Ak\u0131n K\u0131z\u0131lta\u015f hakk\u0131nda merak edilen ayr\u0131nt\u0131lar&#8230;<\/p>\n<h3 class=\"p1\">AKIN KIZILTA\u015e K\u0130MD\u0130R?<\/h3>\n<p class=\"p1\">28 ya\u015f\u0131nda olan Ak\u0131n K\u0131z\u0131lta\u015f, yemek yapma tutkusunu MasterChef&rsquo;te t&uuml;m detaylar\u0131yla g&ouml;steriyor. Mersinli olan gen&ccedil; yar\u0131\u015fmac\u0131, mutfak d&uuml;nyas\u0131nda 10 y\u0131l\u0131 a\u015fk\u0131n s&uuml;redir deneyim kazanm\u0131\u015f.<span class=\"Apple-converted-space\">&nbsp;<\/span><\/p>\n<p class=\"p1\"><span class=\"Apple-converted-space\"><img decoding=\"async\" src=\"https:\/\/www.tgrthaber.com\/mavikadin\/wp-content\/images\/haberler\/24-10\/31\/ekran-resmi-2024-10-31-223309.png\" alt=\"\" title=\"\"><\/span><\/p>\n<p class=\"p1\">Ailesinde a\u015f&ccedil;\u0131l\u0131k gelene\u011fini s&uuml;rd&uuml;ren Ak\u0131n, babas\u0131 ve a\u011fabeyiyle ayn\u0131 meslekte yer al\u0131yor. Instagram hesab\u0131n\u0131 aktif olarak kullanan K\u0131z\u0131lta\u015f&rsquo;\u0131n kulland\u0131\u011f\u0131 hesab\u0131, @akinkiziltas01.<span class=\"Apple-converted-space\">&nbsp;<\/span><\/p>\n<p class=\"p1\"><span class=\"Apple-converted-space\"><img decoding=\"async\" src=\"https:\/\/www.tgrthaber.com\/mavikadin\/wp-content\/images\/haberler\/24-10\/31\/ekran-resmi-2024-10-31-223316.png\" alt=\"\" title=\"\"><\/span><\/p>\n<p class=\"p1\">Yar\u0131\u015fmaya dair duygular\u0131n\u0131 payla\u015fan Ak\u0131n, &ldquo;Bu kadar &ccedil;ok oyuna &ccedil;\u0131k\u0131p sonunda b&ouml;yle g&uuml;lece\u011fimi hi&ccedil; tahmin etmezdim,&rdquo; diyerek heyecan\u0131n\u0131 dile getirdi.<\/p>\n<p class=\"p2\">\n<p class=\"p3\">&nbsp;<\/p>\n","protected":false},"excerpt":{"rendered":"<p>MasterChef yar\u0131\u015fmac\u0131lar\u0131ndan Ak\u0131n K\u0131z\u0131lta\u015f, 7 Eyl\u00fcl 2024 Cumartesi g\u00fcn\u00fc ekrana gelen b\u00f6l\u00fcmde izleyicilerin ilgisini \u00fczerine \u00e7ekti. Yedeklerden gelip ana kadroya kat\u0131lmay\u0131 ba\u015faran \u00fc\u00e7\u00fcnc\u00fc yar\u0131\u015fmac\u0131 olan gen\u00e7 yetenek, hem j\u00fcri hem de seyirciler taraf\u0131ndan yak\u0131ndan takip ediliyor. Peki, Ak\u0131n K\u0131z\u0131lta\u015f kimdir, nereli ve ka\u00e7 ya\u015f\u0131nda? \u0130\u015fte Ak\u0131n K\u0131z\u0131lta\u015f\u2019\u0131n hayat\u0131na dair t\u00fcm merak edilenler\u2026 MasterChef T&uuml;rkiye&rsquo;de 7. [&hellip;]<\/p>\n","protected":false},"author":16,"featured_media":91218,"comment_status":"closed","ping_status":"open","sticky":false,"template":"","format":"standard","meta":{"rank_math_lock_modified_date":false,"footnotes":""},"categories":[76],"tags":[55619,55617,54254,59292,39043],"class_list":["post-91219","post","type-post","status-publish","format-standard","has-post-thumbnail","hentry","category-magazin","tag-akin-kiziltas","tag-masterchef-akin","tag-masterchef-yarismacilari","tag-nereli-kac-yasinda","tag-yemek-yarismasi"],"_links":{"self":[{"href":"https:\/\/www.tgrthaber.com\/mavikadin\/wp-json\/wp\/v2\/posts\/91219"}],"collection":[{"href":"https:\/\/www.tgrthaber.com\/mavikadin\/wp-json\/wp\/v2\/posts"}],"about":[{"href":"https:\/\/www.tgrthaber.com\/mavikadin\/wp-json\/wp\/v2\/types\/post"}],"author":[{"embeddable":true,"href":"https:\/\/www.tgrthaber.com\/mavikadin\/wp-json\/wp\/v2\/users\/16"}],"replies":[{"embeddable":true,"href":"https:\/\/www.tgrthaber.com\/mavikadin\/wp-json\/wp\/v2\/comments?post=91219"}],"version-history":[{"count":1,"href":"https:\/\/www.tgrthaber.com\/mavikadin\/wp-json\/wp\/v2\/posts\/91219\/revisions"}],"predecessor-version":[{"id":91220,"href":"https:\/\/www.tgrthaber.com\/mavikadin\/wp-json\/wp\/v2\/posts\/91219\/revisions\/91220"}],"wp:featuredmedia":[{"embeddable":true,"href":"https:\/\/www.tgrthaber.com\/mavikadin\/wp-json\/wp\/v2\/media\/91218"}],"wp:attachment":[{"href":"https:\/\/www.tgrthaber.com\/mavikadin\/wp-json\/wp\/v2\/media?parent=91219"}],"wp:term":[{"taxonomy":"category","embeddable":true,"href":"https:\/\/www.tgrthaber.com\/mavikadin\/wp-json\/wp\/v2\/categories?post=91219"},{"taxonomy":"post_tag","embeddable":true,"href":"https:\/\/www.tgrthaber.com\/mavikadin\/wp-json\/wp\/v2\/tags?post=91219"}],"curies":[{"name":"wp","href":"https:\/\/api.w.org\/{rel}","templated":true}]}}