{"id":91225,"date":"2024-10-31T23:21:01","date_gmt":"2024-10-31T20:21:01","guid":{"rendered":"https:\/\/www.tgrthaber.com\/mavikadin\/?p=91225"},"modified":"2024-11-15T15:45:45","modified_gmt":"2024-11-15T12:45:45","slug":"yuzuklerin-efendisi-rohirrim-savasi-animasyon-nerede-ne-zaman-yayinlanacak","status":"publish","type":"post","link":"https:\/\/www.tgrthaber.com\/mavikadin\/yuzuklerin-efendisi-rohirrim-savasi-animasyon-nerede-ne-zaman-yayinlanacak\/","title":{"rendered":"Y\u00fcz\u00fcklerin Efendisi Rohirrim Sava\u015f\u0131 animasyon nerede, ne zaman yay\u0131nlanacak?"},"content":{"rendered":"<p>Warner Bros Discovery, merakla beklenen animasyon filmi Y\u00fcz\u00fcklerin Efendisi: Rohirrim Sava\u015f\u0131 i\u00e7in g\u00f6sterim tarihini ileri bir tarihe ald\u0131. Yeni bir planlamayla birlikte Rohirrim\u2019in Sava\u015f\u0131 izleyicileriyle ne zaman bulu\u015facak? \u0130\u015fte detaylar&#8230;<\/p>\n<p class=\"p1\">Y&uuml;z&uuml;klerin Efendisi hayranlar\u0131 heyecanla Y&uuml;z&uuml;klerin Efendisi: Rohirrim&rsquo;in Sava\u015f\u0131 animasyon filminin yay\u0131nlanmas\u0131n\u0131 bekliyor. Peki Y&uuml;z&uuml;klerin Efendisi Rohirrim Sava\u015f\u0131 animasyon filmi ne zaman, nerede yay\u0131nlanacak? \u0130\u015fte t&uuml;m merak edilen sorular\u0131n cevaplar\u0131&#8230;&nbsp;<\/p>\n<h3 class=\"p2\">Y&Uuml;Z&Uuml;KLER\u0130N EFEND\u0130S\u0130 ROH\u0130RR\u0130M SAVA\u015eI KONUSU NE?<\/h3>\n<p class=\"p4\">\u0130lk olarak Haziran 2021&#8217;de duyurulan bu animasyon fantezi filmi, Orta D&uuml;nya&rsquo;n\u0131n g&uuml;&ccedil;l&uuml; karakterlerinden Rohan&rsquo;\u0131n dokuzuncu kral\u0131 Mi\u011ffer Tokmakel&rsquo;in efsanevi hikayesini anlatmaya haz\u0131rlan\u0131yor. Mi\u011ffer Tokmakel&rsquo;in ad\u0131n\u0131 ta\u015f\u0131yan Mi\u011ffer Dibi&#8217;nin ge&ccedil;mi\u015fini de detayland\u0131racak olan yap\u0131m, Jeffrey Addiss ve Will Matthews&rsquo;un kaleminden &ccedil;\u0131kan bir senaryo ile animat&ouml;r Kenji Kamiyama&#8217;n\u0131n y&ouml;netmenli\u011finde beyaz perdeye ta\u015f\u0131nacak. Orijinal <em>Y&uuml;z&uuml;klerin Efendisi<\/em> filmlerinin senaristlerinden Philippa Boyens de projeye dan\u0131\u015fman olarak katk\u0131 sa\u011fl\u0131yor.<\/p>\n<p class=\"p4\"><img loading=\"lazy\" decoding=\"async\" src=\"https:\/\/www.tgrthaber.com\/mavikadin\/wp-content\/images\/haberler\/24-10\/31\/ekran-resmi-2024-10-31-234535.png\" width=\"635\" height=\"398\" alt=\"\" title=\"\"><\/p>\n<p class=\"p4\"><em>Y&uuml;z&uuml;klerin Efendisi: Rohirrim&rsquo;in Sava\u015f\u0131<\/em>, Y&uuml;z&uuml;klerin Efendisi hik&acirc;yesinden tam 183 y\u0131l &ouml;ncesini konu al\u0131yor ve Rohan Kral\u0131 Mi\u011ffer&rsquo;in destans\u0131 m&uuml;cadelesini g&ouml;zler &ouml;n&uuml;ne seriyor. Bu hik&acirc;ye, topraklar\u0131n\u0131 ele ge&ccedil;irmek isteyen Dunlending ordusuna kar\u015f\u0131 amans\u0131z bir savunma yapmak zorunda kalan Mi\u011ffer Tokmakel&rsquo;in efsanesini merkezine al\u0131yor.<\/p>\n<p class=\"p4\"><img loading=\"lazy\" decoding=\"async\" src=\"https:\/\/www.tgrthaber.com\/mavikadin\/wp-content\/images\/haberler\/24-10\/31\/ekran-resmi-2024-10-31-234541.png\" width=\"662\" height=\"396\" alt=\"\" title=\"\"><\/p>\n<p class=\"p4\">Tolkien&rsquo;in d&uuml;nyas\u0131nda, Eorl Hanesi&#8217;nden gelen Hammerhand ad\u0131yla bilinen bu kral, halk\u0131n\u0131 Dunlending&#8217;lerin zorbal\u0131\u011f\u0131na kar\u015f\u0131 cesurca savunmas\u0131 ve bu tehlikeli kabileye kar\u015f\u0131 verdi\u011fi rehberlikle hat\u0131rlan\u0131yor. Rohan&rsquo;\u0131n s\u0131n\u0131rlar\u0131na musallat olan ve intikam pe\u015finde ko\u015fan bu d&uuml;\u015fman kabileye kar\u015f\u0131 halk\u0131na umut a\u015f\u0131layan Mi\u011ffer, bu filmde efsanesini yeniden yazacak.<\/p>\n<p class=\"p4\"><img loading=\"lazy\" decoding=\"async\" src=\"https:\/\/www.tgrthaber.com\/mavikadin\/wp-content\/images\/haberler\/24-10\/31\/ekran-resmi-2024-10-31-234546.png\" width=\"677\" height=\"372\" alt=\"\" title=\"\"><\/p>\n<h3 class=\"p2\">F\u0130LM YALNIZCA AN\u0130MASYON HAYRANLARI \u0130&Ccedil;\u0130N M\u0130?<\/h3>\n<p class=\"p4\"><em>Rohirrim&rsquo;in Sava\u015f\u0131<\/em> animasyon filmi, sadece animasyon tutkunlar\u0131 i&ccedil;in de\u011fil, Y&uuml;z&uuml;klerin Efendisi evreninin hayranlar\u0131 i&ccedil;in de adeta hayata ge&ccedil;en bir r&uuml;ya niteli\u011finde. Mi\u011ffer Dibi&#8217;ne ad\u0131n\u0131 veren bu destans\u0131 sava\u015f\u0131 izleme f\u0131rsat\u0131, pek &ccedil;ok ki\u015fi i&ccedil;in b&uuml;y&uuml;k bir heyecan kayna\u011f\u0131. Filmde, Rohan&#8217;\u0131n efsanevi kral\u0131 Helm Hammerhand&#8217;i Brian Cox canland\u0131r\u0131rken, onun cesur k\u0131z\u0131 Hera&rsquo;ya Gaia Wise oynuyor. Dunlending&rsquo;lerin ac\u0131mas\u0131z lideri Wulf rol&uuml;nde Luke Pasqualino, Fr&eacute;al&aacute;f Hildeson karakterinde Laurence Ubong Williams ve Wulf&rsquo;un h\u0131rsl\u0131 babas\u0131 Freca olarak ise Shaun Dooley gibi isimler yer al\u0131yor. Bu g&uuml;&ccedil;l&uuml; kadro, Mi\u011ffer Dibi&#8217;nin hikayesini sinematik bir \u015f&ouml;len haline getirmeye haz\u0131rlan\u0131yor.<\/p>\n<p class=\"p4\"><img loading=\"lazy\" decoding=\"async\" src=\"https:\/\/www.tgrthaber.com\/mavikadin\/wp-content\/images\/haberler\/24-10\/31\/ekran-resmi-2024-10-31-234552.png\" width=\"719\" height=\"425\" alt=\"\" title=\"\"><\/p>\n<h3 class=\"p4\">Y&Uuml;Z&Uuml;KLER\u0130N EFEND\u0130S\u0130 ROH\u0130RR\u0130M SAVA\u015eI NEREDE, NE ZAMAN YAYINLANACAK?<\/h3>\n<p class=\"p4\">Y&uuml;z&uuml;klerin Efendisi: Rohirrim&rsquo;in Sava\u015f\u0131 13 Aral\u0131k 2024&rsquo;te sinemalarda olacak.<\/p>\n<p class=\"p4\">\n<p class=\"p2\">&nbsp;<\/p>\n","protected":false},"excerpt":{"rendered":"<p>Warner Bros Discovery, merakla beklenen animasyon filmi Y\u00fcz\u00fcklerin Efendisi: Rohirrim Sava\u015f\u0131 i\u00e7in g\u00f6sterim tarihini ileri bir tarihe ald\u0131. Yeni bir planlamayla birlikte Rohirrim\u2019in Sava\u015f\u0131 izleyicileriyle ne zaman bulu\u015facak? \u0130\u015fte detaylar&#8230; Y&uuml;z&uuml;klerin Efendisi hayranlar\u0131 heyecanla Y&uuml;z&uuml;klerin Efendisi: Rohirrim&rsquo;in Sava\u015f\u0131 animasyon filminin yay\u0131nlanmas\u0131n\u0131 bekliyor. Peki Y&uuml;z&uuml;klerin Efendisi Rohirrim Sava\u015f\u0131 animasyon filmi ne zaman, nerede yay\u0131nlanacak? \u0130\u015fte t&uuml;m [&hellip;]<\/p>\n","protected":false},"author":16,"featured_media":91224,"comment_status":"closed","ping_status":"open","sticky":false,"template":"","format":"standard","meta":{"rank_math_lock_modified_date":false,"footnotes":""},"categories":[76],"tags":[1681,32160,59296,1742,3381],"class_list":["post-91225","post","type-post","status-publish","format-standard","has-post-thumbnail","hentry","category-magazin","tag-animasyon","tag-film","tag-rohirrim-savasi","tag-vizyon","tag-yuzuklerin-efendisi"],"_links":{"self":[{"href":"https:\/\/www.tgrthaber.com\/mavikadin\/wp-json\/wp\/v2\/posts\/91225"}],"collection":[{"href":"https:\/\/www.tgrthaber.com\/mavikadin\/wp-json\/wp\/v2\/posts"}],"about":[{"href":"https:\/\/www.tgrthaber.com\/mavikadin\/wp-json\/wp\/v2\/types\/post"}],"author":[{"embeddable":true,"href":"https:\/\/www.tgrthaber.com\/mavikadin\/wp-json\/wp\/v2\/users\/16"}],"replies":[{"embeddable":true,"href":"https:\/\/www.tgrthaber.com\/mavikadin\/wp-json\/wp\/v2\/comments?post=91225"}],"version-history":[{"count":1,"href":"https:\/\/www.tgrthaber.com\/mavikadin\/wp-json\/wp\/v2\/posts\/91225\/revisions"}],"predecessor-version":[{"id":91226,"href":"https:\/\/www.tgrthaber.com\/mavikadin\/wp-json\/wp\/v2\/posts\/91225\/revisions\/91226"}],"wp:featuredmedia":[{"embeddable":true,"href":"https:\/\/www.tgrthaber.com\/mavikadin\/wp-json\/wp\/v2\/media\/91224"}],"wp:attachment":[{"href":"https:\/\/www.tgrthaber.com\/mavikadin\/wp-json\/wp\/v2\/media?parent=91225"}],"wp:term":[{"taxonomy":"category","embeddable":true,"href":"https:\/\/www.tgrthaber.com\/mavikadin\/wp-json\/wp\/v2\/categories?post=91225"},{"taxonomy":"post_tag","embeddable":true,"href":"https:\/\/www.tgrthaber.com\/mavikadin\/wp-json\/wp\/v2\/tags?post=91225"}],"curies":[{"name":"wp","href":"https:\/\/api.w.org\/{rel}","templated":true}]}}