{"id":91228,"date":"2024-10-31T23:38:00","date_gmt":"2024-10-31T20:38:00","guid":{"rendered":"https:\/\/www.tgrthaber.com\/mavikadin\/?p=91228"},"modified":"2024-11-15T15:46:06","modified_gmt":"2024-11-15T12:46:06","slug":"cagatay-ulusoy-ve-ozge-yagiz-cift-mi-oluyor-heyecanlandiran-sosyal-medya-hamlesi","status":"publish","type":"post","link":"https:\/\/www.tgrthaber.com\/mavikadin\/cagatay-ulusoy-ve-ozge-yagiz-cift-mi-oluyor-heyecanlandiran-sosyal-medya-hamlesi\/","title":{"rendered":"\u00c7a\u011fatay Ulusoy ve \u00d6zge Ya\u011f\u0131z \u00e7ift mi oluyor? Heyecanland\u0131ran sosyal medya hamlesi"},"content":{"rendered":"<p>Uzun zamand\u0131r ekranlardan uzak kalan oyuncu \u00d6zge Ya\u011f\u0131z ve ekranlar\u0131n en \u00e7ok ilgi g\u00f6ren erkek oyuncular\u0131ndan \u00c7a\u011fatay Ulusoy, sosyal medya hesaplar\u0131ndan yapt\u0131klar\u0131 hamleyle ad\u0131ndan s\u00f6z ettirdi. \u0130ki \u00fcnl\u00fc ismin de \u00fcnl\u00fc senarist Ethem \u00d6z\u0131\u015f\u0131k&#8217;\u0131 takibe almas\u0131 ak\u0131llara birlikte yeni proje mi geliyor sorusunu getirdi.<\/p>\n<p>Bir s&uuml;redir kameralardan uzak bir hayat ya\u015famay\u0131 tercih eden iki &uuml;nl&uuml; ismin sosyal medya hamlesi hayranlar\u0131n\u0131 heyecanland\u0131rd\u0131. G&uuml;nl&uuml;k dizi Yemin ile ad\u0131 parlayan &Ouml;zge Ya\u011f\u0131z ve son olarak dijital bir dizi olan Terzi ile ekranlara gelen &Ccedil;a\u011fatay Ulusoy&#8217;un birlikte ayn\u0131 projede yer alacaklar\u0131 konu\u015fulmaya ba\u015fland\u0131.<\/p>\n<h3>&Ccedil;A\u011eATAY ULUSOY VE &Ouml;ZGE &Ouml;ZYILDIZ &Uuml;NL&Uuml; SENAR\u0130ST\u0130 TAK\u0130BE ALDI<\/h3>\n<p>27 ya\u015f\u0131ndaki oyuncu &Ouml;zge Ya\u011f\u0131z, son olarak Safir dizisinde bir y\u0131l boyunca ekranlarda yer alm\u0131\u015f ancak dizi daha sonra beklenen reytinge ula\u015famad\u0131\u011f\u0131 gerek&ccedil;esiyle yay\u0131ndan kald\u0131r\u0131lm\u0131\u015ft\u0131. Behzat &Ccedil;. gibi bilinen bir&ccedil;ok yap\u0131mda rol alan oyuncu, bir s&uuml;redir sessizli\u011fini koruyordu. Ya\u011f\u0131z, sadece sosyal medya hesab\u0131ndan payla\u015f\u0131m yaparak sevenleriyle hasret girmeye devam ederken, &uuml;nl&uuml; oyuncu &Ccedil;a\u011fatay Ulusoy ile ayn\u0131 anda ad\u0131 an\u0131lmaya ba\u015fland\u0131.<\/p>\n<p><img decoding=\"async\" src=\"https:\/\/www.tgrthaber.com\/mavikadin\/wp-content\/images\/haberler\/24-11\/01\/basliksiz-3.jpg\" alt=\"\" title=\"\"><\/p>\n<h3>AYNI D\u0130Z\u0130DE M\u0130 OYNAYACAKLAR?<\/h3>\n<p>&Ccedil;a\u011fatay Ulusoy ve &Ouml;zge Ya\u011f\u0131z&#8217;\u0131n ge&ccedil;ti\u011fimiz saatlerde &Ccedil;a\u011fatay Ulusoy&#8217;un ba\u015frol&uuml;n&uuml; oynamaya haz\u0131rland\u0131\u011f\u0131 E\u015fref R&uuml;ya dizisi senaristini takibe almalar\u0131 ak\u0131llara tek bir soruyu getirdi. Ulusoy&#8217;a hen&uuml;z bir rol arkada\u015f\u0131 belirlenmeyen diziye, &Ouml;zge Ya\u011f\u0131z&#8217;\u0131n dahil olaca\u011f\u0131 konu\u015fulmaya ba\u015fland\u0131 bile. Konuyla ilgili hen&uuml;z bir a&ccedil;\u0131klama gelmezken, iki &uuml;nl&uuml; ismin hayranlar\u0131 bu habere olduk&ccedil;a sevindi. \u0130ki oyuncu birbirine &ccedil;ok yak\u0131\u015ft\u0131r\u0131ld\u0131.<\/p>\n<p><img decoding=\"async\" src=\"https:\/\/www.tgrthaber.com\/mavikadin\/wp-content\/images\/haberler\/24-11\/01\/basliksiz-3ss.jpg\" alt=\"\" title=\"\"><\/p>\n<p><img decoding=\"async\" src=\"https:\/\/www.tgrthaber.com\/mavikadin\/wp-content\/images\/haberler\/24-11\/01\/basliksiz-3vvv.jpg\" alt=\"\" title=\"\"><\/p><\/p>\n","protected":false},"excerpt":{"rendered":"<p>Uzun zamand\u0131r ekranlardan uzak kalan oyuncu \u00d6zge Ya\u011f\u0131z ve ekranlar\u0131n en \u00e7ok ilgi g\u00f6ren erkek oyuncular\u0131ndan \u00c7a\u011fatay Ulusoy, sosyal medya hesaplar\u0131ndan yapt\u0131klar\u0131 hamleyle ad\u0131ndan s\u00f6z ettirdi. \u0130ki \u00fcnl\u00fc ismin de \u00fcnl\u00fc senarist Ethem \u00d6z\u0131\u015f\u0131k&#8217;\u0131 takibe almas\u0131 ak\u0131llara birlikte yeni proje mi geliyor sorusunu getirdi. Bir s&uuml;redir kameralardan uzak bir hayat ya\u015famay\u0131 tercih eden iki &uuml;nl&uuml; [&hellip;]<\/p>\n","protected":false},"author":2,"featured_media":91227,"comment_status":"closed","ping_status":"open","sticky":false,"template":"","format":"standard","meta":{"rank_math_lock_modified_date":false,"footnotes":""},"categories":[76],"tags":[2765,59297,2411,3185],"class_list":["post-91228","post","type-post","status-publish","format-standard","has-post-thumbnail","hentry","category-magazin","tag-cagatay-ulusoy","tag-ethem-ozisik","tag-ozge-yagiz","tag-yeni-dizi"],"_links":{"self":[{"href":"https:\/\/www.tgrthaber.com\/mavikadin\/wp-json\/wp\/v2\/posts\/91228"}],"collection":[{"href":"https:\/\/www.tgrthaber.com\/mavikadin\/wp-json\/wp\/v2\/posts"}],"about":[{"href":"https:\/\/www.tgrthaber.com\/mavikadin\/wp-json\/wp\/v2\/types\/post"}],"author":[{"embeddable":true,"href":"https:\/\/www.tgrthaber.com\/mavikadin\/wp-json\/wp\/v2\/users\/2"}],"replies":[{"embeddable":true,"href":"https:\/\/www.tgrthaber.com\/mavikadin\/wp-json\/wp\/v2\/comments?post=91228"}],"version-history":[{"count":1,"href":"https:\/\/www.tgrthaber.com\/mavikadin\/wp-json\/wp\/v2\/posts\/91228\/revisions"}],"predecessor-version":[{"id":91229,"href":"https:\/\/www.tgrthaber.com\/mavikadin\/wp-json\/wp\/v2\/posts\/91228\/revisions\/91229"}],"wp:featuredmedia":[{"embeddable":true,"href":"https:\/\/www.tgrthaber.com\/mavikadin\/wp-json\/wp\/v2\/media\/91227"}],"wp:attachment":[{"href":"https:\/\/www.tgrthaber.com\/mavikadin\/wp-json\/wp\/v2\/media?parent=91228"}],"wp:term":[{"taxonomy":"category","embeddable":true,"href":"https:\/\/www.tgrthaber.com\/mavikadin\/wp-json\/wp\/v2\/categories?post=91228"},{"taxonomy":"post_tag","embeddable":true,"href":"https:\/\/www.tgrthaber.com\/mavikadin\/wp-json\/wp\/v2\/tags?post=91228"}],"curies":[{"name":"wp","href":"https:\/\/api.w.org\/{rel}","templated":true}]}}