{"id":91237,"date":"2024-10-31T23:59:21","date_gmt":"2024-10-31T20:59:21","guid":{"rendered":"https:\/\/www.tgrthaber.com\/mavikadin\/?p=91237"},"modified":"2024-11-15T15:46:23","modified_gmt":"2024-11-15T12:46:23","slug":"murat-gogebakan-kalbim-yarali-filmi-ilk-kez-ekranlarda","status":"publish","type":"post","link":"https:\/\/www.tgrthaber.com\/mavikadin\/murat-gogebakan-kalbim-yarali-filmi-ilk-kez-ekranlarda\/","title":{"rendered":"Murat G\u00f6\u011febakan: Kalbim Yaral\u0131 filmi ilk kez ekranlarda!"},"content":{"rendered":"<p>Anadolu rock m\u00fczi\u011finin \u00f6nde gelen isimlerinden olan ve 31 Temmuz 2014&#8217;te kanser nedeniyle hayat\u0131n\u0131 kaybeden Murat G\u00f6\u011febakan\u2019\u0131n ger\u00e7ek ya\u015fam \u00f6yk\u00fcs\u00fcnden esinlenerek haz\u0131rlanan Murat G\u00f6\u011febakan: Kalbim Yaral\u0131 filmi, bug\u00fcn televizyonda ilk kez izleyiciyle bulu\u015facak. \u00dcnl\u00fc isimlerin yer ald\u0131\u011f\u0131 filmin hikayesi ve oyuncu kadrosu ise b\u00fcy\u00fck ilgi uyand\u0131rd\u0131. Murat G\u00f6\u011febakan: Kalbim Yaral\u0131 filminin konusu nedir, oyuncular\u0131 kimlerdir ve hangi tarihte \u00e7ekildi?<\/p>\n<p>Anadolu rock m&uuml;zi\u011finin &ouml;nemli temsilcilerinden ve 31 Temmuz 2014&#8217;te kanser nedeniyle hayat\u0131n\u0131 kaybeden Murat G&ouml;\u011febakan&#8217;\u0131n ya\u015fam &ouml;yk&uuml;s&uuml;nden uyarlanan Murat G&ouml;\u011febakan: Kalbim Yaral\u0131 filmi, bug&uuml;n televizyonda ilk kez izleyiciyle bulu\u015fuyor. &Uuml;nl&uuml; isimlerin rol ald\u0131\u011f\u0131 bu film, konusu ve oyuncu kadrosuyla b&uuml;y&uuml;k merak uyand\u0131rd\u0131.<\/p>\n<h3>MURAT G&Ouml;\u011eEBAKAN: KALB\u0130M YARALI F\u0130LM\u0130N\u0130N KONUSU<\/h3>\n<p>Murat G&ouml;\u011febakan: Kalbim Yaral\u0131 filmi, 2014 y\u0131l\u0131nda ya\u015fam\u0131n\u0131 yitiren sanat&ccedil;\u0131 Murat G&ouml;\u011febakan&rsquo;\u0131n ya\u015fam &ouml;yk&uuml;s&uuml;n&uuml; ele al\u0131yor.<\/p>\n<p>Konservatuvar e\u011fitimini bitirdikten sonra Murat, barlarda \u015fark\u0131 s&ouml;yleyip &ouml;\u011fretmenlik yaparak ge&ccedil;imini sa\u011flamaya ba\u015flar. Bir alb&uuml;m teklifi &uuml;zerine \u0130stanbul&rsquo;a gider ancak alb&uuml;m sat\u0131\u015flar\u0131ndan bekledi\u011fi ba\u015far\u0131y\u0131 yakalayamaz. Bu d&ouml;nemde ikinci e\u015fi olacak olan Selma ile tan\u0131\u015f\u0131r ve ilk e\u015fiyle yollar\u0131n\u0131 ay\u0131r\u0131r. M&uuml;zik kariyeri boyunca bir&ccedil;ok &ouml;d&uuml;l kazan\u0131r, konserler verir ve y&uuml;ksek sat\u0131\u015f rakamlar\u0131na ula\u015fan alb&uuml;mler yapar fakat maddi zorluklarla ba\u015f etmek zorunda kal\u0131r. 40 ya\u015f\u0131nda kendisine l&ouml;semi te\u015fhisi konur ancak tedavi sayesinde kanseri yener.<\/p>\n<p>&#8220;Kanseri yendim, ihaneti yenemedim!&#8221; diyen sanat&ccedil;\u0131, tedavi d&ouml;neminde e\u015fi Selma&rsquo;n\u0131n kendisini aldatt\u0131\u011f\u0131n\u0131 &ouml;\u011frenir ve bu zorlu ya\u015fam ko\u015fullar\u0131yla ikinci kez kansere yakalan\u0131r; 45 ya\u015f\u0131nda hayat\u0131n\u0131 kaybeder. Ard\u0131nda say\u0131s\u0131z alb&uuml;m, y&uuml;zlerce beste ve milyonlarca dinleyici b\u0131rak\u0131r. G&ouml;\u011febakan&rsquo;\u0131n sevenleri ona &ldquo;Sevgi \u0130nsan\u0131&rdquo; unvan\u0131n\u0131 verirler.<\/p>\n<p><img decoding=\"async\" src=\"https:\/\/www.tgrthaber.com\/mavikadin\/wp-content\/images\/haberler\/24-11\/01\/basliksiz-2ddd.jpg\" alt=\"\" title=\"\"><\/p>\n<h3>MURAT G&Ouml;\u011eEBAKAN: KALB\u0130M YARALI F\u0130LM\u0130N\u0130N OYUNCULARI<\/h3>\n<p>Burak Sevin&ccedil;<\/p>\n<p>Tuvana T&uuml;rkay<\/p>\n<p>Hande Soral<\/p>\n<p>Feride &Ccedil;etin<\/p>\n<p>Necmi Yap\u0131c\u0131<\/p>\n<p>G&uuml;ney K\u0131l\u0131n&ccedil;<\/p>\n<p>Faruk Paki\u015f<\/p>\n<p>Kadir Bertan<\/p>\n<p><img decoding=\"async\" src=\"https:\/\/www.tgrthaber.com\/mavikadin\/wp-content\/images\/haberler\/24-11\/01\/sss.jpg\" alt=\"\" title=\"\"><\/p>\n<p><img decoding=\"async\" src=\"https:\/\/www.tgrthaber.com\/mavikadin\/wp-content\/images\/haberler\/24-11\/01\/basliksiz-1.jpg\" alt=\"\" title=\"\"><\/p><\/p>\n","protected":false},"excerpt":{"rendered":"<p>Anadolu rock m\u00fczi\u011finin \u00f6nde gelen isimlerinden olan ve 31 Temmuz 2014&#8217;te kanser nedeniyle hayat\u0131n\u0131 kaybeden Murat G\u00f6\u011febakan\u2019\u0131n ger\u00e7ek ya\u015fam \u00f6yk\u00fcs\u00fcnden esinlenerek haz\u0131rlanan Murat G\u00f6\u011febakan: Kalbim Yaral\u0131 filmi, bug\u00fcn televizyonda ilk kez izleyiciyle bulu\u015facak. \u00dcnl\u00fc isimlerin yer ald\u0131\u011f\u0131 filmin hikayesi ve oyuncu kadrosu ise b\u00fcy\u00fck ilgi uyand\u0131rd\u0131. Murat G\u00f6\u011febakan: Kalbim Yaral\u0131 filminin konusu nedir, oyuncular\u0131 kimlerdir [&hellip;]<\/p>\n","protected":false},"author":2,"featured_media":91236,"comment_status":"closed","ping_status":"open","sticky":false,"template":"","format":"standard","meta":{"rank_math_lock_modified_date":false,"footnotes":""},"categories":[76],"tags":[45875,45874,38506,59305],"class_list":["post-91237","post","type-post","status-publish","format-standard","has-post-thumbnail","hentry","category-magazin","tag-kalbim-yarali","tag-murat-gogebakan","tag-turk-filmi","tag-tvde-ilk"],"_links":{"self":[{"href":"https:\/\/www.tgrthaber.com\/mavikadin\/wp-json\/wp\/v2\/posts\/91237"}],"collection":[{"href":"https:\/\/www.tgrthaber.com\/mavikadin\/wp-json\/wp\/v2\/posts"}],"about":[{"href":"https:\/\/www.tgrthaber.com\/mavikadin\/wp-json\/wp\/v2\/types\/post"}],"author":[{"embeddable":true,"href":"https:\/\/www.tgrthaber.com\/mavikadin\/wp-json\/wp\/v2\/users\/2"}],"replies":[{"embeddable":true,"href":"https:\/\/www.tgrthaber.com\/mavikadin\/wp-json\/wp\/v2\/comments?post=91237"}],"version-history":[{"count":1,"href":"https:\/\/www.tgrthaber.com\/mavikadin\/wp-json\/wp\/v2\/posts\/91237\/revisions"}],"predecessor-version":[{"id":91238,"href":"https:\/\/www.tgrthaber.com\/mavikadin\/wp-json\/wp\/v2\/posts\/91237\/revisions\/91238"}],"wp:featuredmedia":[{"embeddable":true,"href":"https:\/\/www.tgrthaber.com\/mavikadin\/wp-json\/wp\/v2\/media\/91236"}],"wp:attachment":[{"href":"https:\/\/www.tgrthaber.com\/mavikadin\/wp-json\/wp\/v2\/media?parent=91237"}],"wp:term":[{"taxonomy":"category","embeddable":true,"href":"https:\/\/www.tgrthaber.com\/mavikadin\/wp-json\/wp\/v2\/categories?post=91237"},{"taxonomy":"post_tag","embeddable":true,"href":"https:\/\/www.tgrthaber.com\/mavikadin\/wp-json\/wp\/v2\/tags?post=91237"}],"curies":[{"name":"wp","href":"https:\/\/api.w.org\/{rel}","templated":true}]}}